{"id":9073,"date":"2024-02-12T11:02:34","date_gmt":"2024-02-12T10:02:34","guid":{"rendered":"https:\/\/cocinasmetodo.es\/?p=9073"},"modified":"2024-02-12T11:01:40","modified_gmt":"2024-02-12T10:01:40","slug":"kitchens-bathrooms-met-en-avant-la-cuisine-601-de-metodo","status":"publish","type":"post","link":"https:\/\/cocinasmetodo.es\/fr\/kitchens-bathrooms-met-en-avant-la-cuisine-601-de-metodo\/","title":{"rendered":"KITCHENS &#038; BATHROOMS met en avant la cuisine 601 de M\u00e9todo"},"content":{"rendered":"<h3>\u201cLa cuisine est l&rsquo;une des pi\u00e8ces de la maison les plus riches en exp\u00e9riences\u201d<\/h3>\n<p>La prestigieuse revue du secteur des cuisines et des bains, <strong><a href=\"https:\/\/xn--revistacocinasybaos-c4b.es\/\">CUISINES ET BAINS de Curt Ediciones<\/a><\/strong>, pr\u00e9sente dans son dernier num\u00e9ro 398 qui analyse jusqu&rsquo;au d\u00e9tail la planification d&rsquo;une cuisine et dans laquelle CUISINES M\u00c9TODO dispose d&rsquo;un espace. Il pr\u00e9sente des cuisines r\u00e9elles pour des maisons r\u00e9elles parce que le magazine pense aux personnes qui utilisent les cuisines dans leur vie quotidienne ; des cuisines comme celles de M\u00e9todo, <em>Daily kitchen<\/em>.<\/p>\n<blockquote><p><strong>C&rsquo;est l\u00e0 que l&rsquo;on joue avec les sens et que l&rsquo;on pr\u00e9pare les repas quotidiens. L&rsquo;ameublement et la d\u00e9coration doivent tenir compte de ces facteurs \u00e9motionnels, en plus de la fonctionnalit\u00e9, lors de la conception de chaque nouvelle pi\u00e8ce.<\/strong><\/p><\/blockquote>\n<p>Vous \u00eates-vous d\u00e9j\u00e0 demand\u00e9 comment un design innovant pouvait transformer compl\u00e8tement votre exp\u00e9rience de la cuisine ? <a href=\"https:\/\/cocinasmetodo.es\/fr\/cuisines\/modelo-601\/\">COUSINE M601<\/a><\/p>\n<h3><a href=\"https:\/\/curtediciones.com\/producto\/cocinas-y-banos-febrero-2024\/\"><strong>ACC\u00c8S AU T\u00c9L\u00c9CHARGEMENT DU MAGAZINE EN PDF<\/strong><\/a><\/h3>\n<p><img loading=\"lazy\" decoding=\"async\" class=\"alignnone size-full wp-image-9060\" src=\"https:\/\/cocinasmetodo.es\/wp-content\/uploads\/2024\/02\/METODO-Prensa-Cocinas-y-banos-Febrero-2024.gif\" alt=\"\" width=\"648\" height=\"1152\" \/><\/p>\n<p>L&rsquo;une des caract\u00e9ristiques d&rsquo;une petite cuisine est que, en raison de son espace r\u00e9duit, elle doit \u00eatre bien organis\u00e9e, contrairement aux cuisines o\u00f9 il y a de la place pour tout. Tous ceux d&rsquo;entre nous qui ont une petite cuisine connaissent l&rsquo;importance d&rsquo;une bonne organisation, car cela permet de maintenir l&rsquo;ordre et de s&rsquo;assurer que tout est \u00e0 sa place, en gardant les ustensiles \u00e0 port\u00e9e de main sans avoir \u00e0 renoncer \u00e0 une belle esth\u00e9tique.<\/p>\n<p><img loading=\"lazy\" decoding=\"async\" class=\"alignnone size-full wp-image-7222\" src=\"https:\/\/cocinasmetodo.es\/wp-content\/uploads\/2023\/09\/metodo-cocina-modelo-601-1-scaled.jpg\" alt=\"\" width=\"2560\" height=\"1792\" srcset=\"https:\/\/cocinasmetodo.es\/wp-content\/uploads\/2023\/09\/metodo-cocina-modelo-601-1-scaled.jpg 2560w, https:\/\/cocinasmetodo.es\/wp-content\/uploads\/2023\/09\/metodo-cocina-modelo-601-1-300x210.jpg 300w, https:\/\/cocinasmetodo.es\/wp-content\/uploads\/2023\/09\/metodo-cocina-modelo-601-1-1030x721.jpg 1030w, https:\/\/cocinasmetodo.es\/wp-content\/uploads\/2023\/09\/metodo-cocina-modelo-601-1-768x538.jpg 768w, https:\/\/cocinasmetodo.es\/wp-content\/uploads\/2023\/09\/metodo-cocina-modelo-601-1-1536x1075.jpg 1536w, https:\/\/cocinasmetodo.es\/wp-content\/uploads\/2023\/09\/metodo-cocina-modelo-601-1-2048x1434.jpg 2048w, https:\/\/cocinasmetodo.es\/wp-content\/uploads\/2023\/09\/metodo-cocina-modelo-601-1-1500x1050.jpg 1500w, https:\/\/cocinasmetodo.es\/wp-content\/uploads\/2023\/09\/metodo-cocina-modelo-601-1-705x494.jpg 705w\" sizes=\"auto, (max-width: 2560px) 100vw, 2560px\" \/><\/p>\n<h3>Comment organiser une petite cuisine ?<\/h3>\n<p>Lorsque l&rsquo;on travaille sur l&rsquo;organisation de la mini-cuisine et la d\u00e9coration, une bonne solution consiste \u00e0 la placer sur un seul mur, en profitant toutefois de toute la hauteur du mur. Pour cela, il est <strong>n\u00e9cessaire de commander des meubles sur mesure afin de gagner des espaces de rangement pour organiser les ustensiles de cuisine et la vaisselle.<\/strong><\/p>\n<p><img loading=\"lazy\" decoding=\"async\" class=\"alignnone size-full wp-image-7224\" src=\"https:\/\/cocinasmetodo.es\/wp-content\/uploads\/2023\/09\/metodo-cocina-modelo-601-2.jpg\" alt=\"\" width=\"2500\" height=\"2188\" srcset=\"https:\/\/cocinasmetodo.es\/wp-content\/uploads\/2023\/09\/metodo-cocina-modelo-601-2.jpg 2500w, https:\/\/cocinasmetodo.es\/wp-content\/uploads\/2023\/09\/metodo-cocina-modelo-601-2-300x263.jpg 300w, https:\/\/cocinasmetodo.es\/wp-content\/uploads\/2023\/09\/metodo-cocina-modelo-601-2-1030x901.jpg 1030w, https:\/\/cocinasmetodo.es\/wp-content\/uploads\/2023\/09\/metodo-cocina-modelo-601-2-768x672.jpg 768w, https:\/\/cocinasmetodo.es\/wp-content\/uploads\/2023\/09\/metodo-cocina-modelo-601-2-1536x1344.jpg 1536w, https:\/\/cocinasmetodo.es\/wp-content\/uploads\/2023\/09\/metodo-cocina-modelo-601-2-2048x1792.jpg 2048w, https:\/\/cocinasmetodo.es\/wp-content\/uploads\/2023\/09\/metodo-cocina-modelo-601-2-1500x1313.jpg 1500w, https:\/\/cocinasmetodo.es\/wp-content\/uploads\/2023\/09\/metodo-cocina-modelo-601-2-705x617.jpg 705w, https:\/\/cocinasmetodo.es\/wp-content\/uploads\/2023\/09\/metodo-cocina-modelo-601-2-290x254.jpg 290w, https:\/\/cocinasmetodo.es\/wp-content\/uploads\/2023\/09\/metodo-cocina-modelo-601-2-540x473.jpg 540w\" sizes=\"auto, (max-width: 2500px) 100vw, 2500px\" \/><\/p>\n<h3>Tirer le meilleur parti de tous les coins et recoins<\/h3>\n<p><strong>Qui a dit qu&rsquo;une petite cuisine ne pouvait pas contenir tout ce dont vous avez besoin ?<\/strong> Dans une petite cuisine, il est essentiel de tirer le meilleur parti de l&rsquo;espace disponible. Vous pouvez utiliser l&rsquo;espace entre le r\u00e9frig\u00e9rateur et le mur pour installer un placard \u00e9troit afin de ranger les articles de nettoyage. Vous pouvez \u00e9galement utiliser un coin pour placer une armoire d&rsquo;angle ou une \u00e9tag\u00e8re en angle pour ranger d&rsquo;autres objets.<\/p>\n<p>Lorsqu&rsquo;il s&rsquo;agit d&rsquo;organiser une petite cuisine, les armoires qui montent jusqu&rsquo;au plafond sont une excellente option. <strong>Ce sont des alli\u00e9s id\u00e9aux pour tirer le meilleur parti de la hauteur de l&rsquo;espace<\/strong>. En outre, le choix d&rsquo;\u00e9tag\u00e8res int\u00e9rieures adapt\u00e9es permet d&rsquo;organiser efficacement la vaisselle, les petits appareils et les ustensiles de cuisine en fonction de leur utilisation.<\/p>\n<p>Comme dans ce cas, les cuisines ouvertes sur le salon sont tr\u00e8s courantes dans les maisons am\u00e9ricaines et anglo-saxonnes. Cette approche devient de plus en plus populaire dans les maisons modernes, c&rsquo;est pourquoi les appartements avec un plan ouvert sont une bonne id\u00e9e pour organiser les espaces int\u00e9rieurs et faire communiquer les pi\u00e8ces de mani\u00e8re simple et facile.<\/p>\n<p>&nbsp;<\/p>\n<p><img loading=\"lazy\" decoding=\"async\" class=\"alignnone size-full wp-image-7226\" src=\"https:\/\/cocinasmetodo.es\/wp-content\/uploads\/2023\/09\/metodo-cocina-modelo-601-3.jpg\" alt=\"\" width=\"2000\" height=\"2500\" srcset=\"https:\/\/cocinasmetodo.es\/wp-content\/uploads\/2023\/09\/metodo-cocina-modelo-601-3.jpg 2000w, https:\/\/cocinasmetodo.es\/wp-content\/uploads\/2023\/09\/metodo-cocina-modelo-601-3-240x300.jpg 240w, https:\/\/cocinasmetodo.es\/wp-content\/uploads\/2023\/09\/metodo-cocina-modelo-601-3-824x1030.jpg 824w, https:\/\/cocinasmetodo.es\/wp-content\/uploads\/2023\/09\/metodo-cocina-modelo-601-3-768x960.jpg 768w, https:\/\/cocinasmetodo.es\/wp-content\/uploads\/2023\/09\/metodo-cocina-modelo-601-3-1229x1536.jpg 1229w, https:\/\/cocinasmetodo.es\/wp-content\/uploads\/2023\/09\/metodo-cocina-modelo-601-3-1638x2048.jpg 1638w, https:\/\/cocinasmetodo.es\/wp-content\/uploads\/2023\/09\/metodo-cocina-modelo-601-3-1200x1500.jpg 1200w, https:\/\/cocinasmetodo.es\/wp-content\/uploads\/2023\/09\/metodo-cocina-modelo-601-3-564x705.jpg 564w, https:\/\/cocinasmetodo.es\/wp-content\/uploads\/2023\/09\/metodo-cocina-modelo-601-3-594x743-594x743.jpg 594w, https:\/\/cocinasmetodo.es\/wp-content\/uploads\/2023\/09\/metodo-cocina-modelo-601-3-290x363.jpg 290w\" sizes=\"auto, (max-width: 2000px) 100vw, 2000px\" \/><\/p>\n<p>&nbsp;<\/p>\n<div  class='avia-button-wrap avia-button-center  avia-builder-el-0  el_before_av_buttonrow  avia-builder-el-first '>\n<style type=\"text\/css\" data-created_by=\"avia_inline_auto\" id=\"style-css-av-2wb8yc-11e2e0e284a718df8c86509dbbc8172c\">\n#top #wrap_all .avia-button.av-2wb8yc-11e2e0e284a718df8c86509dbbc8172c:hover{\ncolor:white;\ntransition:all 0.4s ease-in-out;\n}\n#top #wrap_all .avia-button.av-2wb8yc-11e2e0e284a718df8c86509dbbc8172c:hover .avia-svg-icon svg:first-child{\nfill:white;\nstroke:white;\n}\n<\/style>\n<a href='https:\/\/cocinasmetodo.es\/cocinas\/' class='avia-color-theme-color avia-font-color-theme-color avia-button avia-button-fullwidth av-2wb8yc-11e2e0e284a718df8c86509dbbc8172c avia-icon_select-no avia-color-theme-color'   aria-label=\"VOIR LES CUISINES\"><span class='avia_iconbox_title' >VOIR LES CUISINES<\/span><span class='avia_button_background avia-button avia-button-fullwidth avia-color-theme-color-highlight'><\/span><\/a><\/div>\n<p>&nbsp;<\/p>\n<hr \/>\n<div  class='avia-buttonrow-wrap av-1y6twi-3e7ea6a37514e6a4fd51ac3049db817d avia-buttonrow-center  avia-builder-el-1  el_after_av_button_big  avia-builder-el-no-sibling '>\n\n<style type=\"text\/css\" data-created_by=\"avia_inline_auto\" id=\"style-css-av-kwnf4ref-d3eeec7100204f0ca80f01b6bc691e05\">\n#top #wrap_all .avia-button.av-kwnf4ref-d3eeec7100204f0ca80f01b6bc691e05{\nmargin-bottom:5px;\nmargin-right:3px;\nmargin-left:3px;\n}\n<\/style>\n<a href='https:\/\/cocinasmetodo.es\/fr\/contacto\/'  class='avia-button av-kwnf4ref-d3eeec7100204f0ca80f01b6bc691e05 avia-icon_select-no avia-size-medium avia-color-theme-color'   aria-label=\"AVEZ-VOUS BESOIN D\u2019UN BUDGET ?\"><span class='avia_iconbox_title' >AVEZ-VOUS BESOIN D\u2019UN BUDGET ?<\/span><\/a>\n\n<style type=\"text\/css\" data-created_by=\"avia_inline_auto\" id=\"style-css-av-kwnf5nlq-6dbd4570cc2c7a1e56ae090b5c0c7c19\">\n#top #wrap_all .avia-button.av-kwnf5nlq-6dbd4570cc2c7a1e56ae090b5c0c7c19{\nmargin-bottom:5px;\nmargin-right:3px;\nmargin-left:3px;\n}\n<\/style>\n<a href='https:\/\/cocinasmetodo.es\/fr\/contacto\/'  class='avia-button av-kwnf5nlq-6dbd4570cc2c7a1e56ae090b5c0c7c19 avia-icon_select-no avia-size-medium avia-color-theme-color'   aria-label=\"VOUS SOUHAITEZ PUBLIER UN PROJET ?\"><span class='avia_iconbox_title' >VOUS SOUHAITEZ PUBLIER UN PROJET ?<\/span><\/a>\n\n<style type=\"text\/css\" data-created_by=\"avia_inline_auto\" id=\"style-css-av-kwnf6k50-9e8dc149f2bac61c5782f6a3b98dfa0e\">\n#top #wrap_all .avia-button.av-kwnf6k50-9e8dc149f2bac61c5782f6a3b98dfa0e{\nmargin-bottom:5px;\nmargin-right:3px;\nmargin-left:3px;\n}\n<\/style>\n<a href='https:\/\/cocinasmetodo.es\/fr\/contacto\/'  class='avia-button av-kwnf6k50-9e8dc149f2bac61c5782f6a3b98dfa0e avia-icon_select-no avia-size-medium avia-color-theme-color'   aria-label=\"VOUS VOULEZ VOIR UNE CUISINE M\u00c9TODO?\"><span class='avia_iconbox_title' >VOUS VOULEZ VOIR UNE CUISINE M\u00c9TODO?<\/span><\/a>\n<\/div>\n<hr \/>\n<p>&nbsp;<\/p>\n","protected":false},"excerpt":{"rendered":"<p>La prestigieuse revue du secteur des cuisines et du bain, COCINAS Y BA\u00d1OS de Curt Ediciones, pr\u00e9sente dans son dernier num\u00e9ro 398 qui analyse jusqu&rsquo;au d\u00e9tail la planification d&rsquo;une cuisine et dans laquelle COCINAS M\u00c9TODO a un espace.<\/p>\n","protected":false},"author":1,"featured_media":9069,"comment_status":"open","ping_status":"open","sticky":false,"template":"","format":"standard","meta":{"footnotes":""},"categories":[121],"tags":[320,289,232,163],"class_list":["post-9073","post","type-post","status-publish","format-standard","has-post-thumbnail","hentry","category-prensa-fr","tag-cocina-601-fr","tag-cocinas-pequenas-fr","tag-interiorismo-fr","tag-revista-cocinas-y-banos-fr"],"yoast_head":"<!-- This site is optimized with the Yoast SEO plugin v27.2 - https:\/\/yoast.com\/product\/yoast-seo-wordpress\/ -->\n<title>KITCHENS &amp; BATHROOMS met en avant la cuisine 601 de M\u00e9todo - m\u00e9todo<\/title>\n<meta name=\"description\" content=\"La prestigieuse revue du secteur des cuisines et du bain, COCINAS Y BA\u00d1OS de Curt Ediciones, pr\u00e9sente dans son dernier num\u00e9ro 398 qui analyse jusqu&#039;au d\u00e9tail la planification d&#039;une cuisine et dans laquelle COCINAS M\u00c9TODO a un espace.\" \/>\n<meta name=\"robots\" content=\"index, follow, max-snippet:-1, max-image-preview:large, max-video-preview:-1\" \/>\n<link rel=\"canonical\" href=\"https:\/\/cocinasmetodo.es\/fr\/kitchens-bathrooms-met-en-avant-la-cuisine-601-de-metodo\/\" \/>\n<meta property=\"og:locale\" content=\"fr_FR\" \/>\n<meta property=\"og:type\" content=\"article\" \/>\n<meta property=\"og:title\" content=\"KITCHENS &amp; BATHROOMS met en avant la cuisine 601 de M\u00e9todo - m\u00e9todo\" \/>\n<meta property=\"og:description\" content=\"La prestigieuse revue du secteur des cuisines et du bain, COCINAS Y BA\u00d1OS de Curt Ediciones, pr\u00e9sente dans son dernier num\u00e9ro 398 qui analyse jusqu&#039;au d\u00e9tail la planification d&#039;une cuisine et dans laquelle COCINAS M\u00c9TODO a un espace.\" \/>\n<meta property=\"og:url\" content=\"https:\/\/cocinasmetodo.es\/fr\/kitchens-bathrooms-met-en-avant-la-cuisine-601-de-metodo\/\" \/>\n<meta property=\"og:site_name\" content=\"m\u00e9todo\" \/>\n<meta property=\"article:published_time\" content=\"2024-02-12T10:02:34+00:00\" \/>\n<meta property=\"og:image\" content=\"https:\/\/cocinasmetodo.es\/wp-content\/uploads\/2024\/02\/COCINAS-Y-BANOS-2024-Cocina-601-copia-scaled.jpg\" \/>\n\t<meta property=\"og:image:width\" content=\"1490\" \/>\n\t<meta property=\"og:image:height\" content=\"2560\" \/>\n\t<meta property=\"og:image:type\" content=\"image\/jpeg\" \/>\n<meta name=\"author\" content=\"admin\" \/>\n<meta name=\"twitter:card\" content=\"summary_large_image\" \/>\n<meta name=\"twitter:label1\" content=\"\u00c9crit par\" \/>\n\t<meta name=\"twitter:data1\" content=\"admin\" \/>\n\t<meta name=\"twitter:label2\" content=\"Dur\u00e9e de lecture estim\u00e9e\" \/>\n\t<meta name=\"twitter:data2\" content=\"3 minutes\" \/>\n<script type=\"application\/ld+json\" class=\"yoast-schema-graph\">{\"@context\":\"https:\/\/schema.org\",\"@graph\":[{\"@type\":\"Article\",\"@id\":\"https:\/\/cocinasmetodo.es\/fr\/kitchens-bathrooms-met-en-avant-la-cuisine-601-de-metodo\/#article\",\"isPartOf\":{\"@id\":\"https:\/\/cocinasmetodo.es\/fr\/kitchens-bathrooms-met-en-avant-la-cuisine-601-de-metodo\/\"},\"author\":{\"name\":\"admin\",\"@id\":\"https:\/\/cocinasmetodo.es\/#\/schema\/person\/cf74899f07207d3cb6021e2e6f17241f\"},\"headline\":\"KITCHENS &#038; BATHROOMS met en avant la cuisine 601 de M\u00e9todo\",\"datePublished\":\"2024-02-12T10:02:34+00:00\",\"mainEntityOfPage\":{\"@id\":\"https:\/\/cocinasmetodo.es\/fr\/kitchens-bathrooms-met-en-avant-la-cuisine-601-de-metodo\/\"},\"wordCount\":1191,\"commentCount\":0,\"publisher\":{\"@id\":\"https:\/\/cocinasmetodo.es\/#organization\"},\"image\":{\"@id\":\"https:\/\/cocinasmetodo.es\/fr\/kitchens-bathrooms-met-en-avant-la-cuisine-601-de-metodo\/#primaryimage\"},\"thumbnailUrl\":\"https:\/\/cocinasmetodo.es\/wp-content\/uploads\/2024\/02\/COCINAS-Y-BANOS-2024-Cocina-601-copia-scaled.jpg\",\"keywords\":[\"cocina 601\",\"cocinas peque\u00f1as\",\"Interiorismo\",\"revista cocinas y ba\u00f1os\"],\"articleSection\":[\"Prensa\"],\"inLanguage\":\"fr-FR\",\"potentialAction\":[{\"@type\":\"CommentAction\",\"name\":\"Comment\",\"target\":[\"https:\/\/cocinasmetodo.es\/fr\/kitchens-bathrooms-met-en-avant-la-cuisine-601-de-metodo\/#respond\"]}]},{\"@type\":\"WebPage\",\"@id\":\"https:\/\/cocinasmetodo.es\/fr\/kitchens-bathrooms-met-en-avant-la-cuisine-601-de-metodo\/\",\"url\":\"https:\/\/cocinasmetodo.es\/fr\/kitchens-bathrooms-met-en-avant-la-cuisine-601-de-metodo\/\",\"name\":\"KITCHENS & BATHROOMS met en avant la cuisine 601 de M\u00e9todo - m\u00e9todo\",\"isPartOf\":{\"@id\":\"https:\/\/cocinasmetodo.es\/#website\"},\"primaryImageOfPage\":{\"@id\":\"https:\/\/cocinasmetodo.es\/fr\/kitchens-bathrooms-met-en-avant-la-cuisine-601-de-metodo\/#primaryimage\"},\"image\":{\"@id\":\"https:\/\/cocinasmetodo.es\/fr\/kitchens-bathrooms-met-en-avant-la-cuisine-601-de-metodo\/#primaryimage\"},\"thumbnailUrl\":\"https:\/\/cocinasmetodo.es\/wp-content\/uploads\/2024\/02\/COCINAS-Y-BANOS-2024-Cocina-601-copia-scaled.jpg\",\"datePublished\":\"2024-02-12T10:02:34+00:00\",\"description\":\"La prestigieuse revue du secteur des cuisines et du bain, COCINAS Y BA\u00d1OS de Curt Ediciones, pr\u00e9sente dans son dernier num\u00e9ro 398 qui analyse jusqu'au d\u00e9tail la planification d'une cuisine et dans laquelle COCINAS M\u00c9TODO a un espace.\",\"breadcrumb\":{\"@id\":\"https:\/\/cocinasmetodo.es\/fr\/kitchens-bathrooms-met-en-avant-la-cuisine-601-de-metodo\/#breadcrumb\"},\"inLanguage\":\"fr-FR\",\"potentialAction\":[{\"@type\":\"ReadAction\",\"target\":[\"https:\/\/cocinasmetodo.es\/fr\/kitchens-bathrooms-met-en-avant-la-cuisine-601-de-metodo\/\"]}]},{\"@type\":\"ImageObject\",\"inLanguage\":\"fr-FR\",\"@id\":\"https:\/\/cocinasmetodo.es\/fr\/kitchens-bathrooms-met-en-avant-la-cuisine-601-de-metodo\/#primaryimage\",\"url\":\"https:\/\/cocinasmetodo.es\/wp-content\/uploads\/2024\/02\/COCINAS-Y-BANOS-2024-Cocina-601-copia-scaled.jpg\",\"contentUrl\":\"https:\/\/cocinasmetodo.es\/wp-content\/uploads\/2024\/02\/COCINAS-Y-BANOS-2024-Cocina-601-copia-scaled.jpg\",\"width\":1490,\"height\":2560},{\"@type\":\"BreadcrumbList\",\"@id\":\"https:\/\/cocinasmetodo.es\/fr\/kitchens-bathrooms-met-en-avant-la-cuisine-601-de-metodo\/#breadcrumb\",\"itemListElement\":[{\"@type\":\"ListItem\",\"position\":1,\"name\":\"Portada\",\"item\":\"https:\/\/cocinasmetodo.es\/fr\/\"},{\"@type\":\"ListItem\",\"position\":2,\"name\":\"KITCHENS &#038; BATHROOMS met en avant la cuisine 601 de M\u00e9todo\"}]},{\"@type\":\"WebSite\",\"@id\":\"https:\/\/cocinasmetodo.es\/#website\",\"url\":\"https:\/\/cocinasmetodo.es\/\",\"name\":\"m\u00e9todo\",\"description\":\"Daily Kitchens\",\"publisher\":{\"@id\":\"https:\/\/cocinasmetodo.es\/#organization\"},\"potentialAction\":[{\"@type\":\"SearchAction\",\"target\":{\"@type\":\"EntryPoint\",\"urlTemplate\":\"https:\/\/cocinasmetodo.es\/?s={search_term_string}\"},\"query-input\":{\"@type\":\"PropertyValueSpecification\",\"valueRequired\":true,\"valueName\":\"search_term_string\"}}],\"inLanguage\":\"fr-FR\"},{\"@type\":\"Organization\",\"@id\":\"https:\/\/cocinasmetodo.es\/#organization\",\"name\":\"m\u00e9todo\",\"url\":\"https:\/\/cocinasmetodo.es\/\",\"logo\":{\"@type\":\"ImageObject\",\"inLanguage\":\"fr-FR\",\"@id\":\"https:\/\/cocinasmetodo.es\/#\/schema\/logo\/image\/\",\"url\":\"https:\/\/cocinasmetodo.es\/wp-content\/uploads\/2021\/05\/logoweb.png\",\"contentUrl\":\"https:\/\/cocinasmetodo.es\/wp-content\/uploads\/2021\/05\/logoweb.png\",\"width\":1000,\"height\":528,\"caption\":\"m\u00e9todo\"},\"image\":{\"@id\":\"https:\/\/cocinasmetodo.es\/#\/schema\/logo\/image\/\"}},{\"@type\":\"Person\",\"@id\":\"https:\/\/cocinasmetodo.es\/#\/schema\/person\/cf74899f07207d3cb6021e2e6f17241f\",\"name\":\"admin\",\"image\":{\"@type\":\"ImageObject\",\"inLanguage\":\"fr-FR\",\"@id\":\"https:\/\/secure.gravatar.com\/avatar\/f81daeca33be8da0842690f149bc1081f003f3840397028f3faabf244c06927a?s=96&d=mm&r=g\",\"url\":\"https:\/\/secure.gravatar.com\/avatar\/f81daeca33be8da0842690f149bc1081f003f3840397028f3faabf244c06927a?s=96&d=mm&r=g\",\"contentUrl\":\"https:\/\/secure.gravatar.com\/avatar\/f81daeca33be8da0842690f149bc1081f003f3840397028f3faabf244c06927a?s=96&d=mm&r=g\",\"caption\":\"admin\"},\"sameAs\":[\"https:\/\/cocinasmetodo.es\/website2021\"]}]}<\/script>\n<!-- \/ Yoast SEO plugin. -->","yoast_head_json":{"title":"KITCHENS & BATHROOMS met en avant la cuisine 601 de M\u00e9todo - m\u00e9todo","description":"La prestigieuse revue du secteur des cuisines et du bain, COCINAS Y BA\u00d1OS de Curt Ediciones, pr\u00e9sente dans son dernier num\u00e9ro 398 qui analyse jusqu'au d\u00e9tail la planification d'une cuisine et dans laquelle COCINAS M\u00c9TODO a un espace.","robots":{"index":"index","follow":"follow","max-snippet":"max-snippet:-1","max-image-preview":"max-image-preview:large","max-video-preview":"max-video-preview:-1"},"canonical":"https:\/\/cocinasmetodo.es\/fr\/kitchens-bathrooms-met-en-avant-la-cuisine-601-de-metodo\/","og_locale":"fr_FR","og_type":"article","og_title":"KITCHENS & BATHROOMS met en avant la cuisine 601 de M\u00e9todo - m\u00e9todo","og_description":"La prestigieuse revue du secteur des cuisines et du bain, COCINAS Y BA\u00d1OS de Curt Ediciones, pr\u00e9sente dans son dernier num\u00e9ro 398 qui analyse jusqu'au d\u00e9tail la planification d'une cuisine et dans laquelle COCINAS M\u00c9TODO a un espace.","og_url":"https:\/\/cocinasmetodo.es\/fr\/kitchens-bathrooms-met-en-avant-la-cuisine-601-de-metodo\/","og_site_name":"m\u00e9todo","article_published_time":"2024-02-12T10:02:34+00:00","og_image":[{"width":1490,"height":2560,"url":"https:\/\/cocinasmetodo.es\/wp-content\/uploads\/2024\/02\/COCINAS-Y-BANOS-2024-Cocina-601-copia-scaled.jpg","type":"image\/jpeg"}],"author":"admin","twitter_card":"summary_large_image","twitter_misc":{"\u00c9crit par":"admin","Dur\u00e9e de lecture estim\u00e9e":"3 minutes"},"schema":{"@context":"https:\/\/schema.org","@graph":[{"@type":"Article","@id":"https:\/\/cocinasmetodo.es\/fr\/kitchens-bathrooms-met-en-avant-la-cuisine-601-de-metodo\/#article","isPartOf":{"@id":"https:\/\/cocinasmetodo.es\/fr\/kitchens-bathrooms-met-en-avant-la-cuisine-601-de-metodo\/"},"author":{"name":"admin","@id":"https:\/\/cocinasmetodo.es\/#\/schema\/person\/cf74899f07207d3cb6021e2e6f17241f"},"headline":"KITCHENS &#038; BATHROOMS met en avant la cuisine 601 de M\u00e9todo","datePublished":"2024-02-12T10:02:34+00:00","mainEntityOfPage":{"@id":"https:\/\/cocinasmetodo.es\/fr\/kitchens-bathrooms-met-en-avant-la-cuisine-601-de-metodo\/"},"wordCount":1191,"commentCount":0,"publisher":{"@id":"https:\/\/cocinasmetodo.es\/#organization"},"image":{"@id":"https:\/\/cocinasmetodo.es\/fr\/kitchens-bathrooms-met-en-avant-la-cuisine-601-de-metodo\/#primaryimage"},"thumbnailUrl":"https:\/\/cocinasmetodo.es\/wp-content\/uploads\/2024\/02\/COCINAS-Y-BANOS-2024-Cocina-601-copia-scaled.jpg","keywords":["cocina 601","cocinas peque\u00f1as","Interiorismo","revista cocinas y ba\u00f1os"],"articleSection":["Prensa"],"inLanguage":"fr-FR","potentialAction":[{"@type":"CommentAction","name":"Comment","target":["https:\/\/cocinasmetodo.es\/fr\/kitchens-bathrooms-met-en-avant-la-cuisine-601-de-metodo\/#respond"]}]},{"@type":"WebPage","@id":"https:\/\/cocinasmetodo.es\/fr\/kitchens-bathrooms-met-en-avant-la-cuisine-601-de-metodo\/","url":"https:\/\/cocinasmetodo.es\/fr\/kitchens-bathrooms-met-en-avant-la-cuisine-601-de-metodo\/","name":"KITCHENS & BATHROOMS met en avant la cuisine 601 de M\u00e9todo - m\u00e9todo","isPartOf":{"@id":"https:\/\/cocinasmetodo.es\/#website"},"primaryImageOfPage":{"@id":"https:\/\/cocinasmetodo.es\/fr\/kitchens-bathrooms-met-en-avant-la-cuisine-601-de-metodo\/#primaryimage"},"image":{"@id":"https:\/\/cocinasmetodo.es\/fr\/kitchens-bathrooms-met-en-avant-la-cuisine-601-de-metodo\/#primaryimage"},"thumbnailUrl":"https:\/\/cocinasmetodo.es\/wp-content\/uploads\/2024\/02\/COCINAS-Y-BANOS-2024-Cocina-601-copia-scaled.jpg","datePublished":"2024-02-12T10:02:34+00:00","description":"La prestigieuse revue du secteur des cuisines et du bain, COCINAS Y BA\u00d1OS de Curt Ediciones, pr\u00e9sente dans son dernier num\u00e9ro 398 qui analyse jusqu'au d\u00e9tail la planification d'une cuisine et dans laquelle COCINAS M\u00c9TODO a un espace.","breadcrumb":{"@id":"https:\/\/cocinasmetodo.es\/fr\/kitchens-bathrooms-met-en-avant-la-cuisine-601-de-metodo\/#breadcrumb"},"inLanguage":"fr-FR","potentialAction":[{"@type":"ReadAction","target":["https:\/\/cocinasmetodo.es\/fr\/kitchens-bathrooms-met-en-avant-la-cuisine-601-de-metodo\/"]}]},{"@type":"ImageObject","inLanguage":"fr-FR","@id":"https:\/\/cocinasmetodo.es\/fr\/kitchens-bathrooms-met-en-avant-la-cuisine-601-de-metodo\/#primaryimage","url":"https:\/\/cocinasmetodo.es\/wp-content\/uploads\/2024\/02\/COCINAS-Y-BANOS-2024-Cocina-601-copia-scaled.jpg","contentUrl":"https:\/\/cocinasmetodo.es\/wp-content\/uploads\/2024\/02\/COCINAS-Y-BANOS-2024-Cocina-601-copia-scaled.jpg","width":1490,"height":2560},{"@type":"BreadcrumbList","@id":"https:\/\/cocinasmetodo.es\/fr\/kitchens-bathrooms-met-en-avant-la-cuisine-601-de-metodo\/#breadcrumb","itemListElement":[{"@type":"ListItem","position":1,"name":"Portada","item":"https:\/\/cocinasmetodo.es\/fr\/"},{"@type":"ListItem","position":2,"name":"KITCHENS &#038; BATHROOMS met en avant la cuisine 601 de M\u00e9todo"}]},{"@type":"WebSite","@id":"https:\/\/cocinasmetodo.es\/#website","url":"https:\/\/cocinasmetodo.es\/","name":"m\u00e9todo","description":"Daily Kitchens","publisher":{"@id":"https:\/\/cocinasmetodo.es\/#organization"},"potentialAction":[{"@type":"SearchAction","target":{"@type":"EntryPoint","urlTemplate":"https:\/\/cocinasmetodo.es\/?s={search_term_string}"},"query-input":{"@type":"PropertyValueSpecification","valueRequired":true,"valueName":"search_term_string"}}],"inLanguage":"fr-FR"},{"@type":"Organization","@id":"https:\/\/cocinasmetodo.es\/#organization","name":"m\u00e9todo","url":"https:\/\/cocinasmetodo.es\/","logo":{"@type":"ImageObject","inLanguage":"fr-FR","@id":"https:\/\/cocinasmetodo.es\/#\/schema\/logo\/image\/","url":"https:\/\/cocinasmetodo.es\/wp-content\/uploads\/2021\/05\/logoweb.png","contentUrl":"https:\/\/cocinasmetodo.es\/wp-content\/uploads\/2021\/05\/logoweb.png","width":1000,"height":528,"caption":"m\u00e9todo"},"image":{"@id":"https:\/\/cocinasmetodo.es\/#\/schema\/logo\/image\/"}},{"@type":"Person","@id":"https:\/\/cocinasmetodo.es\/#\/schema\/person\/cf74899f07207d3cb6021e2e6f17241f","name":"admin","image":{"@type":"ImageObject","inLanguage":"fr-FR","@id":"https:\/\/secure.gravatar.com\/avatar\/f81daeca33be8da0842690f149bc1081f003f3840397028f3faabf244c06927a?s=96&d=mm&r=g","url":"https:\/\/secure.gravatar.com\/avatar\/f81daeca33be8da0842690f149bc1081f003f3840397028f3faabf244c06927a?s=96&d=mm&r=g","contentUrl":"https:\/\/secure.gravatar.com\/avatar\/f81daeca33be8da0842690f149bc1081f003f3840397028f3faabf244c06927a?s=96&d=mm&r=g","caption":"admin"},"sameAs":["https:\/\/cocinasmetodo.es\/website2021"]}]}},"_links":{"self":[{"href":"https:\/\/cocinasmetodo.es\/fr\/wp-json\/wp\/v2\/posts\/9073","targetHints":{"allow":["GET"]}}],"collection":[{"href":"https:\/\/cocinasmetodo.es\/fr\/wp-json\/wp\/v2\/posts"}],"about":[{"href":"https:\/\/cocinasmetodo.es\/fr\/wp-json\/wp\/v2\/types\/post"}],"author":[{"embeddable":true,"href":"https:\/\/cocinasmetodo.es\/fr\/wp-json\/wp\/v2\/users\/1"}],"replies":[{"embeddable":true,"href":"https:\/\/cocinasmetodo.es\/fr\/wp-json\/wp\/v2\/comments?post=9073"}],"version-history":[{"count":3,"href":"https:\/\/cocinasmetodo.es\/fr\/wp-json\/wp\/v2\/posts\/9073\/revisions"}],"predecessor-version":[{"id":9074,"href":"https:\/\/cocinasmetodo.es\/fr\/wp-json\/wp\/v2\/posts\/9073\/revisions\/9074"}],"wp:featuredmedia":[{"embeddable":true,"href":"https:\/\/cocinasmetodo.es\/fr\/wp-json\/wp\/v2\/media\/9069"}],"wp:attachment":[{"href":"https:\/\/cocinasmetodo.es\/fr\/wp-json\/wp\/v2\/media?parent=9073"}],"wp:term":[{"taxonomy":"category","embeddable":true,"href":"https:\/\/cocinasmetodo.es\/fr\/wp-json\/wp\/v2\/categories?post=9073"},{"taxonomy":"post_tag","embeddable":true,"href":"https:\/\/cocinasmetodo.es\/fr\/wp-json\/wp\/v2\/tags?post=9073"}],"curies":[{"name":"wp","href":"https:\/\/api.w.org\/{rel}","templated":true}]}}