{"id":9029,"date":"2024-02-09T12:56:26","date_gmt":"2024-02-09T11:56:26","guid":{"rendered":"https:\/\/cocinasmetodo.es\/?p=9029"},"modified":"2024-02-09T13:02:32","modified_gmt":"2024-02-09T12:02:32","slug":"projet-de-kela-desing-une-cuisine-minimaliste-et-elegante","status":"publish","type":"post","link":"https:\/\/cocinasmetodo.es\/fr\/projet-de-kela-desing-une-cuisine-minimaliste-et-elegante\/","title":{"rendered":"Projet de Kela Desing, une cuisine minimaliste et \u00e9l\u00e9gante"},"content":{"rendered":"\n<style type=\"text\/css\" data-created_by=\"avia_inline_auto\" id=\"style-css-av-ef18dv-84295b0059b3320203937cc1bc4b7783\">\n.avia-section.av-ef18dv-84295b0059b3320203937cc1bc4b7783{\nbackground-repeat:repeat-x;\nbackground-image:url(https:\/\/cocinasmetodo.es\/wp-content\/uploads\/2021\/07\/fondo-naranja-graficos-1200px.png);\nbackground-position:50% 50%;\nbackground-attachment:scroll;\n}\n<\/style>\n<div id='av_section_1'  class='avia-section av-ef18dv-84295b0059b3320203937cc1bc4b7783 main_color avia-section-default avia-no-border-styling  avia-builder-el-0  el_before_av_slideshow_full  avia-builder-el-first  avia-bg-style-scroll container_wrap sidebar_right'  data-section-bg-repeat='repeat-x'><div class='container av-section-cont-open' ><main  role=\"main\" itemprop=\"mainContentOfPage\"  class='template-page content  av-content-small alpha units'><div class='post-entry post-entry-type-page post-entry-9029'><div class='entry-content-wrapper clearfix'>\n\n<style type=\"text\/css\" data-created_by=\"avia_inline_auto\" id=\"style-css-av-18ym8j-b3d4bd17ec395da35fa90ddfb4fabc1f\">\n#top .hr.hr-invisible.av-18ym8j-b3d4bd17ec395da35fa90ddfb4fabc1f{\nheight:50px;\n}\n<\/style>\n<div  class='hr av-18ym8j-b3d4bd17ec395da35fa90ddfb4fabc1f hr-invisible  avia-builder-el-1  el_before_av_textblock  avia-builder-el-first '><span class='hr-inner '><span class=\"hr-inner-style\"><\/span><\/span><\/div>\n<section  class='av_textblock_section av-a75jyr-f58ba27d9032de0b7112840e4f968f45 '   itemscope=\"itemscope\" itemtype=\"https:\/\/schema.org\/BlogPosting\" itemprop=\"blogPost\" ><div class='avia_textblock'  itemprop=\"text\" ><mark class=\"fp_sc_mark fp_ff_roboto-bold\" style=\"background: none;color: inherit;font-size: 14px;line-height: 14px;\">PROJET <\/mark>\n<\/div><\/section>\n\n<style type=\"text\/css\" data-created_by=\"avia_inline_auto\" id=\"style-css-av-9ep18z-2712d9f9ae0f38b4d796f5db30deef84\">\n#top .hr.hr-invisible.av-9ep18z-2712d9f9ae0f38b4d796f5db30deef84{\nheight:15px;\n}\n<\/style>\n<div  class='hr av-9ep18z-2712d9f9ae0f38b4d796f5db30deef84 hr-invisible  avia-builder-el-3  el_after_av_textblock  el_before_av_textblock '><span class='hr-inner '><span class=\"hr-inner-style\"><\/span><\/span><\/div>\n<section  class='av_textblock_section av-6vhn37-5058b7473a2d61371bc9d1d498b75682 '   itemscope=\"itemscope\" itemtype=\"https:\/\/schema.org\/BlogPosting\" itemprop=\"blogPost\" ><div class='avia_textblock'  itemprop=\"text\" ><mark class=\"fp_sc_mark fp_ff_calvertmtstd-bold\" style=\"background: none;color: inherit;font-size: 40px;line-height: 40px;\">\u00abUne \u00e9treinte de chaleur, o\u00f9 chaque coin de cette cuisine raconte une histoire\u00bb<\/mark>\n<\/div><\/section>\n\n<style type=\"text\/css\" data-created_by=\"avia_inline_auto\" id=\"style-css-av-5lvepv-0a840a2f3e3056f22bf7eb474d0caebe\">\n#top .hr.hr-invisible.av-5lvepv-0a840a2f3e3056f22bf7eb474d0caebe{\nheight:15px;\n}\n<\/style>\n<div  class='hr av-5lvepv-0a840a2f3e3056f22bf7eb474d0caebe hr-invisible  avia-builder-el-5  el_after_av_textblock  el_before_av_textblock '><span class='hr-inner '><span class=\"hr-inner-style\"><\/span><\/span><\/div>\n<section  class='av_textblock_section av-4i984j-1da4a48696a5a5ff69bb262262b4a48f '   itemscope=\"itemscope\" itemtype=\"https:\/\/schema.org\/BlogPosting\" itemprop=\"blogPost\" ><div class='avia_textblock'  itemprop=\"text\" ><mark class=\"fp_sc_mark fp_ff_roboto-light\" style=\"background: none;color: inherit;font-size: 23px;line-height: 32px;\">Kela Design pr\u00e9sente un projet de cuisine qui allie l&rsquo;\u00e9l\u00e9gance du design \u00e0 la fonctionnalit\u00e9 de meubles de cuisine de haute qualit\u00e9. Cet espace, con\u00e7u pour s&rsquo;adapter \u00e0 une disposition en U, se distingue par sa combinaison de couleurs blanches et de d\u00e9tails en bois, cr\u00e9ant une atmosph\u00e8re intemporelle et chaleureuse. En outre, cette conception tient compte de l&rsquo;\u00e9clairage ext\u00e9rieur limit\u00e9 et donne la priorit\u00e9 \u00e0 un \u00e9clairage int\u00e9rieur efficace pour garantir un espace lumineux et pratique. Il ne se contente pas de concevoir des espaces, il cr\u00e9e des exp\u00e9riences. De la conception de l&rsquo;id\u00e9e \u00e0 la gestion efficace et \u00e0 la d\u00e9coration personnalis\u00e9e, ce studio de design s&rsquo;engage \u00e0 faire de chaque projet un chef-d&rsquo;\u0153uvre unique. <\/mark>\n<\/div><\/section>\n\n<style type=\"text\/css\" data-created_by=\"avia_inline_auto\" id=\"style-css-av-1u0pwj-34ad01419e09c2d787ecaa7bd46fcfa9\">\n#top .hr.hr-invisible.av-1u0pwj-34ad01419e09c2d787ecaa7bd46fcfa9{\nheight:50px;\n}\n<\/style>\n<div  class='hr av-1u0pwj-34ad01419e09c2d787ecaa7bd46fcfa9 hr-invisible  avia-builder-el-7  el_after_av_textblock  avia-builder-el-last '><span class='hr-inner '><span class=\"hr-inner-style\"><\/span><\/span><\/div>\n<\/div><\/div><\/main><!-- close content main element --><\/div><\/div><div id='full_slider_1'  class='avia-fullwidth-slider main_color avia-shadow   avia-builder-el-8  el_after_av_section  el_before_av_one_half   slider-not-first container_wrap sidebar_right'  ><div  class='avia-slideshow av-lp2fo1rc-895f76ff43464cfa554fec22c5500089 avia-slideshow-featured av_slideshow_full avia-slide-slider av-slideshow-ui av-control-default av-slideshow-manual av-loop-once av-loop-manual-endless av-default-height-applied   avia-slideshow-1' data-slideshow-options=\"{&quot;animation&quot;:&quot;slide&quot;,&quot;autoplay&quot;:false,&quot;loop_autoplay&quot;:&quot;once&quot;,&quot;interval&quot;:5,&quot;loop_manual&quot;:&quot;manual-endless&quot;,&quot;autoplay_stopper&quot;:false,&quot;noNavigation&quot;:false,&quot;bg_slider&quot;:false,&quot;keep_padding&quot;:false,&quot;hoverpause&quot;:false,&quot;show_slide_delay&quot;:0}\"  itemprop=\"image\" itemscope=\"itemscope\" itemtype=\"https:\/\/schema.org\/ImageObject\" ><ul class='avia-slideshow-inner ' style='padding-bottom: 39.814814814815%;'><li  class='avia-slideshow-slide av-lp2fo1rc-895f76ff43464cfa554fec22c5500089__0  av-single-slide slide-1 slide-odd'><div data-rel='slideshow-1' class='avia-slide-wrap '   ><img decoding=\"async\" fetchpriority=\"high\" class=\"wp-image-8118 avia-img-lazy-loading-not-8118\"  src=\"https:\/\/cocinasmetodo.es\/wp-content\/uploads\/2023\/11\/Metodo_keyla_desing_03-1080x430.jpg\" width=\"1080\" height=\"430\" title='Metodo_keyla_desing_03' alt=''  itemprop=\"thumbnailUrl\"   \/><\/div><\/li><\/ul><\/div><\/div><div id='after_full_slider_1'  class='main_color av_default_container_wrap container_wrap sidebar_right'  ><div class='container av-section-cont-open' ><div class='template-page content  av-content-small alpha units'><div class='post-entry post-entry-type-page post-entry-9029'><div class='entry-content-wrapper clearfix'><\/p>\n<div  class='flex_column av-q5qcqr-8238c772be2f60dce85c097d49ac60fb av_one_half  avia-builder-el-9  el_after_av_slideshow_full  el_before_av_one_half  avia-builder-el-first  first flex_column_div  '     ><style type=\"text\/css\" data-created_by=\"avia_inline_auto\" id=\"style-css-av-lp2ggz9c-1c194659e53dc46921a56ed88050c179\">\n.avia-image-container.av-lp2ggz9c-1c194659e53dc46921a56ed88050c179 img.avia_image{\nbox-shadow:none;\n}\n.avia-image-container.av-lp2ggz9c-1c194659e53dc46921a56ed88050c179 .av-image-caption-overlay-center{\ncolor:#ffffff;\n}\n<\/style>\n<div  class='avia-image-container av-lp2ggz9c-1c194659e53dc46921a56ed88050c179 av-styling- avia-align-center  avia-builder-el-10  avia-builder-el-no-sibling '   itemprop=\"image\" itemscope=\"itemscope\" itemtype=\"https:\/\/schema.org\/ImageObject\" ><div class=\"avia-image-container-inner\"><div class=\"avia-image-overlay-wrap\"><img decoding=\"async\" fetchpriority=\"high\" class='wp-image-8246 avia-img-lazy-loading-not-8246 avia_image ' src=\"https:\/\/cocinasmetodo.es\/wp-content\/uploads\/2023\/11\/Madero-atelier_kela-desing_cocina-u_02-scaled.jpg\" alt='' title='Madero-atelier_kela-desing_cocina-u_02'  height=\"2560\" width=\"1791\"  itemprop=\"thumbnailUrl\" srcset=\"https:\/\/cocinasmetodo.es\/wp-content\/uploads\/2023\/11\/Madero-atelier_kela-desing_cocina-u_02-scaled.jpg 1791w, https:\/\/cocinasmetodo.es\/wp-content\/uploads\/2023\/11\/Madero-atelier_kela-desing_cocina-u_02-210x300.jpg 210w, https:\/\/cocinasmetodo.es\/wp-content\/uploads\/2023\/11\/Madero-atelier_kela-desing_cocina-u_02-721x1030.jpg 721w, https:\/\/cocinasmetodo.es\/wp-content\/uploads\/2023\/11\/Madero-atelier_kela-desing_cocina-u_02-768x1097.jpg 768w, https:\/\/cocinasmetodo.es\/wp-content\/uploads\/2023\/11\/Madero-atelier_kela-desing_cocina-u_02-1075x1536.jpg 1075w, https:\/\/cocinasmetodo.es\/wp-content\/uploads\/2023\/11\/Madero-atelier_kela-desing_cocina-u_02-1433x2048.jpg 1433w, https:\/\/cocinasmetodo.es\/wp-content\/uploads\/2023\/11\/Madero-atelier_kela-desing_cocina-u_02-1050x1500.jpg 1050w, https:\/\/cocinasmetodo.es\/wp-content\/uploads\/2023\/11\/Madero-atelier_kela-desing_cocina-u_02-493x705.jpg 493w\" sizes=\"(max-width: 1791px) 100vw, 1791px\" \/><\/div><\/div><\/div><\/div>\n<div  class='flex_column av-nv9tgj-b8e2b6a8904dd3318fc3d8a1674ca314 av_one_half  avia-builder-el-11  el_after_av_one_half  el_before_av_one_full  flex_column_div  '     ><p>\n<style type=\"text\/css\" data-created_by=\"avia_inline_auto\" id=\"style-css-av-mxhgvn-05efd5dff2ec1e1e25ade68ec16a857f\">\n#top .hr.hr-invisible.av-mxhgvn-05efd5dff2ec1e1e25ade68ec16a857f{\nheight:20px;\n}\n<\/style>\n<div  class='hr av-mxhgvn-05efd5dff2ec1e1e25ade68ec16a857f hr-invisible  avia-builder-el-12  el_before_av_textblock  avia-builder-el-first '><span class='hr-inner '><span class=\"hr-inner-style\"><\/span><\/span><\/div><br \/>\n<section  class='av_textblock_section av-kjabwz-074a35c56949cc2404dc2d34802136b8 '   itemscope=\"itemscope\" itemtype=\"https:\/\/schema.org\/BlogPosting\" itemprop=\"blogPost\" ><div class='avia_textblock'  itemprop=\"text\" ><mark class=\"fp_sc_mark fp_ff_roboto-bold\" style=\"background: none;color: inherit;font-size: 14px;line-height: 14px;\">STOCKAGE <\/mark>\n<\/div><\/section><br \/>\n\n<style type=\"text\/css\" data-created_by=\"avia_inline_auto\" id=\"style-css-av-iiiin7-71018412bef5858f1eedfc58ae710ccd\">\n#top .hr.hr-invisible.av-iiiin7-71018412bef5858f1eedfc58ae710ccd{\nheight:20px;\n}\n<\/style>\n<div  class='hr av-iiiin7-71018412bef5858f1eedfc58ae710ccd hr-invisible  avia-builder-el-14  el_after_av_textblock  el_before_av_textblock '><span class='hr-inner '><span class=\"hr-inner-style\"><\/span><\/span><\/div><br \/>\n<section  class='av_textblock_section av-hi4afn-370fb3c5f543fd465147d1eef5bce2fe '   itemscope=\"itemscope\" itemtype=\"https:\/\/schema.org\/BlogPosting\" itemprop=\"blogPost\" ><div class='avia_textblock'  itemprop=\"text\" ><mark class=\"fp_sc_mark fp_ff_roboto-light\" style=\"background: none;color: inherit;font-size: 19px;line-height: 25px;\">Dans les ann\u00e9es 1940 et 1950, les cuisines en U ont commenc\u00e9 \u00e0 gagner en popularit\u00e9, en particulier dans les grands m\u00e9nages et dans ceux o\u00f9 la cuisine \u00e9tait consid\u00e9r\u00e9e comme un espace central de la vie familiale. <strong>La disposition en U permet d&rsquo;organiser efficacement les \u00e9l\u00e9ments de travail<\/strong> (tels que la cuisini\u00e8re, l&rsquo;\u00e9vier et le r\u00e9frig\u00e9rateur) dans un triangle fonctionnel, ce qui facilite la pr\u00e9paration des repas.<\/mark>\n<\/div><\/section><br \/>\n\n<style type=\"text\/css\" data-created_by=\"avia_inline_auto\" id=\"style-css-av-d87y9v-d8ba91009a69d8ef472e928a4829209f\">\n#top .hr.hr-invisible.av-d87y9v-d8ba91009a69d8ef472e928a4829209f{\nheight:20px;\n}\n<\/style>\n<div  class='hr av-d87y9v-d8ba91009a69d8ef472e928a4829209f hr-invisible  avia-builder-el-16  el_after_av_textblock  el_before_av_textblock '><span class='hr-inner '><span class=\"hr-inner-style\"><\/span><\/span><\/div><br \/>\n<section  class='av_textblock_section av-bjjvqb-557f9d3db8dae12210e0249223f0b8b5 '   itemscope=\"itemscope\" itemtype=\"https:\/\/schema.org\/BlogPosting\" itemprop=\"blogPost\" ><div class='avia_textblock'  itemprop=\"text\" ><mark class=\"fp_sc_mark fp_ff_calvertmtstd-bold\" style=\"background: none;color: inherit;font-size: 23px;line-height: 26px;\">Le manque d&rsquo;\u00e9clairage ext\u00e9rieur devient une opportunit\u00e9 de briller de l&rsquo;int\u00e9rieur. Des lumi\u00e8res LED int\u00e9gr\u00e9es \u00e9clairent chaque meuble, offrant une visibilit\u00e9 claire dans les coins les plus sombres. Dans cette cuisine, trouver les ingr\u00e9dients et les ustensiles devient une exp\u00e9rience lumineuse et efficace.<\/mark>\n<\/div><\/section><br \/>\n\n<style type=\"text\/css\" data-created_by=\"avia_inline_auto\" id=\"style-css-av-596g3n-06137e4f492aa919335956bdc702aefa\">\n#top .hr.hr-invisible.av-596g3n-06137e4f492aa919335956bdc702aefa{\nheight:10px;\n}\n<\/style>\n<div  class='hr av-596g3n-06137e4f492aa919335956bdc702aefa hr-invisible  avia-builder-el-18  el_after_av_textblock  el_before_av_textblock '><span class='hr-inner '><span class=\"hr-inner-style\"><\/span><\/span><\/div><br \/>\n<section  class='av_textblock_section av-1viimr-593ef3645801036d4b10e4d20ed80b9f '   itemscope=\"itemscope\" itemtype=\"https:\/\/schema.org\/BlogPosting\" itemprop=\"blogPost\" ><div class='avia_textblock'  itemprop=\"text\" ><mark class=\"fp_sc_mark fp_ff_roboto-light\" style=\"background: none;color: inherit;font-size: 19px;line-height: 25px;\">Les meubles hauts dans la cuisine jouent un r\u00f4le cl\u00e9 dans l&rsquo;optimisation de l&rsquo;espace. Ils atteignent les hauteurs maximales disponibles, offrant ainsi une quantit\u00e9 importante de rangement vertical. Cette approche permet non seulement de <strong>maximiser la capacit\u00e9 de stockage<\/strong>, mais aussi de tirer parti de la hauteur de la pi\u00e8ce, cr\u00e9ant ainsi <strong>une sensation d&rsquo;espace.<\/strong><\/mark>\n<\/div><\/section><br \/>\n\n<style type=\"text\/css\" data-created_by=\"avia_inline_auto\" id=\"style-css-av-1w6qjn-b5c3974400746abcf68e0a472f4405a3\">\n#top .hr.hr-invisible.av-1w6qjn-b5c3974400746abcf68e0a472f4405a3{\nheight:13px;\n}\n<\/style>\n<div  class='hr av-1w6qjn-b5c3974400746abcf68e0a472f4405a3 hr-invisible  avia-builder-el-20  el_after_av_textblock  el_before_av_textblock '><span class='hr-inner '><span class=\"hr-inner-style\"><\/span><\/span><\/div><br \/>\n<section  class='av_textblock_section av-84gxub-2800f6f19cc2930092c325f091730870 '   itemscope=\"itemscope\" itemtype=\"https:\/\/schema.org\/BlogPosting\" itemprop=\"blogPost\" ><div class='avia_textblock'  itemprop=\"text\" ><mark class=\"fp_sc_mark fp_ff_roboto-light\" style=\"background: none;color: inherit;font-size: 19px;line-height: 25px;\"><strong>L&rsquo;agencement en U cr\u00e9e un triangle de travail efficace entre la zone de cuisson, l&rsquo;\u00e9vier et le r\u00e9frig\u00e9rateur<\/strong>. Les \u00e9l\u00e9ments bas de cet agencement sont con\u00e7us pour contenir les \u00e9l\u00e9ments essentiels \u00e0 chaque fonction, ce qui facilite le travail et <strong>permet de gagner du temps dans les t\u00e2ches quotidiennes de la cuisine<\/strong>.<\/mark>\n<\/div><\/section><\/p><\/div><div  class='flex_column av-cksrc3-be401225257e335afa457342e2dc158e av_one_full  avia-builder-el-22  el_after_av_one_half  el_before_av_layout_row  avia-builder-el-last  first flex_column_div  column-top-margin'     ><p>\n<style type=\"text\/css\" data-created_by=\"avia_inline_auto\" id=\"style-css-av-lp2gip9v-e5882fae2f1004289ce2ec304979026a\">\n.avia-image-container.av-lp2gip9v-e5882fae2f1004289ce2ec304979026a img.avia_image{\nbox-shadow:none;\n}\n.avia-image-container.av-lp2gip9v-e5882fae2f1004289ce2ec304979026a .av-image-caption-overlay-center{\ncolor:#ffffff;\n}\n<\/style>\n<div  class='avia-image-container av-lp2gip9v-e5882fae2f1004289ce2ec304979026a av-styling- avia-align-center  avia-builder-el-23  el_before_av_hr  avia-builder-el-first '   itemprop=\"image\" itemscope=\"itemscope\" itemtype=\"https:\/\/schema.org\/ImageObject\" ><div class=\"avia-image-container-inner\"><div class=\"avia-image-overlay-wrap\"><img decoding=\"async\" fetchpriority=\"high\" class='wp-image-8254 avia-img-lazy-loading-not-8254 avia_image ' src=\"https:\/\/cocinasmetodo.es\/wp-content\/uploads\/2023\/11\/Madero-atelier_kela-desing_cocina-u_6-1.jpg\" alt='' title='Madero-atelier_kela-desing_cocina-u_6'  height=\"2000\" width=\"2000\"  itemprop=\"thumbnailUrl\" srcset=\"https:\/\/cocinasmetodo.es\/wp-content\/uploads\/2023\/11\/Madero-atelier_kela-desing_cocina-u_6-1.jpg 2000w, https:\/\/cocinasmetodo.es\/wp-content\/uploads\/2023\/11\/Madero-atelier_kela-desing_cocina-u_6-1-300x300.jpg 300w, https:\/\/cocinasmetodo.es\/wp-content\/uploads\/2023\/11\/Madero-atelier_kela-desing_cocina-u_6-1-1030x1030.jpg 1030w, https:\/\/cocinasmetodo.es\/wp-content\/uploads\/2023\/11\/Madero-atelier_kela-desing_cocina-u_6-1-80x80.jpg 80w, https:\/\/cocinasmetodo.es\/wp-content\/uploads\/2023\/11\/Madero-atelier_kela-desing_cocina-u_6-1-768x768.jpg 768w, https:\/\/cocinasmetodo.es\/wp-content\/uploads\/2023\/11\/Madero-atelier_kela-desing_cocina-u_6-1-1536x1536.jpg 1536w, https:\/\/cocinasmetodo.es\/wp-content\/uploads\/2023\/11\/Madero-atelier_kela-desing_cocina-u_6-1-36x36.jpg 36w, https:\/\/cocinasmetodo.es\/wp-content\/uploads\/2023\/11\/Madero-atelier_kela-desing_cocina-u_6-1-180x180.jpg 180w, https:\/\/cocinasmetodo.es\/wp-content\/uploads\/2023\/11\/Madero-atelier_kela-desing_cocina-u_6-1-1500x1500.jpg 1500w, https:\/\/cocinasmetodo.es\/wp-content\/uploads\/2023\/11\/Madero-atelier_kela-desing_cocina-u_6-1-705x705.jpg 705w\" sizes=\"(max-width: 2000px) 100vw, 2000px\" \/><\/div><\/div><\/div><br \/>\n\n<style type=\"text\/css\" data-created_by=\"avia_inline_auto\" id=\"style-css-av-b51jpv-8b1393f84acf2104a065d0d09d3a4565\">\n#top .hr.hr-invisible.av-b51jpv-8b1393f84acf2104a065d0d09d3a4565{\nheight:13px;\n}\n<\/style>\n<div  class='hr av-b51jpv-8b1393f84acf2104a065d0d09d3a4565 hr-invisible  avia-builder-el-24  el_after_av_image  el_before_av_textblock '><span class='hr-inner '><span class=\"hr-inner-style\"><\/span><\/span><\/div><br \/>\n<section  class='av_textblock_section av-8kx5ab-026ff47a00e50cf8193f53057a4c719c '   itemscope=\"itemscope\" itemtype=\"https:\/\/schema.org\/BlogPosting\" itemprop=\"blogPost\" ><div class='avia_textblock'  itemprop=\"text\" ><mark class=\"fp_sc_mark fp_ff_roboto-bold\" style=\"background: none;color: inherit;font-size: 14px;line-height: 14px;\">SUR L&rsquo;\u00c9CLAIRAGE <\/mark>\n<\/div><\/section><br \/>\n\n<style type=\"text\/css\" data-created_by=\"avia_inline_auto\" id=\"style-css-av-tgpcz-acd01b503e46c5db5e36f90526d3b5c2\">\n#top .hr.hr-invisible.av-tgpcz-acd01b503e46c5db5e36f90526d3b5c2{\nheight:25px;\n}\n<\/style>\n<div  class='hr av-tgpcz-acd01b503e46c5db5e36f90526d3b5c2 hr-invisible  avia-builder-el-26  el_after_av_textblock  el_before_av_textblock '><span class='hr-inner '><span class=\"hr-inner-style\"><\/span><\/span><\/div><br \/>\n<section  class='av_textblock_section av-lp2gj0bm-12e1f45e1dde3d0489e9861a21e3a10d '   itemscope=\"itemscope\" itemtype=\"https:\/\/schema.org\/BlogPosting\" itemprop=\"blogPost\" ><div class='avia_textblock'  itemprop=\"text\" ><mark class=\"fp_sc_mark fp_ff_roboto-light\" style=\"background: none;color: inherit;font-size: 19px;line-height: 25px;\">L&rsquo;\u00e9clairage LED est devenu l&rsquo;alli\u00e9 id\u00e9al des espaces de travail dans les cuisines. <strong>La raison principale est que dans la cuisine, nous manipulons et cuisinons des aliments et des outils, ce qui signifie que nous avons besoin d&rsquo;une lumi\u00e8re adapt\u00e9e \u00e0 ces utilisations<\/strong>. D&rsquo;autre part, une cuisine bien \u00e9clair\u00e9e a un effet visuel positif et donne l&rsquo;impression que la cuisine est plus grande.<\/mark>\n<\/div><\/section><br \/>\n\n<style type=\"text\/css\" data-created_by=\"avia_inline_auto\" id=\"style-css-av-590vhf-796c596377b031f239c77f85fd506950\">\n#top .hr.hr-invisible.av-590vhf-796c596377b031f239c77f85fd506950{\nheight:25px;\n}\n<\/style>\n<div  class='hr av-590vhf-796c596377b031f239c77f85fd506950 hr-invisible  avia-builder-el-28  el_after_av_textblock  el_before_av_textblock '><span class='hr-inner '><span class=\"hr-inner-style\"><\/span><\/span><\/div><br \/>\n<section  class='av_textblock_section av-dri4z-99dbcc57c2b1c6c3b1cd01fcc6085322 '   itemscope=\"itemscope\" itemtype=\"https:\/\/schema.org\/BlogPosting\" itemprop=\"blogPost\" ><div class='avia_textblock'  itemprop=\"text\" ><mark class=\"fp_sc_mark fp_ff_calvertmtstd-bold\" style=\"background: none;color: inherit;font-size: 23px;line-height: 26px;\">L&rsquo;\u00e9clairage ext\u00e9rieur de la cuisine \u00e9tant limit\u00e9, l&rsquo;\u00e9clairage int\u00e9rieur joue un r\u00f4le crucial dans la conception de l&rsquo;espace. Des lampes LED strat\u00e9giquement plac\u00e9es \u00e9clairent non seulement les zones de travail, mais mettent \u00e9galement en valeur les \u00e9l\u00e9ments d\u00e9coratifs et cr\u00e9ent une ambiance accueillante dans l&rsquo;ensemble de l&rsquo;espace.<\/mark>\n<\/div><\/section><br \/>\n\n<style type=\"text\/css\" data-created_by=\"avia_inline_auto\" id=\"style-css-av-2skaf7-d63f49c5142313944b2685c6e2b601ba\">\n#top .hr.hr-invisible.av-2skaf7-d63f49c5142313944b2685c6e2b601ba{\nheight:25px;\n}\n<\/style>\n<div  class='hr av-2skaf7-d63f49c5142313944b2685c6e2b601ba hr-invisible  avia-builder-el-30  el_after_av_textblock  avia-builder-el-last '><span class='hr-inner '><span class=\"hr-inner-style\"><\/span><\/span><\/div><\/p><\/div><\/div><\/div><\/div><!-- close content main div --><\/div><\/div><div id='av-layout-grid-1'  class='av-layout-grid-container av-551hg3-1443d25646e69c56e9ddc6b69bf01fe0 entry-content-wrapper main_color av-flex-cells  avia-builder-el-31  el_after_av_one_full  el_before_av_section  grid-row-not-first  container_wrap sidebar_right'  >\n<div class='flex_cell av-48vfmr-2970e628bb0ee0a6e7d00cccb0747229 av-gridrow-cell av_one_half no_margin  avia-builder-el-32  el_before_av_cell_one_half  avia-builder-el-first '  ><div class='flex_cell_inner'>\n<style type=\"text\/css\" data-created_by=\"avia_inline_auto\" id=\"style-css-av-lp2glfr8-5133383aedd46c369efb000ad1b74fb7\">\n.avia-image-container.av-lp2glfr8-5133383aedd46c369efb000ad1b74fb7 img.avia_image{\nbox-shadow:none;\n}\n.avia-image-container.av-lp2glfr8-5133383aedd46c369efb000ad1b74fb7 .av-image-caption-overlay-center{\ncolor:#ffffff;\n}\n<\/style>\n<div  class='avia-image-container av-lp2glfr8-5133383aedd46c369efb000ad1b74fb7 av-styling- avia-align-center  avia-builder-el-33  avia-builder-el-no-sibling '   itemprop=\"image\" itemscope=\"itemscope\" itemtype=\"https:\/\/schema.org\/ImageObject\" ><div class=\"avia-image-container-inner\"><div class=\"avia-image-overlay-wrap\"><img decoding=\"async\" fetchpriority=\"high\" class='wp-image-8250 avia-img-lazy-loading-not-8250 avia_image ' src=\"https:\/\/cocinasmetodo.es\/wp-content\/uploads\/2023\/11\/Madero-atelier_kela-desing_cocina-u_4-1.jpg\" alt='' title='Madero-atelier_kela-desing_cocina-u_4'  height=\"2000\" width=\"2000\"  itemprop=\"thumbnailUrl\" srcset=\"https:\/\/cocinasmetodo.es\/wp-content\/uploads\/2023\/11\/Madero-atelier_kela-desing_cocina-u_4-1.jpg 2000w, https:\/\/cocinasmetodo.es\/wp-content\/uploads\/2023\/11\/Madero-atelier_kela-desing_cocina-u_4-1-300x300.jpg 300w, https:\/\/cocinasmetodo.es\/wp-content\/uploads\/2023\/11\/Madero-atelier_kela-desing_cocina-u_4-1-1030x1030.jpg 1030w, https:\/\/cocinasmetodo.es\/wp-content\/uploads\/2023\/11\/Madero-atelier_kela-desing_cocina-u_4-1-80x80.jpg 80w, https:\/\/cocinasmetodo.es\/wp-content\/uploads\/2023\/11\/Madero-atelier_kela-desing_cocina-u_4-1-768x768.jpg 768w, https:\/\/cocinasmetodo.es\/wp-content\/uploads\/2023\/11\/Madero-atelier_kela-desing_cocina-u_4-1-1536x1536.jpg 1536w, https:\/\/cocinasmetodo.es\/wp-content\/uploads\/2023\/11\/Madero-atelier_kela-desing_cocina-u_4-1-36x36.jpg 36w, https:\/\/cocinasmetodo.es\/wp-content\/uploads\/2023\/11\/Madero-atelier_kela-desing_cocina-u_4-1-180x180.jpg 180w, https:\/\/cocinasmetodo.es\/wp-content\/uploads\/2023\/11\/Madero-atelier_kela-desing_cocina-u_4-1-1500x1500.jpg 1500w, https:\/\/cocinasmetodo.es\/wp-content\/uploads\/2023\/11\/Madero-atelier_kela-desing_cocina-u_4-1-705x705.jpg 705w\" sizes=\"(max-width: 2000px) 100vw, 2000px\" \/><\/div><\/div><\/div>\n<\/div><\/div><div class='flex_cell av-2htmo3-5b812541ec4a8b9e0921568cb25cdea4 av-gridrow-cell av_one_half no_margin  avia-builder-el-34  el_after_av_cell_one_half  avia-builder-el-last '  ><div class='flex_cell_inner'>\n<style type=\"text\/css\" data-created_by=\"avia_inline_auto\" id=\"style-css-av-lp2glr3d-53445d871151f33e194cddf2582ab1dd\">\n.avia-image-container.av-lp2glr3d-53445d871151f33e194cddf2582ab1dd img.avia_image{\nbox-shadow:none;\n}\n.avia-image-container.av-lp2glr3d-53445d871151f33e194cddf2582ab1dd .av-image-caption-overlay-center{\ncolor:#ffffff;\n}\n<\/style>\n<div  class='avia-image-container av-lp2glr3d-53445d871151f33e194cddf2582ab1dd av-styling- avia-align-center  avia-builder-el-35  avia-builder-el-no-sibling '   itemprop=\"image\" itemscope=\"itemscope\" itemtype=\"https:\/\/schema.org\/ImageObject\" ><div class=\"avia-image-container-inner\"><div class=\"avia-image-overlay-wrap\"><img decoding=\"async\" fetchpriority=\"high\" class='wp-image-8244 avia-img-lazy-loading-not-8244 avia_image ' src=\"https:\/\/cocinasmetodo.es\/wp-content\/uploads\/2023\/11\/Madero-atelier_kela-desing_cocina-u_1-1.jpg\" alt='' title='Madero-atelier_kela-desing_cocina-u_1'  height=\"2000\" width=\"2000\"  itemprop=\"thumbnailUrl\" srcset=\"https:\/\/cocinasmetodo.es\/wp-content\/uploads\/2023\/11\/Madero-atelier_kela-desing_cocina-u_1-1.jpg 2000w, https:\/\/cocinasmetodo.es\/wp-content\/uploads\/2023\/11\/Madero-atelier_kela-desing_cocina-u_1-1-300x300.jpg 300w, https:\/\/cocinasmetodo.es\/wp-content\/uploads\/2023\/11\/Madero-atelier_kela-desing_cocina-u_1-1-1030x1030.jpg 1030w, https:\/\/cocinasmetodo.es\/wp-content\/uploads\/2023\/11\/Madero-atelier_kela-desing_cocina-u_1-1-80x80.jpg 80w, https:\/\/cocinasmetodo.es\/wp-content\/uploads\/2023\/11\/Madero-atelier_kela-desing_cocina-u_1-1-768x768.jpg 768w, https:\/\/cocinasmetodo.es\/wp-content\/uploads\/2023\/11\/Madero-atelier_kela-desing_cocina-u_1-1-1536x1536.jpg 1536w, https:\/\/cocinasmetodo.es\/wp-content\/uploads\/2023\/11\/Madero-atelier_kela-desing_cocina-u_1-1-36x36.jpg 36w, https:\/\/cocinasmetodo.es\/wp-content\/uploads\/2023\/11\/Madero-atelier_kela-desing_cocina-u_1-1-180x180.jpg 180w, https:\/\/cocinasmetodo.es\/wp-content\/uploads\/2023\/11\/Madero-atelier_kela-desing_cocina-u_1-1-1500x1500.jpg 1500w, https:\/\/cocinasmetodo.es\/wp-content\/uploads\/2023\/11\/Madero-atelier_kela-desing_cocina-u_1-1-705x705.jpg 705w\" sizes=\"(max-width: 2000px) 100vw, 2000px\" \/><\/div><\/div><\/div>\n<\/div><\/div>\n<\/div><\/p>\n<div id='av_section_2'  class='avia-section av-nebe5f-eb5dc112193cc2d673b60ee9996efd5e main_color avia-section-default avia-no-border-styling  avia-builder-el-36  el_after_av_layout_row  el_before_av_section  avia-bg-style-scroll container_wrap sidebar_right'  ><div class='container av-section-cont-open' ><div class='template-page content  av-content-small alpha units'><div class='post-entry post-entry-type-page post-entry-9029'><div class='entry-content-wrapper clearfix'>\n<div  class='flex_column av-muy5ub-08f6c77a600f6dc8ff506a6c0016980f av_one_full  avia-builder-el-37  avia-builder-el-no-sibling  first flex_column_div  '     ><p><section  class='av_textblock_section av-kykbar-ac8ba44d2422b6b01abc83c3e49bfb49 '   itemscope=\"itemscope\" itemtype=\"https:\/\/schema.org\/BlogPosting\" itemprop=\"blogPost\" ><div class='avia_textblock'  itemprop=\"text\" ><mark class=\"fp_sc_mark fp_ff_roboto-bold\" style=\"background: none;color: inherit;font-size: 14px;line-height: 14px;\">SUR L&rsquo;ARCHITECTURE D&rsquo;INT\u00c9RIEUR <\/mark>\n<\/div><\/section><br \/>\n\n<style type=\"text\/css\" data-created_by=\"avia_inline_auto\" id=\"style-css-av-j3qu2r-5a37dd780ec658df90fbbef2201662a3\">\n#top .hr.hr-invisible.av-j3qu2r-5a37dd780ec658df90fbbef2201662a3{\nheight:13px;\n}\n<\/style>\n<div  class='hr av-j3qu2r-5a37dd780ec658df90fbbef2201662a3 hr-invisible  avia-builder-el-39  el_after_av_textblock  el_before_av_textblock '><span class='hr-inner '><span class=\"hr-inner-style\"><\/span><\/span><\/div><br \/>\n<section  class='av_textblock_section av-i54woj-e1065d00185f8c7f9a70edd7a919d813 '   itemscope=\"itemscope\" itemtype=\"https:\/\/schema.org\/BlogPosting\" itemprop=\"blogPost\" ><div class='avia_textblock'  itemprop=\"text\" ><mark class=\"fp_sc_mark fp_ff_calvertmtstd-bold\" style=\"background: none;color: inherit;font-size: 23px;line-height: 26px;\">En ce qui concerne la d\u00e9coration int\u00e9rieure, des robinets aux poign\u00e9es des armoires, chaque accessoire a \u00e9t\u00e9 s\u00e9lectionn\u00e9 avec pr\u00e9cision pour compl\u00e9ter l&rsquo;esth\u00e9tique g\u00e9n\u00e9rale. Les d\u00e9tails noirs ajoutent une touche de luxe et cr\u00e9ent une coh\u00e9sion visuelle dans toute la cuisine. La combinaison du noir et du blanc, lorsqu&rsquo;elle est associ\u00e9e au minimalisme, est tr\u00e8s parlante. L&rsquo;absence d&rsquo;\u00e9l\u00e9ments inutiles ou satur\u00e9s permet \u00e0 la palette de couleurs de prendre le devant de la sc\u00e8ne, cr\u00e9ant ainsi une cuisine \u00e0 la fois audacieuse et sophistiqu\u00e9e.<\/mark>\n<\/div><\/section><br \/>\n\n<style type=\"text\/css\" data-created_by=\"avia_inline_auto\" id=\"style-css-av-fydwhv-a88fcee833e8d470d1da0a06bff45a6f\">\n#top .hr.hr-invisible.av-fydwhv-a88fcee833e8d470d1da0a06bff45a6f{\nheight:30px;\n}\n<\/style>\n<div  class='hr av-fydwhv-a88fcee833e8d470d1da0a06bff45a6f hr-invisible  avia-builder-el-41  el_after_av_textblock  el_before_av_textblock '><span class='hr-inner '><span class=\"hr-inner-style\"><\/span><\/span><\/div><br \/>\n<section  class='av_textblock_section av-et7zqb-df7592a01e953ace9672739690d3d40d '   itemscope=\"itemscope\" itemtype=\"https:\/\/schema.org\/BlogPosting\" itemprop=\"blogPost\" ><div class='avia_textblock'  itemprop=\"text\" ><mark class=\"fp_sc_mark fp_ff_roboto-light\" style=\"background: none;color: inherit;font-size: 19px;line-height: 25px;\">Le choix d&rsquo;une palette de couleurs essentiellement blanches avec des touches de finition en bois cr\u00e9e une atmosph\u00e8re calme et intemporelle. Le blanc, qui domine dans les armoires et les comptoirs, agrandit visuellement l&rsquo;espace, tandis que les touches de bois ajoutent de la chaleur et de la texture, cr\u00e9ant ainsi une harmonie esth\u00e9tique unique.<\/mark>\n<\/div><\/section><br \/>\n\n<style type=\"text\/css\" data-created_by=\"avia_inline_auto\" id=\"style-css-av-d0nbgj-de51d062f2e20a1ad8b55e89868a8672\">\n#top .hr.hr-invisible.av-d0nbgj-de51d062f2e20a1ad8b55e89868a8672{\nheight:30px;\n}\n<\/style>\n<div  class='hr av-d0nbgj-de51d062f2e20a1ad8b55e89868a8672 hr-invisible  avia-builder-el-43  el_after_av_textblock  avia-builder-el-last '><span class='hr-inner '><span class=\"hr-inner-style\"><\/span><\/span><\/div><\/p><\/div><\/div><\/div><\/div><!-- close content main div --><\/div><\/div>\n<style type=\"text\/css\" data-created_by=\"avia_inline_auto\" id=\"style-css-av-adetj7-aee8d34c1692093cdbbdb68afc90f377\">\n.avia-section.av-adetj7-aee8d34c1692093cdbbdb68afc90f377{\nbackground-color:#efefef;\nbackground-image:unset;\n}\n<\/style>\n<div id='av_section_3'  class='avia-section av-adetj7-aee8d34c1692093cdbbdb68afc90f377 main_color avia-section-default avia-no-border-styling  avia-builder-el-44  el_after_av_section  el_before_av_section  avia-bg-style-scroll container_wrap sidebar_right'  ><div class='container av-section-cont-open' ><div class='template-page content  av-content-small alpha units'><div class='post-entry post-entry-type-page post-entry-9029'><div class='entry-content-wrapper clearfix'>\n\n<style type=\"text\/css\" data-created_by=\"avia_inline_auto\" id=\"style-css-av-ws377-e5f6a082d924d51aaf5992479c421a81\">\n#top .hr.hr-invisible.av-ws377-e5f6a082d924d51aaf5992479c421a81{\nheight:10px;\n}\n<\/style>\n<div  class='hr av-ws377-e5f6a082d924d51aaf5992479c421a81 hr-invisible  avia-builder-el-45  el_before_av_textblock  avia-builder-el-first '><span class='hr-inner '><span class=\"hr-inner-style\"><\/span><\/span><\/div>\n<section  class='av_textblock_section av-7kkf37-b323ce872c883158d4f44e32a4921150 '   itemscope=\"itemscope\" itemtype=\"https:\/\/schema.org\/BlogPosting\" itemprop=\"blogPost\" ><div class='avia_textblock'  itemprop=\"text\" ><mark class=\"fp_sc_mark fp_ff_roboto-bold\" style=\"background: none;color: inherit;font-size: 14px;line-height: 14px;\">D&rsquo;AUTRES PROJETS SUSCEPTIBLES DE VOUS INT\u00c9RESSER <\/mark>\n<\/div><\/section>\n\n<style type=\"text\/css\" data-created_by=\"avia_inline_auto\" id=\"style-css-av-55tk8z-c42747fe643618dbd4ee676ee413987a\">\n#top .hr.hr-invisible.av-55tk8z-c42747fe643618dbd4ee676ee413987a{\nheight:10px;\n}\n<\/style>\n<div  class='hr av-55tk8z-c42747fe643618dbd4ee676ee413987a hr-invisible  avia-builder-el-47  el_after_av_textblock  el_before_av_masonry_entries  avia-builder-el-last '><span class='hr-inner '><span class=\"hr-inner-style\"><\/span><\/span><\/div>\n<div id='av-masonry-1' class='av-masonry av-3s12xf-7eb8fb3bd6c8a25d1a1c9e656c8eabf7 noHover av-flex-size av-large-gap av-hover-overlay- av-masonry-animation-active av-masonry-col-3 av-caption-always av-caption-style- av-masonry-entries ' data-post_id=\"9029\"><div class=\"av-masonry-container isotope av-js-disabled\"><div class='av-masonry-entry isotope-item av-masonry-item-no-image '><\/div><a href=\"https:\/\/cocinasmetodo.es\/fr\/mia-cuina-proyecto-pal\/\"  id='av-masonry-1-item-18249' data-av-masonry-item='18249' class='av-masonry-entry isotope-item post-18249 post type-post status-publish format-standard has-post-thumbnail hentry category-cuisines category-projets tag-cocinas-grandes tag-cocinas-metodo-fr tag-metodo-fr tag-mia-cuina tag-proyecto-cocina-fr  av-masonry-item-with-image' title=\"Contorns | LIA\"   itemscope=\"itemscope\" itemtype=\"https:\/\/schema.org\/BlogPosting\" itemprop=\"blogPost\" ><div class='av-inner-masonry-sizer'><\/div><figure class='av-inner-masonry main_color'><div class=\"av-masonry-outerimage-container\"><div class='av-masonry-image-container'  ><img decoding=\"async\" width=\"1600\" height=\"1563\" fetchpriority=\"high\" class=\"wp-image-17747 avia-img-lazy-loading-not-17747\"  src=\"https:\/\/cocinasmetodo.es\/wp-content\/uploads\/2026\/03\/Metodo-mia-cuina-proyecto-pal-1.jpg\" title=\"Contorns | LIA\" alt=\"\" srcset=\"https:\/\/cocinasmetodo.es\/wp-content\/uploads\/2026\/03\/Metodo-mia-cuina-proyecto-pal-1.jpg 1600w, https:\/\/cocinasmetodo.es\/wp-content\/uploads\/2026\/03\/Metodo-mia-cuina-proyecto-pal-1-300x293.jpg 300w, https:\/\/cocinasmetodo.es\/wp-content\/uploads\/2026\/03\/Metodo-mia-cuina-proyecto-pal-1-768x750.jpg 768w, https:\/\/cocinasmetodo.es\/wp-content\/uploads\/2026\/03\/Metodo-mia-cuina-proyecto-pal-1-1536x1500.jpg 1536w, https:\/\/cocinasmetodo.es\/wp-content\/uploads\/2026\/03\/Metodo-mia-cuina-proyecto-pal-1-36x36.jpg 36w, https:\/\/cocinasmetodo.es\/wp-content\/uploads\/2026\/03\/Metodo-mia-cuina-proyecto-pal-1-1500x1465.jpg 1500w, https:\/\/cocinasmetodo.es\/wp-content\/uploads\/2026\/03\/Metodo-mia-cuina-proyecto-pal-1-705x689.jpg 705w\" sizes=\"(max-width: 1600px) 100vw, 1600px\" \/><\/div><\/div><figcaption class='av-inner-masonry-content site-background'><div class='av-inner-masonry-content-pos'><div class='av-inner-masonry-content-pos-content'><div class='avia-arrow'><\/div><h3 class='av-masonry-entry-title entry-title '  itemprop=\"headline\" >Un design moderne, aux racines traditionnelles : Mia Cuina red\u00e9finit la cuisine comme le c\u0153ur de la maison et red\u00e9finit l&rsquo;harmonie de l&rsquo;espace familial.<\/h3><span class='av-masonry-date meta-color updated'>2026-04-27<\/span><span class=\"av-masonry-text-sep text-sep-author\">\/<\/span><span class='av-masonry-author meta-color author'><span class='fn'>par admin<\/span><\/span><\/div><\/div><\/figcaption><\/figure><\/a><!--end av-masonry entry--><a href=\"https:\/\/cocinasmetodo.es\/fr\/mia-cuina-proyecto-quart\/\"  id='av-masonry-1-item-18246' data-av-masonry-item='18246' class='av-masonry-entry isotope-item post-18246 post type-post status-publish format-standard has-post-thumbnail hentry category-cuisines category-projets tag-cocinas-en-claro tag-cocinas-en-madera tag-cocinas-grandes tag-cocinas-metodo-fr  av-masonry-item-with-image' title=\"Me\u0301todo-mia-cuina-proyecto-quart-3\"   itemscope=\"itemscope\" itemtype=\"https:\/\/schema.org\/BlogPosting\" itemprop=\"blogPost\" ><div class='av-inner-masonry-sizer'><\/div><figure class='av-inner-masonry main_color'><div class=\"av-masonry-outerimage-container\"><div class='av-masonry-image-container'  ><img decoding=\"async\" width=\"2000\" height=\"1334\" fetchpriority=\"high\" class=\"wp-image-17787 avia-img-lazy-loading-not-17787\"  src=\"https:\/\/cocinasmetodo.es\/wp-content\/uploads\/2026\/03\/Metodo-mia-cuina-proyecto-quart-3.webp\" title=\"Me\u0301todo-mia-cuina-proyecto-quart-3\" alt=\"\" srcset=\"https:\/\/cocinasmetodo.es\/wp-content\/uploads\/2026\/03\/Metodo-mia-cuina-proyecto-quart-3.webp 2000w, https:\/\/cocinasmetodo.es\/wp-content\/uploads\/2026\/03\/Metodo-mia-cuina-proyecto-quart-3-300x200.webp 300w, https:\/\/cocinasmetodo.es\/wp-content\/uploads\/2026\/03\/Metodo-mia-cuina-proyecto-quart-3-1920x1281.webp 1920w, https:\/\/cocinasmetodo.es\/wp-content\/uploads\/2026\/03\/Metodo-mia-cuina-proyecto-quart-3-768x512.webp 768w, https:\/\/cocinasmetodo.es\/wp-content\/uploads\/2026\/03\/Metodo-mia-cuina-proyecto-quart-3-1536x1025.webp 1536w, https:\/\/cocinasmetodo.es\/wp-content\/uploads\/2026\/03\/Metodo-mia-cuina-proyecto-quart-3-1500x1001.webp 1500w, https:\/\/cocinasmetodo.es\/wp-content\/uploads\/2026\/03\/Metodo-mia-cuina-proyecto-quart-3-705x470.webp 705w\" sizes=\"(max-width: 2000px) 100vw, 2000px\" \/><\/div><\/div><figcaption class='av-inner-masonry-content site-background'><div class='av-inner-masonry-content-pos'><div class='av-inner-masonry-content-pos-content'><div class='avia-arrow'><\/div><h3 class='av-masonry-entry-title entry-title '  itemprop=\"headline\" >Des cuisines qui invitent \u00e0 la vie : le projet de Mia Cuina qui transforme la cuisine en un lieu de rencontre.<\/h3><span class='av-masonry-date meta-color updated'>2026-04-27<\/span><span class=\"av-masonry-text-sep text-sep-author\">\/<\/span><span class='av-masonry-author meta-color author'><span class='fn'>par admin<\/span><\/span><\/div><\/div><\/figcaption><\/figure><\/a><!--end av-masonry entry--><a href=\"https:\/\/cocinasmetodo.es\/fr\/kela-interiorismo-proyecto-cocina-familiar\/\"  id='av-masonry-1-item-16004' data-av-masonry-item='16004' class='av-masonry-entry isotope-item post-16004 post type-post status-publish format-standard has-post-thumbnail hentry category-cuisines category-projets tag-cocina-fr tag-cocinas-metodo-fr tag-metodo-fr tag-proyectos-cocinas-fr tag-proyectos-interioristas-fr  av-masonry-item-with-image' title=\"Metodo-proyecto-Kela-design-Agurain-01\"   itemscope=\"itemscope\" itemtype=\"https:\/\/schema.org\/BlogPosting\" itemprop=\"blogPost\" ><div class='av-inner-masonry-sizer'><\/div><figure class='av-inner-masonry main_color'><div class=\"av-masonry-outerimage-container\"><div class='av-masonry-image-container'  ><img decoding=\"async\" width=\"2000\" height=\"1333\" fetchpriority=\"high\" class=\"wp-image-14839 avia-img-lazy-loading-not-14839\"  src=\"https:\/\/cocinasmetodo.es\/wp-content\/uploads\/2025\/07\/Metodo-proyecto-Kela-design-Agurain-01.jpg\" title=\"Metodo-proyecto-Kela-design-Agurain-01\" alt=\"\" srcset=\"https:\/\/cocinasmetodo.es\/wp-content\/uploads\/2025\/07\/Metodo-proyecto-Kela-design-Agurain-01.jpg 2000w, https:\/\/cocinasmetodo.es\/wp-content\/uploads\/2025\/07\/Metodo-proyecto-Kela-design-Agurain-01-300x200.jpg 300w, https:\/\/cocinasmetodo.es\/wp-content\/uploads\/2025\/07\/Metodo-proyecto-Kela-design-Agurain-01-1920x1280.jpg 1920w, https:\/\/cocinasmetodo.es\/wp-content\/uploads\/2025\/07\/Metodo-proyecto-Kela-design-Agurain-01-768x512.jpg 768w, https:\/\/cocinasmetodo.es\/wp-content\/uploads\/2025\/07\/Metodo-proyecto-Kela-design-Agurain-01-1536x1024.jpg 1536w, https:\/\/cocinasmetodo.es\/wp-content\/uploads\/2025\/07\/Metodo-proyecto-Kela-design-Agurain-01-1500x1000.jpg 1500w, https:\/\/cocinasmetodo.es\/wp-content\/uploads\/2025\/07\/Metodo-proyecto-Kela-design-Agurain-01-705x470.jpg 705w\" sizes=\"(max-width: 2000px) 100vw, 2000px\" \/><\/div><\/div><figcaption class='av-inner-masonry-content site-background'><div class='av-inner-masonry-content-pos'><div class='av-inner-masonry-content-pos-content'><div class='avia-arrow'><\/div><h3 class='av-masonry-entry-title entry-title '  itemprop=\"headline\" >Fonctionnelle, lumineuse et accueillante : une cuisine familiale con\u00e7ue par Kela Interiorismo<\/h3><span class='av-masonry-date meta-color updated'>2026-03-30<\/span><span class=\"av-masonry-text-sep text-sep-author\">\/<\/span><span class='av-masonry-author meta-color author'><span class='fn'>par admin<\/span><\/span><\/div><\/div><\/figcaption><\/figure><\/a><!--end av-masonry entry--><\/div><\/div>\n\n<style type=\"text\/css\" data-created_by=\"avia_inline_auto\" id=\"style-css-av-2htudv-65f2bbed914469f36a2172e8376717bc\">\n#top .hr.hr-invisible.av-2htudv-65f2bbed914469f36a2172e8376717bc{\nheight:30px;\n}\n<\/style>\n<div  class='hr av-2htudv-65f2bbed914469f36a2172e8376717bc hr-invisible  avia-builder-el-49  el_after_av_masonry_entries  avia-builder-el-no-sibling '><span class='hr-inner '><span class=\"hr-inner-style\"><\/span><\/span><\/div>\n<\/div><\/div><\/div><!-- close content main div --><\/div><\/div><div id='av_section_4'  class='avia-section av-av_section-2dcb3d115e2e5af9a73072e0505910f8 main_color avia-section-default avia-no-border-styling  avia-builder-el-50  el_after_av_section  avia-builder-el-last  avia-bg-style-scroll container_wrap sidebar_right'  ><div class='container av-section-cont-open' ><div class='template-page content  av-content-small alpha units'><div class='post-entry post-entry-type-page post-entry-9029'><div class='entry-content-wrapper clearfix'>\n\n<style type=\"text\/css\" data-created_by=\"avia_inline_auto\" id=\"style-css-av-av_one_half-20055cb80cd6587bf208b0461d536078\">\n.flex_column.av-av_one_half-20055cb80cd6587bf208b0461d536078{\nborder-radius:0px 0px 0px 0px;\npadding:0px 30px 0px 0px;\n}\n<\/style>\n<div  class='flex_column av-av_one_half-20055cb80cd6587bf208b0461d536078 av_one_half  avia-builder-el-51  el_before_av_one_half  avia-builder-el-first  first flex_column_div  '     ><section  class='av_textblock_section av-av_textblock-32af9c344aeda5838e62bcf702809feb '   itemscope=\"itemscope\" itemtype=\"https:\/\/schema.org\/BlogPosting\" itemprop=\"blogPost\" ><div class='avia_textblock'  itemprop=\"text\" ><div data-uniq='69f4f6df89e4c' class='uniq-69f4f6df89e4c formcraft-css form-live align-left'><script> window.formcraftLogic = window.formcraftLogic || {}; window.formcraftLogic[2] = []; <\/script><div class=\"fc-pagination-cover fc-pagination-1\">\n\t\t\t\t<div class=\"fc-pagination width-100\">\n\t\t\t\t\t<!-- ngRepeat: page in Builder.FormElements track by $index --><div class=\"pagination-trigger \" data-index=\"0\">\n\t\t\t\t\t\t<span class=\"page-number\"><span >1<\/span><\/span>\n\t\t\t\t\t\t<span class=\"page-name \">Step 1<\/span>\n\t\t\t\t\t\t\n\t\t\t\t\t<\/div><!-- end ngRepeat: page in Builder.FormElements track by $index -->\n\t\t\t\t<\/div>\n\t\t\t<\/div>\n\t\t\t\n\t\t\t<style scoped=\"scoped\" >\n\t\t\t@media (max-width : 480px) {\n\t\t\t\t.fc_modal-dialog-2 .fc-pagination-cover .fc-pagination\n\t\t\t\t{\n\t\t\t\t\tbackground-color: none !important;\n\t\t\t\t}\n\t\t\t}\n\t\t\t\t\t\t.formcraft-css .fc-form.fc-form-2 .form-element .submit-cover .submit-button,\n\t\t\t.formcraft-css .fc-form.fc-form-2 .form-element .fileupload-cover .button-file,\n\t\t\t.formcraft-css .fc-form.fc-form-2 .form-element .field-cover .button,\n\t\t\t.formcraft-datepicker .ui-datepicker-header,\n\t\t\t.formcraft-datepicker .ui-datepicker-title\n\t\t\t{\n\t\t\t\tbackground: #4488ee;\n\t\t\t\tcolor: #0a0a0a;\n\t\t\t}\n\t\t\t.formcraft-datepicker td .ui-state-active,\n\t\t\t.formcraft-datepicker td .ui-state-hover,\n\t\t\t.formcraft-css .fc-form.fc-form-2 .form-element .slider-cover .ui-slider-range\n\t\t\t{\n\t\t\t\tbackground: #4488ee;\n\t\t\t}\n\t\t\t#ui-datepicker-div.formcraft-datepicker .ui-datepicker-header,\n\t\t\t.formcraft-css .fc-form .field-cover>div.full hr\n\t\t\t{\n\t\t\t\tborder-color: #3b77d1;\n\t\t\t}\n\t\t\t#ui-datepicker-div.formcraft-datepicker .ui-datepicker-prev:hover,\n\t\t\t#ui-datepicker-div.formcraft-datepicker .ui-datepicker-next:hover,\n\t\t\t#ui-datepicker-div.formcraft-datepicker select.ui-datepicker-month:hover,\n\t\t\t#ui-datepicker-div.formcraft-datepicker select.ui-datepicker-year:hover\n\t\t\t{\n\t\t\t\tbackground-color: #3b77d1;\n\t\t\t}\n\t\t\t.formcraft-css .fc-pagination>div.active .page-number,\n\t\t\t.formcraft-css .form-cover-builder .fc-pagination>div:first-child .page-number\n\t\t\t{\n\t\t\t\tbackground-color: #0a0000;\n\t\t\t\tcolor: #0a0a0a;\n\t\t\t}\n\t\t\t#ui-datepicker-div.formcraft-datepicker table.ui-datepicker-calendar th,\n\t\t\t#ui-datepicker-div.formcraft-datepicker table.ui-datepicker-calendar td.ui-datepicker-today a,\n\t\t\t.formcraft-css .fc-form.fc-form-2 .form-element .star-cover label,\n\t\t\thtml .formcraft-css .fc-form.label-floating .form-element .field-cover.has-focus>span,\n\t\t\t.formcraft-css .fc-form.fc-form-2 .form-element .customText-cover a,\n\t\t\t.formcraft-css .prev-next>div span:hover\n\t\t\t{\n\t\t\t\tcolor: #4488ee;\n\t\t\t}\n\t\t\t.formcraft-css .fc-form.fc-form-2 .form-element .customText-cover a:hover\n\t\t\t{\n\t\t\t\tcolor: #3b77d1;\n\t\t\t}\n\t\t\thtml .formcraft-css .fc-form.fc-form-2.label-floating .form-element .field-cover > span\n\t\t\t{\n\t\t\t\tcolor: #666666;\n\t\t\t}\n\t\t\thtml .formcraft-css .fc-form .final-success .final-success-check {\n\t\t\t\tborder: 2px solid #666666;\n\t\t\t}\n\t\t\t.formcraft-css .fc-form.fc-form-2 .form-element .field-cover input[type=\"text\"],\n\t\t\t.formcraft-css .fc-form.fc-form-2 .form-element .field-cover input[type=\"email\"],\n\t\t\t.formcraft-css .fc-form.fc-form-2 .form-element .field-cover input[type=\"password\"],\n\t\t\t.formcraft-css .fc-form.fc-form-2 .form-element .field-cover input[type=\"tel\"],\n\t\t\t.formcraft-css .fc-form.fc-form-2 .form-element .field-cover textarea,\n\t\t\t.formcraft-css .fc-form.fc-form-2 .form-element .field-cover select,\n\t\t\t.formcraft-css .fc-form.fc-form-2 .form-element .field-cover .time-fields-cover,\n\t\t\t.formcraft-css .fc-form.fc-form-2 .form-element .field-cover .awesomplete ul\n\t\t\t{\n\t\t\t\tcolor: #777;\n\t\t\t}\n\t\t\t.formcraft-css .fc-form.fc-form-2 .form-element .field-cover input[type=\"text\"],\n\t\t\t.formcraft-css .fc-form.fc-form-2 .form-element .field-cover input[type=\"password\"],\n\t\t\t.formcraft-css .fc-form.fc-form-2 .form-element .field-cover input[type=\"email\"],\n\t\t\t.formcraft-css .fc-form.fc-form-2 .form-element .field-cover input[type=\"radio\"],\n\t\t\t.formcraft-css .fc-form.fc-form-2 .form-element .field-cover input[type=\"checkbox\"],\n\t\t\t.formcraft-css .fc-form.fc-form-2 .form-element .field-cover input[type=\"tel\"],\n\t\t\t.formcraft-css .fc-form.fc-form-2 .form-element .field-cover select,\n\t\t\t.formcraft-css .fc-form.fc-form-2 .form-element .field-cover textarea\n\t\t\t{\n\t\t\t\tbackground-color: #fafafa;\n\t\t\t}\n\t\t\t.formcraft-css .fc-form.fc-form-2 .form-element .field-cover input[type=\"radio\"]:checked,\n\t\t\t.formcraft-css .fc-form.fc-form-2 .form-element .field-cover input[type=\"checkbox\"]:checked {\n\t\t\t\tborder-color: #3b77d1;\n\t\t\t\tbackground: #4488ee;\t\t\t\t\n\t\t\t}\n\t\t\t.formcraft-css .fc-form.fc-form-2 .form-element .star-cover label .star\n\t\t\t{\n\t\t\t\ttext-shadow: 0px 1px 0px #3b77d1;\n\t\t\t}\n\t\t\t.formcraft-css .fc-form.fc-form-2 .form-element .slider-cover .ui-slider-range\n\t\t\t{\n\t\t\t\tbox-shadow: 0px 1px 1px #3b77d1 inset;\n\t\t\t}\n\t\t\t.formcraft-css .fc-form.fc-form-2 .form-element .fileupload-cover .button-file\n\t\t\t{\n\t\t\t\tborder-color: #3b77d1;\n\t\t\t}\n\t\t\t.formcraft-css .fc-form.fc-form-2 .form-element .form-element-html input[type=\"password\"]:focus,\n\t\t\t.formcraft-css .fc-form.fc-form-2 .form-element .form-element-html input[type=\"email\"]:focus,\n\t\t\t.formcraft-css .fc-form.fc-form-2 .form-element .form-element-html input[type=\"tel\"]:focus,\n\t\t\t.formcraft-css .fc-form.fc-form-2 .form-element .form-element-html input[type=\"text\"]:focus,\n\t\t\t.formcraft-css .fc-form.fc-form-2 .form-element .form-element-html textarea:focus,\n\t\t\t.formcraft-css .fc-form.fc-form-2 .form-element .form-element-html select:focus\n\t\t\t{\n\t\t\t\tborder-color: #4488ee;\n\t\t\t}\n\t\t\t.formcraft-css .fc-form.fc-form-2 .form-element .form-element-html .field-cover .is-read-only:focus {\n\t\t\t\tborder-color: #ccc;\n\t\t\t}\n\t\t\t.formcraft-css .fc-form.fc-form-2\t\t\t{\n\t\t\t\tfont-family: inherit;\n\t\t\t}\n\t\t\t@media (max-width : 480px) {\n\t\t\t\thtml .dedicated-page,\n\t\t\t\thtml .dedicated-page .formcraft-css .fc-pagination > div.active\n\t\t\t\t{\n\t\t\t\t\tbackground: none;\n\t\t\t\t}\n\t\t\t}\n\t\t<\/style>\n\t\t<div class=\"form-cover\">\n\t\t\t<form data-auto-scroll=\"\" data-no-message-redirect=\"\" data-thousand=\"\" data-decimal=\".\" data-delay=\"\" data-id=\"2\" class=\"fc-form fc-form-2 align- fc-temp-class save-form- dont-submit-hidden- disable-enter- label-block field-border-visible frame-hidden remove-asterisk-true icons-hide-true field-alignment-left\" style=\"width: 550px; color: #666666; font-size: 100%; background: none\">\n\t\t\t\t<!-- ngRepeat: page in Builder.FormElements track by $index --><div class=\"form-page form-page-0\" data-index=\"0\">\n\t\t\t\t\t\n\t\t\t\t\t<div class=\"form-page-content      ng-not-empty\">\n\t\t\t\t\t\t<div data-identifier=\"field2\" data-index=\"0\" style=\"width: 100%\" class=\" form-element form-element-field2 options-false form-element-0 default-false form-element-type-oneLineText is-required-true odd -handle\">\n\t\t\t\t\t\t\t<div class=\"form-element-html\"><div ><label class=\"oneLineText-cover field-cover \"><span class=\"sub-label-false\"><span class=\"main-label\"><span >Nombre<\/span><\/span><span class=\"sub-label\"><\/span><\/span><div><span class=\"error\"><\/span><input type=\"text\" placeholder=\"\" make-read-only=\"false\" data-field-id=\"field2\" name=\"field2[]\" data-min-char=\"\" data-max-char=\"\" data-val-type=\"\" data-regexp=\"\" data-is-required=\"true\" data-allow-spaces=\"true\" class=\"validation-lenient\" data-placement=\"right\" data-toggle=\"tooltip\" tooltip=\"\" data-trigger=\"focus\" data-html=\"true\" data-input-mask=\"\" data-mask-placeholder=\"\" data-original-title=\"\"><i class=\"formcraft-icon formcraft-icon-type-\"><\/i><\/div><\/label><\/div><\/div>\n\t\t\t\t\t\t\t\n\t\t\t\t\t\t<\/div><div data-identifier=\"field3\" data-index=\"1\" style=\"width: 100%\" class=\" even form-element form-element-field3 options-false form-element-1 default-false form-element-type-email is-required-true -handle\">\n\t\t\t\t\t\t\t<div class=\"form-element-html\"><div ><label class=\"email-cover field-cover \"><span class=\"sub-label-true\"><span class=\"main-label\"><span >Email<\/span><\/span><span class=\"sub-label\"><\/span><\/span><div><span class=\"error\"><\/span><input placeholder=\"\" data-field-id=\"field3\" type=\"text\" data-val-type=\"email\" make-read-only=\"\" data-is-required=\"true\" name=\"field3\" class=\"validation-lenient\" data-placement=\"right\" data-toggle=\"tooltip\" tooltip=\"\" data-trigger=\"focus\" data-html=\"true\" data-original-title=\"\"><i class=\"formcraft-icon\">email<\/i><\/div><\/label><\/div><\/div>\n\t\t\t\t\t\t\t\n\t\t\t\t\t\t<\/div><div data-identifier=\"field4\" data-index=\"2\" style=\"width: 100%\" class=\" form-element form-element-field4 options-false form-element-2 default-false form-element-type-submit is-required-false odd -handle\">\n\t\t\t\t\t\t\t<div class=\"form-element-html\"><div ><div class=\"align-left wide-false submit-cover field-cover\"><button type=\"submit\" class=\"button submit-button\"><span class=\"text \">SUSCRIBIRSE<\/span><span class=\"spin-cover\"><i style=\"color:\" class=\"loading-icon icon-cog animate-spin\"><\/i><\/span><\/button><\/div><div class=\"submit-response \"><\/div><label ><input type=\"text\" class=\"required_field\" name=\"website\" autocomplete=\"maple-syrup-pot\"><\/label><\/div><\/div>\n\t\t\t\t\t\t\t\n\t\t\t\t\t\t<\/div><div data-identifier=\"field5\" data-index=\"3\" style=\"width: 100%\" class=\" even form-element form-element-field5 options- form-element-3 default-false form-element-type-reCaptcha is-required-false -handle\">\n\t\t\t\t\t\t\t<div class=\"form-element-html\"><div ><div data-site-key=\"6LdNCXEgAAAAAJUsZtA1GGEyjqTKRjhfm-31PAF9\" class=\"captcha-placeholder \">reCaptcha v3<\/div><input type=\"hidden\" class=\"recaptcha-token \" name=\"recaptcha-token\"><\/div><\/div>\n\t\t\t\t\t\t\t\n\t\t\t\t\t\t<\/div>\n\t\t\t\t\t<\/div>\n\t\t\t\t<\/div><!-- end ngRepeat: page in Builder.FormElements track by $index -->\n\t\t\t<\/form>\n\t\t\t<div class=\"prev-next prev-next-1\" style=\"width: 550px; color: #666666; font-size: 100%; background: none\">\n\t\t\t\t<div>\n\t\t\t\t\t\n\t\t\t\t\t<span class=\"inactive page-prev \"><i class=\"formcraft-icon\">keyboard_arrow_left<\/i>Previous<\/span><\/div>\n\t\t\t\t<div>\n\t\t\t\t\t\n\t\t\t\t\t<span class=\"page-next \">Next<i class=\"formcraft-icon\">keyboard_arrow_right<\/i><\/span><\/div>\n\t\t\t<\/div>\n\t\t<\/div><a class=\"powered-by\" target=\"_blank\" href=\"http:\/\/formcraft-wp.com?source=pb\"\/>FormCraft - G\u00e9n\u00e9rateur de formulaires WordPress<\/a><\/div>\n<\/div><\/section><\/div>\n<style type=\"text\/css\" data-created_by=\"avia_inline_auto\" id=\"style-css-av-av_one_half-13730f23f8bc75eb6e000f89d883ac01\">\n.flex_column.av-av_one_half-13730f23f8bc75eb6e000f89d883ac01{\nborder-radius:0px 0px 0px 0px;\npadding:0px 30px 0px 0px;\n}\n<\/style>\n<div  class='flex_column av-av_one_half-13730f23f8bc75eb6e000f89d883ac01 av_one_half  avia-builder-el-53  el_after_av_one_half  avia-builder-el-last  flex_column_div  '     ><p><section  class='av_textblock_section av-av_textblock-32af9c344aeda5838e62bcf702809feb '   itemscope=\"itemscope\" itemtype=\"https:\/\/schema.org\/BlogPosting\" itemprop=\"blogPost\" ><div class='avia_textblock'  itemprop=\"text\" ><mark class=\"fp_sc_mark fp_ff_roboto-bold\" style=\"background: none;color: inherit;font-size: 12px;line-height: 12px;\">NEWSLETTERS<\/mark>\n<\/div><\/section><br \/>\n\n<style type=\"text\/css\" data-created_by=\"avia_inline_auto\" id=\"style-css-av-av_hr-3cdc9664f29087702913853352eac422\">\n#top .hr.hr-invisible.av-av_hr-3cdc9664f29087702913853352eac422{\nheight:10px;\n}\n<\/style>\n<div  class='hr av-av_hr-3cdc9664f29087702913853352eac422 hr-invisible  avia-builder-el-55  el_after_av_textblock  el_before_av_textblock '><span class='hr-inner '><span class=\"hr-inner-style\"><\/span><\/span><\/div><br \/>\n<section  class='av_textblock_section av-av_textblock-32af9c344aeda5838e62bcf702809feb '   itemscope=\"itemscope\" itemtype=\"https:\/\/schema.org\/BlogPosting\" itemprop=\"blogPost\" ><div class='avia_textblock'  itemprop=\"text\" ><mark class=\"fp_sc_mark fp_ff_calvertmtstd-bold\" style=\"background: none;color: inherit;font-size: 40px;line-height: 43px;\"> Souhaitez-vous \u00eatre inform\u00e9 ?<\/mark>\n<\/div><\/section><br \/>\n\n<style type=\"text\/css\" data-created_by=\"avia_inline_auto\" id=\"style-css-av-av_hr-3cdc9664f29087702913853352eac422\">\n#top .hr.hr-invisible.av-av_hr-3cdc9664f29087702913853352eac422{\nheight:10px;\n}\n<\/style>\n<div  class='hr av-av_hr-3cdc9664f29087702913853352eac422 hr-invisible  avia-builder-el-57  el_after_av_textblock  el_before_av_textblock '><span class='hr-inner '><span class=\"hr-inner-style\"><\/span><\/span><\/div><br \/>\n<section  class='av_textblock_section av-av_textblock-32af9c344aeda5838e62bcf702809feb '   itemscope=\"itemscope\" itemtype=\"https:\/\/schema.org\/BlogPosting\" itemprop=\"blogPost\" ><div class='avia_textblock'  itemprop=\"text\" ><mark class=\"fp_sc_mark fp_ff_roboto-light\" style=\"background: none;color: inherit;font-size: 25px;line-height: 28px;\">Vous aimez l&rsquo;univers de la d\u00e9coration d&rsquo;int\u00e9rieur et de la cuisine, vous souhaitez conna\u00eetre des astuces pour optimiser l&rsquo;espace, conna\u00eetre la meilleure distribution, conna\u00eetre des projets qui vous surprendront&#8230; ? Abonnez-vous \u00e0 notre newsletter pour recevoir du contenu comme celui-ci et bien plus encore.<\/mark>\n<\/div><\/section><\/p><\/div><\/div><\/div><\/div><!-- close content main div --><\/div><\/div><div id='after_section_4'  class='main_color av_default_container_wrap container_wrap sidebar_right'  ><div class='container av-section-cont-open' ><div class='template-page content  av-content-small alpha units'><div class='post-entry post-entry-type-page post-entry-9029'><div class='entry-content-wrapper clearfix'><\/p>\n","protected":false},"excerpt":{"rendered":"<p>Kela Design pr\u00e9sente un projet de cuisine qui allie l&rsquo;\u00e9l\u00e9gance du design \u00e0 la fonctionnalit\u00e9 de meubles de cuisine de haute qualit\u00e9. Cet espace, con\u00e7u pour s&rsquo;adapter \u00e0 une distribution en \u00ab\u00a0U\u00a0\u00bb, se distingue par sa combinaison de couleurs blanches et de d\u00e9tails en bois, cr\u00e9ant une atmosph\u00e8re intemporelle et chaleureuse.<\/p>\n","protected":false},"author":1,"featured_media":8248,"comment_status":"open","ping_status":"open","sticky":false,"template":"","format":"standard","meta":{"footnotes":""},"categories":[55],"tags":[255,317,318,254],"class_list":["post-9029","post","type-post","status-publish","format-standard","has-post-thumbnail","hentry","category-projets","tag-cocina-acogedora-fr","tag-cocina-en-u-fr","tag-kela-desing-vitoria-fr","tag-proyecto-cocina-fr"],"yoast_head":"<!-- This site is optimized with the Yoast SEO plugin v27.2 - https:\/\/yoast.com\/product\/yoast-seo-wordpress\/ -->\n<title>Projet de Kela Desing, une cuisine minimaliste et \u00e9l\u00e9gante - m\u00e9todo<\/title>\n<meta name=\"description\" content=\"Kela Design pr\u00e9sente un projet de cuisine qui allie l&#039;\u00e9l\u00e9gance du design \u00e0 la fonctionnalit\u00e9 de meubles de cuisine de haute qualit\u00e9. Cet espace, con\u00e7u pour s&#039;adapter \u00e0 une distribution en &quot;U&quot;, se distingue par sa combinaison de couleurs blanches et de d\u00e9tails en bois, cr\u00e9ant une atmosph\u00e8re intemporelle et chaleureuse.\" \/>\n<meta name=\"robots\" content=\"index, follow, max-snippet:-1, max-image-preview:large, max-video-preview:-1\" \/>\n<link rel=\"canonical\" href=\"https:\/\/cocinasmetodo.es\/fr\/projet-de-kela-desing-une-cuisine-minimaliste-et-elegante\/\" \/>\n<meta property=\"og:locale\" content=\"fr_FR\" \/>\n<meta property=\"og:type\" content=\"article\" \/>\n<meta property=\"og:title\" content=\"Projet de Kela Desing, une cuisine minimaliste et \u00e9l\u00e9gante - m\u00e9todo\" \/>\n<meta property=\"og:description\" content=\"Kela Design pr\u00e9sente un projet de cuisine qui allie l&#039;\u00e9l\u00e9gance du design \u00e0 la fonctionnalit\u00e9 de meubles de cuisine de haute qualit\u00e9. Cet espace, con\u00e7u pour s&#039;adapter \u00e0 une distribution en &quot;U&quot;, se distingue par sa combinaison de couleurs blanches et de d\u00e9tails en bois, cr\u00e9ant une atmosph\u00e8re intemporelle et chaleureuse.\" \/>\n<meta property=\"og:url\" content=\"https:\/\/cocinasmetodo.es\/fr\/projet-de-kela-desing-une-cuisine-minimaliste-et-elegante\/\" \/>\n<meta property=\"og:site_name\" content=\"m\u00e9todo\" \/>\n<meta property=\"article:published_time\" content=\"2024-02-09T11:56:26+00:00\" \/>\n<meta property=\"article:modified_time\" content=\"2024-02-09T12:02:32+00:00\" \/>\n<meta property=\"og:image\" content=\"https:\/\/cocinasmetodo.es\/wp-content\/uploads\/2023\/11\/Madero-atelier_kela-desing_cocina-u_3-1.jpg\" \/>\n\t<meta property=\"og:image:width\" content=\"2000\" \/>\n\t<meta property=\"og:image:height\" content=\"1333\" \/>\n\t<meta property=\"og:image:type\" content=\"image\/jpeg\" \/>\n<meta name=\"author\" content=\"admin\" \/>\n<meta name=\"twitter:card\" content=\"summary_large_image\" \/>\n<meta name=\"twitter:label1\" content=\"\u00c9crit par\" \/>\n\t<meta name=\"twitter:data1\" content=\"admin\" \/>\n\t<meta name=\"twitter:label2\" content=\"Dur\u00e9e de lecture estim\u00e9e\" \/>\n\t<meta name=\"twitter:data2\" content=\"5 minutes\" \/>\n<script type=\"application\/ld+json\" class=\"yoast-schema-graph\">{\"@context\":\"https:\/\/schema.org\",\"@graph\":[{\"@type\":\"Article\",\"@id\":\"https:\/\/cocinasmetodo.es\/fr\/projet-de-kela-desing-une-cuisine-minimaliste-et-elegante\/#article\",\"isPartOf\":{\"@id\":\"https:\/\/cocinasmetodo.es\/fr\/projet-de-kela-desing-une-cuisine-minimaliste-et-elegante\/\"},\"author\":{\"name\":\"admin\",\"@id\":\"https:\/\/cocinasmetodo.es\/#\/schema\/person\/cf74899f07207d3cb6021e2e6f17241f\"},\"headline\":\"Projet de Kela Desing, une cuisine minimaliste et \u00e9l\u00e9gante\",\"datePublished\":\"2024-02-09T11:56:26+00:00\",\"dateModified\":\"2024-02-09T12:02:32+00:00\",\"mainEntityOfPage\":{\"@id\":\"https:\/\/cocinasmetodo.es\/fr\/projet-de-kela-desing-une-cuisine-minimaliste-et-elegante\/\"},\"wordCount\":6610,\"commentCount\":0,\"publisher\":{\"@id\":\"https:\/\/cocinasmetodo.es\/#organization\"},\"image\":{\"@id\":\"https:\/\/cocinasmetodo.es\/fr\/projet-de-kela-desing-une-cuisine-minimaliste-et-elegante\/#primaryimage\"},\"thumbnailUrl\":\"https:\/\/cocinasmetodo.es\/wp-content\/uploads\/2023\/11\/Madero-atelier_kela-desing_cocina-u_3-1.jpg\",\"keywords\":[\"cocina acogedora\",\"cocina en u\",\"kela desing vitoria\",\"Proyecto cocina\"],\"articleSection\":[\"Projets\"],\"inLanguage\":\"fr-FR\",\"potentialAction\":[{\"@type\":\"CommentAction\",\"name\":\"Comment\",\"target\":[\"https:\/\/cocinasmetodo.es\/fr\/projet-de-kela-desing-une-cuisine-minimaliste-et-elegante\/#respond\"]}]},{\"@type\":\"WebPage\",\"@id\":\"https:\/\/cocinasmetodo.es\/fr\/projet-de-kela-desing-une-cuisine-minimaliste-et-elegante\/\",\"url\":\"https:\/\/cocinasmetodo.es\/fr\/projet-de-kela-desing-une-cuisine-minimaliste-et-elegante\/\",\"name\":\"Projet de Kela Desing, une cuisine minimaliste et \u00e9l\u00e9gante - m\u00e9todo\",\"isPartOf\":{\"@id\":\"https:\/\/cocinasmetodo.es\/#website\"},\"primaryImageOfPage\":{\"@id\":\"https:\/\/cocinasmetodo.es\/fr\/projet-de-kela-desing-une-cuisine-minimaliste-et-elegante\/#primaryimage\"},\"image\":{\"@id\":\"https:\/\/cocinasmetodo.es\/fr\/projet-de-kela-desing-une-cuisine-minimaliste-et-elegante\/#primaryimage\"},\"thumbnailUrl\":\"https:\/\/cocinasmetodo.es\/wp-content\/uploads\/2023\/11\/Madero-atelier_kela-desing_cocina-u_3-1.jpg\",\"datePublished\":\"2024-02-09T11:56:26+00:00\",\"dateModified\":\"2024-02-09T12:02:32+00:00\",\"description\":\"Kela Design pr\u00e9sente un projet de cuisine qui allie l'\u00e9l\u00e9gance du design \u00e0 la fonctionnalit\u00e9 de meubles de cuisine de haute qualit\u00e9. Cet espace, con\u00e7u pour s'adapter \u00e0 une distribution en \\\"U\\\", se distingue par sa combinaison de couleurs blanches et de d\u00e9tails en bois, cr\u00e9ant une atmosph\u00e8re intemporelle et chaleureuse.\",\"breadcrumb\":{\"@id\":\"https:\/\/cocinasmetodo.es\/fr\/projet-de-kela-desing-une-cuisine-minimaliste-et-elegante\/#breadcrumb\"},\"inLanguage\":\"fr-FR\",\"potentialAction\":[{\"@type\":\"ReadAction\",\"target\":[\"https:\/\/cocinasmetodo.es\/fr\/projet-de-kela-desing-une-cuisine-minimaliste-et-elegante\/\"]}]},{\"@type\":\"ImageObject\",\"inLanguage\":\"fr-FR\",\"@id\":\"https:\/\/cocinasmetodo.es\/fr\/projet-de-kela-desing-une-cuisine-minimaliste-et-elegante\/#primaryimage\",\"url\":\"https:\/\/cocinasmetodo.es\/wp-content\/uploads\/2023\/11\/Madero-atelier_kela-desing_cocina-u_3-1.jpg\",\"contentUrl\":\"https:\/\/cocinasmetodo.es\/wp-content\/uploads\/2023\/11\/Madero-atelier_kela-desing_cocina-u_3-1.jpg\",\"width\":2000,\"height\":1333},{\"@type\":\"BreadcrumbList\",\"@id\":\"https:\/\/cocinasmetodo.es\/fr\/projet-de-kela-desing-une-cuisine-minimaliste-et-elegante\/#breadcrumb\",\"itemListElement\":[{\"@type\":\"ListItem\",\"position\":1,\"name\":\"Portada\",\"item\":\"https:\/\/cocinasmetodo.es\/fr\/\"},{\"@type\":\"ListItem\",\"position\":2,\"name\":\"Projet de Kela Desing, une cuisine minimaliste et \u00e9l\u00e9gante\"}]},{\"@type\":\"WebSite\",\"@id\":\"https:\/\/cocinasmetodo.es\/#website\",\"url\":\"https:\/\/cocinasmetodo.es\/\",\"name\":\"m\u00e9todo\",\"description\":\"Daily Kitchens\",\"publisher\":{\"@id\":\"https:\/\/cocinasmetodo.es\/#organization\"},\"potentialAction\":[{\"@type\":\"SearchAction\",\"target\":{\"@type\":\"EntryPoint\",\"urlTemplate\":\"https:\/\/cocinasmetodo.es\/?s={search_term_string}\"},\"query-input\":{\"@type\":\"PropertyValueSpecification\",\"valueRequired\":true,\"valueName\":\"search_term_string\"}}],\"inLanguage\":\"fr-FR\"},{\"@type\":\"Organization\",\"@id\":\"https:\/\/cocinasmetodo.es\/#organization\",\"name\":\"m\u00e9todo\",\"url\":\"https:\/\/cocinasmetodo.es\/\",\"logo\":{\"@type\":\"ImageObject\",\"inLanguage\":\"fr-FR\",\"@id\":\"https:\/\/cocinasmetodo.es\/#\/schema\/logo\/image\/\",\"url\":\"https:\/\/cocinasmetodo.es\/wp-content\/uploads\/2021\/05\/logoweb.png\",\"contentUrl\":\"https:\/\/cocinasmetodo.es\/wp-content\/uploads\/2021\/05\/logoweb.png\",\"width\":1000,\"height\":528,\"caption\":\"m\u00e9todo\"},\"image\":{\"@id\":\"https:\/\/cocinasmetodo.es\/#\/schema\/logo\/image\/\"}},{\"@type\":\"Person\",\"@id\":\"https:\/\/cocinasmetodo.es\/#\/schema\/person\/cf74899f07207d3cb6021e2e6f17241f\",\"name\":\"admin\",\"image\":{\"@type\":\"ImageObject\",\"inLanguage\":\"fr-FR\",\"@id\":\"https:\/\/secure.gravatar.com\/avatar\/f81daeca33be8da0842690f149bc1081f003f3840397028f3faabf244c06927a?s=96&d=mm&r=g\",\"url\":\"https:\/\/secure.gravatar.com\/avatar\/f81daeca33be8da0842690f149bc1081f003f3840397028f3faabf244c06927a?s=96&d=mm&r=g\",\"contentUrl\":\"https:\/\/secure.gravatar.com\/avatar\/f81daeca33be8da0842690f149bc1081f003f3840397028f3faabf244c06927a?s=96&d=mm&r=g\",\"caption\":\"admin\"},\"sameAs\":[\"https:\/\/cocinasmetodo.es\/website2021\"]}]}<\/script>\n<!-- \/ Yoast SEO plugin. -->","yoast_head_json":{"title":"Projet de Kela Desing, une cuisine minimaliste et \u00e9l\u00e9gante - m\u00e9todo","description":"Kela Design pr\u00e9sente un projet de cuisine qui allie l'\u00e9l\u00e9gance du design \u00e0 la fonctionnalit\u00e9 de meubles de cuisine de haute qualit\u00e9. Cet espace, con\u00e7u pour s'adapter \u00e0 une distribution en \"U\", se distingue par sa combinaison de couleurs blanches et de d\u00e9tails en bois, cr\u00e9ant une atmosph\u00e8re intemporelle et chaleureuse.","robots":{"index":"index","follow":"follow","max-snippet":"max-snippet:-1","max-image-preview":"max-image-preview:large","max-video-preview":"max-video-preview:-1"},"canonical":"https:\/\/cocinasmetodo.es\/fr\/projet-de-kela-desing-une-cuisine-minimaliste-et-elegante\/","og_locale":"fr_FR","og_type":"article","og_title":"Projet de Kela Desing, une cuisine minimaliste et \u00e9l\u00e9gante - m\u00e9todo","og_description":"Kela Design pr\u00e9sente un projet de cuisine qui allie l'\u00e9l\u00e9gance du design \u00e0 la fonctionnalit\u00e9 de meubles de cuisine de haute qualit\u00e9. Cet espace, con\u00e7u pour s'adapter \u00e0 une distribution en \"U\", se distingue par sa combinaison de couleurs blanches et de d\u00e9tails en bois, cr\u00e9ant une atmosph\u00e8re intemporelle et chaleureuse.","og_url":"https:\/\/cocinasmetodo.es\/fr\/projet-de-kela-desing-une-cuisine-minimaliste-et-elegante\/","og_site_name":"m\u00e9todo","article_published_time":"2024-02-09T11:56:26+00:00","article_modified_time":"2024-02-09T12:02:32+00:00","og_image":[{"width":2000,"height":1333,"url":"https:\/\/cocinasmetodo.es\/wp-content\/uploads\/2023\/11\/Madero-atelier_kela-desing_cocina-u_3-1.jpg","type":"image\/jpeg"}],"author":"admin","twitter_card":"summary_large_image","twitter_misc":{"\u00c9crit par":"admin","Dur\u00e9e de lecture estim\u00e9e":"5 minutes"},"schema":{"@context":"https:\/\/schema.org","@graph":[{"@type":"Article","@id":"https:\/\/cocinasmetodo.es\/fr\/projet-de-kela-desing-une-cuisine-minimaliste-et-elegante\/#article","isPartOf":{"@id":"https:\/\/cocinasmetodo.es\/fr\/projet-de-kela-desing-une-cuisine-minimaliste-et-elegante\/"},"author":{"name":"admin","@id":"https:\/\/cocinasmetodo.es\/#\/schema\/person\/cf74899f07207d3cb6021e2e6f17241f"},"headline":"Projet de Kela Desing, une cuisine minimaliste et \u00e9l\u00e9gante","datePublished":"2024-02-09T11:56:26+00:00","dateModified":"2024-02-09T12:02:32+00:00","mainEntityOfPage":{"@id":"https:\/\/cocinasmetodo.es\/fr\/projet-de-kela-desing-une-cuisine-minimaliste-et-elegante\/"},"wordCount":6610,"commentCount":0,"publisher":{"@id":"https:\/\/cocinasmetodo.es\/#organization"},"image":{"@id":"https:\/\/cocinasmetodo.es\/fr\/projet-de-kela-desing-une-cuisine-minimaliste-et-elegante\/#primaryimage"},"thumbnailUrl":"https:\/\/cocinasmetodo.es\/wp-content\/uploads\/2023\/11\/Madero-atelier_kela-desing_cocina-u_3-1.jpg","keywords":["cocina acogedora","cocina en u","kela desing vitoria","Proyecto cocina"],"articleSection":["Projets"],"inLanguage":"fr-FR","potentialAction":[{"@type":"CommentAction","name":"Comment","target":["https:\/\/cocinasmetodo.es\/fr\/projet-de-kela-desing-une-cuisine-minimaliste-et-elegante\/#respond"]}]},{"@type":"WebPage","@id":"https:\/\/cocinasmetodo.es\/fr\/projet-de-kela-desing-une-cuisine-minimaliste-et-elegante\/","url":"https:\/\/cocinasmetodo.es\/fr\/projet-de-kela-desing-une-cuisine-minimaliste-et-elegante\/","name":"Projet de Kela Desing, une cuisine minimaliste et \u00e9l\u00e9gante - m\u00e9todo","isPartOf":{"@id":"https:\/\/cocinasmetodo.es\/#website"},"primaryImageOfPage":{"@id":"https:\/\/cocinasmetodo.es\/fr\/projet-de-kela-desing-une-cuisine-minimaliste-et-elegante\/#primaryimage"},"image":{"@id":"https:\/\/cocinasmetodo.es\/fr\/projet-de-kela-desing-une-cuisine-minimaliste-et-elegante\/#primaryimage"},"thumbnailUrl":"https:\/\/cocinasmetodo.es\/wp-content\/uploads\/2023\/11\/Madero-atelier_kela-desing_cocina-u_3-1.jpg","datePublished":"2024-02-09T11:56:26+00:00","dateModified":"2024-02-09T12:02:32+00:00","description":"Kela Design pr\u00e9sente un projet de cuisine qui allie l'\u00e9l\u00e9gance du design \u00e0 la fonctionnalit\u00e9 de meubles de cuisine de haute qualit\u00e9. Cet espace, con\u00e7u pour s'adapter \u00e0 une distribution en \"U\", se distingue par sa combinaison de couleurs blanches et de d\u00e9tails en bois, cr\u00e9ant une atmosph\u00e8re intemporelle et chaleureuse.","breadcrumb":{"@id":"https:\/\/cocinasmetodo.es\/fr\/projet-de-kela-desing-une-cuisine-minimaliste-et-elegante\/#breadcrumb"},"inLanguage":"fr-FR","potentialAction":[{"@type":"ReadAction","target":["https:\/\/cocinasmetodo.es\/fr\/projet-de-kela-desing-une-cuisine-minimaliste-et-elegante\/"]}]},{"@type":"ImageObject","inLanguage":"fr-FR","@id":"https:\/\/cocinasmetodo.es\/fr\/projet-de-kela-desing-une-cuisine-minimaliste-et-elegante\/#primaryimage","url":"https:\/\/cocinasmetodo.es\/wp-content\/uploads\/2023\/11\/Madero-atelier_kela-desing_cocina-u_3-1.jpg","contentUrl":"https:\/\/cocinasmetodo.es\/wp-content\/uploads\/2023\/11\/Madero-atelier_kela-desing_cocina-u_3-1.jpg","width":2000,"height":1333},{"@type":"BreadcrumbList","@id":"https:\/\/cocinasmetodo.es\/fr\/projet-de-kela-desing-une-cuisine-minimaliste-et-elegante\/#breadcrumb","itemListElement":[{"@type":"ListItem","position":1,"name":"Portada","item":"https:\/\/cocinasmetodo.es\/fr\/"},{"@type":"ListItem","position":2,"name":"Projet de Kela Desing, une cuisine minimaliste et \u00e9l\u00e9gante"}]},{"@type":"WebSite","@id":"https:\/\/cocinasmetodo.es\/#website","url":"https:\/\/cocinasmetodo.es\/","name":"m\u00e9todo","description":"Daily Kitchens","publisher":{"@id":"https:\/\/cocinasmetodo.es\/#organization"},"potentialAction":[{"@type":"SearchAction","target":{"@type":"EntryPoint","urlTemplate":"https:\/\/cocinasmetodo.es\/?s={search_term_string}"},"query-input":{"@type":"PropertyValueSpecification","valueRequired":true,"valueName":"search_term_string"}}],"inLanguage":"fr-FR"},{"@type":"Organization","@id":"https:\/\/cocinasmetodo.es\/#organization","name":"m\u00e9todo","url":"https:\/\/cocinasmetodo.es\/","logo":{"@type":"ImageObject","inLanguage":"fr-FR","@id":"https:\/\/cocinasmetodo.es\/#\/schema\/logo\/image\/","url":"https:\/\/cocinasmetodo.es\/wp-content\/uploads\/2021\/05\/logoweb.png","contentUrl":"https:\/\/cocinasmetodo.es\/wp-content\/uploads\/2021\/05\/logoweb.png","width":1000,"height":528,"caption":"m\u00e9todo"},"image":{"@id":"https:\/\/cocinasmetodo.es\/#\/schema\/logo\/image\/"}},{"@type":"Person","@id":"https:\/\/cocinasmetodo.es\/#\/schema\/person\/cf74899f07207d3cb6021e2e6f17241f","name":"admin","image":{"@type":"ImageObject","inLanguage":"fr-FR","@id":"https:\/\/secure.gravatar.com\/avatar\/f81daeca33be8da0842690f149bc1081f003f3840397028f3faabf244c06927a?s=96&d=mm&r=g","url":"https:\/\/secure.gravatar.com\/avatar\/f81daeca33be8da0842690f149bc1081f003f3840397028f3faabf244c06927a?s=96&d=mm&r=g","contentUrl":"https:\/\/secure.gravatar.com\/avatar\/f81daeca33be8da0842690f149bc1081f003f3840397028f3faabf244c06927a?s=96&d=mm&r=g","caption":"admin"},"sameAs":["https:\/\/cocinasmetodo.es\/website2021"]}]}},"_links":{"self":[{"href":"https:\/\/cocinasmetodo.es\/fr\/wp-json\/wp\/v2\/posts\/9029","targetHints":{"allow":["GET"]}}],"collection":[{"href":"https:\/\/cocinasmetodo.es\/fr\/wp-json\/wp\/v2\/posts"}],"about":[{"href":"https:\/\/cocinasmetodo.es\/fr\/wp-json\/wp\/v2\/types\/post"}],"author":[{"embeddable":true,"href":"https:\/\/cocinasmetodo.es\/fr\/wp-json\/wp\/v2\/users\/1"}],"replies":[{"embeddable":true,"href":"https:\/\/cocinasmetodo.es\/fr\/wp-json\/wp\/v2\/comments?post=9029"}],"version-history":[{"count":5,"href":"https:\/\/cocinasmetodo.es\/fr\/wp-json\/wp\/v2\/posts\/9029\/revisions"}],"predecessor-version":[{"id":9032,"href":"https:\/\/cocinasmetodo.es\/fr\/wp-json\/wp\/v2\/posts\/9029\/revisions\/9032"}],"wp:featuredmedia":[{"embeddable":true,"href":"https:\/\/cocinasmetodo.es\/fr\/wp-json\/wp\/v2\/media\/8248"}],"wp:attachment":[{"href":"https:\/\/cocinasmetodo.es\/fr\/wp-json\/wp\/v2\/media?parent=9029"}],"wp:term":[{"taxonomy":"category","embeddable":true,"href":"https:\/\/cocinasmetodo.es\/fr\/wp-json\/wp\/v2\/categories?post=9029"},{"taxonomy":"post_tag","embeddable":true,"href":"https:\/\/cocinasmetodo.es\/fr\/wp-json\/wp\/v2\/tags?post=9029"}],"curies":[{"name":"wp","href":"https:\/\/api.w.org\/{rel}","templated":true}]}}