{"id":6625,"date":"2023-06-09T13:00:07","date_gmt":"2023-06-09T11:00:07","guid":{"rendered":"https:\/\/cocinasmetodo.es\/cocinas-ocultas-una-tendencia-o-una-revolucion\/"},"modified":"2023-07-04T12:59:22","modified_gmt":"2023-07-04T10:59:22","slug":"cocinas-ocultas-una-tendencia-o-una-revolucion","status":"publish","type":"post","link":"https:\/\/cocinasmetodo.es\/fr\/cocinas-ocultas-una-tendencia-o-una-revolucion\/","title":{"rendered":"Les cuisines cach\u00e9es, une tendance ou une r\u00e9volution ?"},"content":{"rendered":"<h3>\u00ab\u00a0Les syst\u00e8mes de dissimulation des cuisines sont de plus en plus sophistiqu\u00e9s.\u00a0\u00bb<\/h3>\n<p>Les cuisines cach\u00e9es, que l&rsquo;on voit de plus en plus, pourraient \u00eatre l&rsquo;une de ces petites r\u00e9volutions qui modifient notre fa\u00e7on de vivre \u00e0 la maison, car elles apparaissent et disparaissent \u00e0 volont\u00e9 et lib\u00e8rent de l&rsquo;espace pour d&rsquo;autres usages, en camouflant les meubles et les \u00e9l\u00e9ments de la cuisine avec des armoires, et m\u00eame comme des murs de la maison elle-m\u00eame. Une solution que nous avons vue \u00e0 maintes reprises dans les petits appartements, o\u00f9 l&rsquo;on cherche \u00e0 tirer le meilleur parti de chaque m\u00e8tre carr\u00e9.<\/p>\n<blockquote><p>L&rsquo;espace limit\u00e9 des maisons d&rsquo;aujourd&rsquo;hui nous oblige \u00e0 d\u00e9velopper notre ing\u00e9niosit\u00e9 pour pouvoir continuer \u00e0 disposer de tous les espaces dont nous avons besoin dans notre vie quotidienne. Mais, m\u00eame dans les maisons qui disposent de nombreux m\u00e8tres carr\u00e9s, l&rsquo;id\u00e9e d&rsquo;int\u00e9grer les espaces, la cuisine et le salon, l&rsquo;entr\u00e9e de la maison&#8230; de mani\u00e8re coordonn\u00e9e et \u00e9l\u00e9gante, a conduit \u00e0 la recherche de solutions et de syst\u00e8mes tels que les portes escamotables et les ferrures de derni\u00e8re g\u00e9n\u00e9ration pour pouvoir d\u00e9couvrir ou dissimuler notre cuisine.<\/p><\/blockquote>\n<p>Les portes escamotables sont des portes coulissantes qui, lorsqu&rsquo;elles sont ouvertes, se replient compl\u00e8tement et se cachent sur les c\u00f4t\u00e9s, dissimulant les \u00e9l\u00e9ments de la cuisine et les laissant \u00e0 la vue de tous. En revanche, lorsqu&rsquo;elles sont ferm\u00e9es, elles camouflent les espaces en unifiant les surfaces. Cette m\u00e9thode est tr\u00e8s appr\u00e9ci\u00e9e ces derniers temps dans les cuisines qui s&rsquo;ouvrent sur le salon, car elles conf\u00e8rent \u00e0 la pi\u00e8ce une esth\u00e9tique propre et \u00e9l\u00e9gante gr\u00e2ce \u00e0 l&rsquo;uniformit\u00e9 de leur surface.<\/p>\n<p><img loading=\"lazy\" decoding=\"async\" class=\"alignnone size-full wp-image-3038\" src=\"https:\/\/cocinasmetodo.es\/wp-content\/uploads\/2022\/04\/metodo-cocinas-nou-domum-29.jpg\" alt=\"\" width=\"1334\" height=\"2000\" srcset=\"https:\/\/cocinasmetodo.es\/wp-content\/uploads\/2022\/04\/metodo-cocinas-nou-domum-29.jpg 1334w, https:\/\/cocinasmetodo.es\/wp-content\/uploads\/2022\/04\/metodo-cocinas-nou-domum-29-200x300.jpg 200w, https:\/\/cocinasmetodo.es\/wp-content\/uploads\/2022\/04\/metodo-cocinas-nou-domum-29-687x1030.jpg 687w, https:\/\/cocinasmetodo.es\/wp-content\/uploads\/2022\/04\/metodo-cocinas-nou-domum-29-768x1151.jpg 768w, https:\/\/cocinasmetodo.es\/wp-content\/uploads\/2022\/04\/metodo-cocinas-nou-domum-29-1025x1536.jpg 1025w, https:\/\/cocinasmetodo.es\/wp-content\/uploads\/2022\/04\/metodo-cocinas-nou-domum-29-1001x1500.jpg 1001w, https:\/\/cocinasmetodo.es\/wp-content\/uploads\/2022\/04\/metodo-cocinas-nou-domum-29-470x705.jpg 470w\" sizes=\"auto, (max-width: 1334px) 100vw, 1334px\" \/><\/p>\n<p><img loading=\"lazy\" decoding=\"async\" class=\"alignnone size-full wp-image-3034\" src=\"https:\/\/cocinasmetodo.es\/wp-content\/uploads\/2022\/04\/metodo-cocinas-nou-domum-27.jpg\" alt=\"\" width=\"2000\" height=\"1500\" srcset=\"https:\/\/cocinasmetodo.es\/wp-content\/uploads\/2022\/04\/metodo-cocinas-nou-domum-27.jpg 2000w, https:\/\/cocinasmetodo.es\/wp-content\/uploads\/2022\/04\/metodo-cocinas-nou-domum-27-300x225.jpg 300w, https:\/\/cocinasmetodo.es\/wp-content\/uploads\/2022\/04\/metodo-cocinas-nou-domum-27-1030x773.jpg 1030w, https:\/\/cocinasmetodo.es\/wp-content\/uploads\/2022\/04\/metodo-cocinas-nou-domum-27-768x576.jpg 768w, https:\/\/cocinasmetodo.es\/wp-content\/uploads\/2022\/04\/metodo-cocinas-nou-domum-27-1536x1152.jpg 1536w, https:\/\/cocinasmetodo.es\/wp-content\/uploads\/2022\/04\/metodo-cocinas-nou-domum-27-1500x1125.jpg 1500w, https:\/\/cocinasmetodo.es\/wp-content\/uploads\/2022\/04\/metodo-cocinas-nou-domum-27-705x529.jpg 705w\" sizes=\"auto, (max-width: 2000px) 100vw, 2000px\" \/><\/p>\n<p>&nbsp;<\/p>\n<p>Lorsque des espaces tels que le coin caf\u00e9 doivent \u00eatre ouverts, les fa\u00e7ades de ce grand meuble colonne sont temporairement dissimul\u00e9es sur les c\u00f4t\u00e9s, ce qui facilite l&rsquo;acc\u00e8s \u00e0 tout ce dont vous avez besoin. L&rsquo;int\u00e9rieur peut comprendre des \u00e9tag\u00e8res r\u00e9tro\u00e9clair\u00e9es par LED, un four et une zone de travail auxiliaire avec plan de travail, profil\u00e9 d&rsquo;\u00e9clairage et prises de courant, ce qui en fait un espace id\u00e9al pour le petit-d\u00e9jeuner ou pour utiliser de petits appareils \u00e9lectrom\u00e9nagers sans avoir \u00e0 les d\u00e9placer.<\/p>\n<p>Dans les petits appartements, la dissimulation de la cuisine peut \u00e9galement servir \u00e0 lib\u00e9rer l&rsquo;espace pour de nouvelles utilisations. Ainsi, si elle est compl\u00e8tement install\u00e9e en fa\u00e7ade derri\u00e8re des portes coulissantes ou pliantes, l&rsquo;espace qui reste libre lorsque la cuisine n&rsquo;est pas utilis\u00e9e peut servir \u00e0 jouer, \u00e0 faire du sport ou simplement \u00e0 d\u00e9sencombrer visuellement la maison.<\/p>\n<p><img loading=\"lazy\" decoding=\"async\" class=\"alignnone size-full wp-image-3073\" src=\"https:\/\/cocinasmetodo.es\/wp-content\/uploads\/2022\/04\/metodo-cocinas-nou-domum-38-1500px-low.gif\" alt=\"\" width=\"1070\" height=\"1500\" \/><\/p>\n<p><img loading=\"lazy\" decoding=\"async\" class=\"alignnone size-full wp-image-3018\" src=\"https:\/\/cocinasmetodo.es\/wp-content\/uploads\/2022\/04\/metodo-cocinas-nou-domum-19.jpg\" alt=\"\" width=\"2000\" height=\"1237\" srcset=\"https:\/\/cocinasmetodo.es\/wp-content\/uploads\/2022\/04\/metodo-cocinas-nou-domum-19.jpg 2000w, https:\/\/cocinasmetodo.es\/wp-content\/uploads\/2022\/04\/metodo-cocinas-nou-domum-19-300x186.jpg 300w, https:\/\/cocinasmetodo.es\/wp-content\/uploads\/2022\/04\/metodo-cocinas-nou-domum-19-1030x637.jpg 1030w, https:\/\/cocinasmetodo.es\/wp-content\/uploads\/2022\/04\/metodo-cocinas-nou-domum-19-768x475.jpg 768w, https:\/\/cocinasmetodo.es\/wp-content\/uploads\/2022\/04\/metodo-cocinas-nou-domum-19-1536x950.jpg 1536w, https:\/\/cocinasmetodo.es\/wp-content\/uploads\/2022\/04\/metodo-cocinas-nou-domum-19-1500x928.jpg 1500w, https:\/\/cocinasmetodo.es\/wp-content\/uploads\/2022\/04\/metodo-cocinas-nou-domum-19-705x436.jpg 705w\" sizes=\"auto, (max-width: 2000px) 100vw, 2000px\" \/><\/p>\n<p>&nbsp;<\/p>\n<div  class='avia-button-wrap avia-button-center  avia-builder-el-0  el_before_av_buttonrow  avia-builder-el-first '>\n<style type=\"text\/css\" data-created_by=\"avia_inline_auto\" id=\"style-css-av-2wb8yc-11e2e0e284a718df8c86509dbbc8172c\">\n#top #wrap_all .avia-button.av-2wb8yc-11e2e0e284a718df8c86509dbbc8172c:hover{\ncolor:white;\ntransition:all 0.4s ease-in-out;\n}\n#top #wrap_all .avia-button.av-2wb8yc-11e2e0e284a718df8c86509dbbc8172c:hover .avia-svg-icon svg:first-child{\nfill:white;\nstroke:white;\n}\n<\/style>\n<a href='https:\/\/cocinasmetodo.es\/cocinas\/' class='avia-color-theme-color avia-font-color-theme-color avia-button avia-button-fullwidth av-2wb8yc-11e2e0e284a718df8c86509dbbc8172c avia-icon_select-no avia-color-theme-color'   aria-label=\"VOIR LES CUISINES\"><span class='avia_iconbox_title' >VOIR LES CUISINES<\/span><span class='avia_button_background avia-button avia-button-fullwidth avia-color-theme-color-highlight'><\/span><\/a><\/div>\n<p>&nbsp;<\/p>\n<hr \/>\n<div  class='avia-buttonrow-wrap av-1y6twi-3e7ea6a37514e6a4fd51ac3049db817d avia-buttonrow-center  avia-builder-el-1  el_after_av_button_big  avia-builder-el-no-sibling '>\n\n<style type=\"text\/css\" data-created_by=\"avia_inline_auto\" id=\"style-css-av-kwnf4ref-d3eeec7100204f0ca80f01b6bc691e05\">\n#top #wrap_all .avia-button.av-kwnf4ref-d3eeec7100204f0ca80f01b6bc691e05{\nmargin-bottom:5px;\nmargin-right:3px;\nmargin-left:3px;\n}\n<\/style>\n<a href='https:\/\/cocinasmetodo.es\/fr\/contacto\/'  class='avia-button av-kwnf4ref-d3eeec7100204f0ca80f01b6bc691e05 avia-icon_select-no avia-size-medium avia-color-theme-color'   aria-label=\"AVEZ-VOUS BESOIN D\u2019UN BUDGET ?\"><span class='avia_iconbox_title' >AVEZ-VOUS BESOIN D\u2019UN BUDGET ?<\/span><\/a>\n\n<style type=\"text\/css\" data-created_by=\"avia_inline_auto\" id=\"style-css-av-kwnf5nlq-6dbd4570cc2c7a1e56ae090b5c0c7c19\">\n#top #wrap_all .avia-button.av-kwnf5nlq-6dbd4570cc2c7a1e56ae090b5c0c7c19{\nmargin-bottom:5px;\nmargin-right:3px;\nmargin-left:3px;\n}\n<\/style>\n<a href='https:\/\/cocinasmetodo.es\/fr\/contacto\/'  class='avia-button av-kwnf5nlq-6dbd4570cc2c7a1e56ae090b5c0c7c19 avia-icon_select-no avia-size-medium avia-color-theme-color'   aria-label=\"VOUS SOUHAITEZ PUBLIER UN PROJET ?\"><span class='avia_iconbox_title' >VOUS SOUHAITEZ PUBLIER UN PROJET ?<\/span><\/a>\n\n<style type=\"text\/css\" data-created_by=\"avia_inline_auto\" id=\"style-css-av-kwnf6k50-9e8dc149f2bac61c5782f6a3b98dfa0e\">\n#top #wrap_all .avia-button.av-kwnf6k50-9e8dc149f2bac61c5782f6a3b98dfa0e{\nmargin-bottom:5px;\nmargin-right:3px;\nmargin-left:3px;\n}\n<\/style>\n<a href='https:\/\/cocinasmetodo.es\/fr\/contacto\/'  class='avia-button av-kwnf6k50-9e8dc149f2bac61c5782f6a3b98dfa0e avia-icon_select-no avia-size-medium avia-color-theme-color'   aria-label=\"VOUS VOULEZ VOIR UNE CUISINE M\u00c9TODO?\"><span class='avia_iconbox_title' >VOUS VOULEZ VOIR UNE CUISINE M\u00c9TODO?<\/span><\/a>\n<\/div>\n<hr \/>\n<p>&nbsp;<\/p>\n","protected":false},"excerpt":{"rendered":"<p>Les cuisines cach\u00e9es, que l&rsquo;on voit de plus en plus, pourraient \u00eatre l&rsquo;une de ces petites r\u00e9volutions qui modifient la fa\u00e7on dont nous vivons \u00e0 la maison, car elles apparaissent et disparaissent \u00e0 volont\u00e9 et lib\u00e8rent de l&rsquo;espace pour d&rsquo;autres usages, en camouflant les meubles et les \u00e9l\u00e9ments de la cuisine avec des armoires, et m\u00eame comme des murs de la maison elle-m\u00eame. Une solution que nous avons vue \u00e0 maintes reprises dans les petits appartements, \u00e0 la recherche d&rsquo;un moyen de tirer le meilleur parti de chaque m\u00e8tre carr\u00e9.<\/p>\n","protected":false},"author":1,"featured_media":3043,"comment_status":"open","ping_status":"open","sticky":false,"template":"","format":"standard","meta":{"footnotes":""},"categories":[53,55],"tags":[277,63,278],"class_list":["post-6625","post","type-post","status-publish","format-standard","has-post-thumbnail","hentry","category-cuisines","category-projets","tag-cocinas-ocultas-fr","tag-reforma-cocinas-fr","tag-sistemas-de-ocultacion-cocinas-fr"],"yoast_head":"<!-- This site is optimized with the Yoast SEO plugin v27.2 - https:\/\/yoast.com\/product\/yoast-seo-wordpress\/ -->\n<title>Les cuisines cach\u00e9es, une tendance ou une r\u00e9volution ? - m\u00e9todo<\/title>\n<meta name=\"description\" content=\"Les cuisines cach\u00e9es, que l&#039;on voit de plus en plus, pourraient \u00eatre l&#039;une de ces petites r\u00e9volutions qui modifient la fa\u00e7on dont nous vivons \u00e0 la maison, car elles apparaissent et disparaissent \u00e0 volont\u00e9 et lib\u00e8rent de l&#039;espace pour d&#039;autres usages, en camouflant les meubles et les \u00e9l\u00e9ments de la cuisine avec des armoires, et m\u00eame comme des murs de la maison elle-m\u00eame. Une solution que nous avons vue \u00e0 maintes reprises dans les petits appartements, \u00e0 la recherche d&#039;un moyen de tirer le meilleur parti de chaque m\u00e8tre carr\u00e9.\" \/>\n<meta name=\"robots\" content=\"index, follow, max-snippet:-1, max-image-preview:large, max-video-preview:-1\" \/>\n<link rel=\"canonical\" href=\"https:\/\/cocinasmetodo.es\/fr\/cocinas-ocultas-una-tendencia-o-una-revolucion\/\" \/>\n<meta property=\"og:locale\" content=\"fr_FR\" \/>\n<meta property=\"og:type\" content=\"article\" \/>\n<meta property=\"og:title\" content=\"Les cuisines cach\u00e9es, une tendance ou une r\u00e9volution ? - m\u00e9todo\" \/>\n<meta property=\"og:description\" content=\"Les cuisines cach\u00e9es, que l&#039;on voit de plus en plus, pourraient \u00eatre l&#039;une de ces petites r\u00e9volutions qui modifient la fa\u00e7on dont nous vivons \u00e0 la maison, car elles apparaissent et disparaissent \u00e0 volont\u00e9 et lib\u00e8rent de l&#039;espace pour d&#039;autres usages, en camouflant les meubles et les \u00e9l\u00e9ments de la cuisine avec des armoires, et m\u00eame comme des murs de la maison elle-m\u00eame. Une solution que nous avons vue \u00e0 maintes reprises dans les petits appartements, \u00e0 la recherche d&#039;un moyen de tirer le meilleur parti de chaque m\u00e8tre carr\u00e9.\" \/>\n<meta property=\"og:url\" content=\"https:\/\/cocinasmetodo.es\/fr\/cocinas-ocultas-una-tendencia-o-una-revolucion\/\" \/>\n<meta property=\"og:site_name\" content=\"m\u00e9todo\" \/>\n<meta property=\"article:published_time\" content=\"2023-06-09T11:00:07+00:00\" \/>\n<meta property=\"article:modified_time\" content=\"2023-07-04T10:59:22+00:00\" \/>\n<meta property=\"og:image\" content=\"https:\/\/cocinasmetodo.es\/wp-content\/uploads\/2022\/04\/metodo-cocinas-nou-domum-31.jpg\" \/>\n\t<meta property=\"og:image:width\" content=\"1427\" \/>\n\t<meta property=\"og:image:height\" content=\"2000\" \/>\n\t<meta property=\"og:image:type\" content=\"image\/jpeg\" \/>\n<meta name=\"author\" content=\"admin\" \/>\n<meta name=\"twitter:card\" content=\"summary_large_image\" \/>\n<meta name=\"twitter:label1\" content=\"\u00c9crit par\" \/>\n\t<meta name=\"twitter:data1\" content=\"admin\" \/>\n\t<meta name=\"twitter:label2\" content=\"Dur\u00e9e de lecture estim\u00e9e\" \/>\n\t<meta name=\"twitter:data2\" content=\"4 minutes\" \/>\n<script type=\"application\/ld+json\" class=\"yoast-schema-graph\">{\"@context\":\"https:\/\/schema.org\",\"@graph\":[{\"@type\":\"Article\",\"@id\":\"https:\/\/cocinasmetodo.es\/fr\/cocinas-ocultas-una-tendencia-o-una-revolucion\/#article\",\"isPartOf\":{\"@id\":\"https:\/\/cocinasmetodo.es\/fr\/cocinas-ocultas-una-tendencia-o-una-revolucion\/\"},\"author\":{\"name\":\"admin\",\"@id\":\"https:\/\/cocinasmetodo.es\/#\/schema\/person\/cf74899f07207d3cb6021e2e6f17241f\"},\"headline\":\"Les cuisines cach\u00e9es, une tendance ou une r\u00e9volution ?\",\"datePublished\":\"2023-06-09T11:00:07+00:00\",\"dateModified\":\"2023-07-04T10:59:22+00:00\",\"mainEntityOfPage\":{\"@id\":\"https:\/\/cocinasmetodo.es\/fr\/cocinas-ocultas-una-tendencia-o-una-revolucion\/\"},\"wordCount\":1114,\"commentCount\":0,\"publisher\":{\"@id\":\"https:\/\/cocinasmetodo.es\/#organization\"},\"image\":{\"@id\":\"https:\/\/cocinasmetodo.es\/fr\/cocinas-ocultas-una-tendencia-o-una-revolucion\/#primaryimage\"},\"thumbnailUrl\":\"https:\/\/cocinasmetodo.es\/wp-content\/uploads\/2022\/04\/metodo-cocinas-nou-domum-31.jpg\",\"keywords\":[\"cocinas ocultas\",\"reforma cocinas\",\"sistemas de ocultaci\u00f3n cocinas\"],\"articleSection\":[\"Cuisines\",\"Projets\"],\"inLanguage\":\"fr-FR\",\"potentialAction\":[{\"@type\":\"CommentAction\",\"name\":\"Comment\",\"target\":[\"https:\/\/cocinasmetodo.es\/fr\/cocinas-ocultas-una-tendencia-o-una-revolucion\/#respond\"]}]},{\"@type\":\"WebPage\",\"@id\":\"https:\/\/cocinasmetodo.es\/fr\/cocinas-ocultas-una-tendencia-o-una-revolucion\/\",\"url\":\"https:\/\/cocinasmetodo.es\/fr\/cocinas-ocultas-una-tendencia-o-una-revolucion\/\",\"name\":\"Les cuisines cach\u00e9es, une tendance ou une r\u00e9volution ? - m\u00e9todo\",\"isPartOf\":{\"@id\":\"https:\/\/cocinasmetodo.es\/#website\"},\"primaryImageOfPage\":{\"@id\":\"https:\/\/cocinasmetodo.es\/fr\/cocinas-ocultas-una-tendencia-o-una-revolucion\/#primaryimage\"},\"image\":{\"@id\":\"https:\/\/cocinasmetodo.es\/fr\/cocinas-ocultas-una-tendencia-o-una-revolucion\/#primaryimage\"},\"thumbnailUrl\":\"https:\/\/cocinasmetodo.es\/wp-content\/uploads\/2022\/04\/metodo-cocinas-nou-domum-31.jpg\",\"datePublished\":\"2023-06-09T11:00:07+00:00\",\"dateModified\":\"2023-07-04T10:59:22+00:00\",\"description\":\"Les cuisines cach\u00e9es, que l'on voit de plus en plus, pourraient \u00eatre l'une de ces petites r\u00e9volutions qui modifient la fa\u00e7on dont nous vivons \u00e0 la maison, car elles apparaissent et disparaissent \u00e0 volont\u00e9 et lib\u00e8rent de l'espace pour d'autres usages, en camouflant les meubles et les \u00e9l\u00e9ments de la cuisine avec des armoires, et m\u00eame comme des murs de la maison elle-m\u00eame. Une solution que nous avons vue \u00e0 maintes reprises dans les petits appartements, \u00e0 la recherche d'un moyen de tirer le meilleur parti de chaque m\u00e8tre carr\u00e9.\",\"breadcrumb\":{\"@id\":\"https:\/\/cocinasmetodo.es\/fr\/cocinas-ocultas-una-tendencia-o-una-revolucion\/#breadcrumb\"},\"inLanguage\":\"fr-FR\",\"potentialAction\":[{\"@type\":\"ReadAction\",\"target\":[\"https:\/\/cocinasmetodo.es\/fr\/cocinas-ocultas-una-tendencia-o-una-revolucion\/\"]}]},{\"@type\":\"ImageObject\",\"inLanguage\":\"fr-FR\",\"@id\":\"https:\/\/cocinasmetodo.es\/fr\/cocinas-ocultas-una-tendencia-o-una-revolucion\/#primaryimage\",\"url\":\"https:\/\/cocinasmetodo.es\/wp-content\/uploads\/2022\/04\/metodo-cocinas-nou-domum-31.jpg\",\"contentUrl\":\"https:\/\/cocinasmetodo.es\/wp-content\/uploads\/2022\/04\/metodo-cocinas-nou-domum-31.jpg\",\"width\":1427,\"height\":2000},{\"@type\":\"BreadcrumbList\",\"@id\":\"https:\/\/cocinasmetodo.es\/fr\/cocinas-ocultas-una-tendencia-o-una-revolucion\/#breadcrumb\",\"itemListElement\":[{\"@type\":\"ListItem\",\"position\":1,\"name\":\"Portada\",\"item\":\"https:\/\/cocinasmetodo.es\/fr\/\"},{\"@type\":\"ListItem\",\"position\":2,\"name\":\"Les cuisines cach\u00e9es, une tendance ou une r\u00e9volution ?\"}]},{\"@type\":\"WebSite\",\"@id\":\"https:\/\/cocinasmetodo.es\/#website\",\"url\":\"https:\/\/cocinasmetodo.es\/\",\"name\":\"m\u00e9todo\",\"description\":\"Daily Kitchens\",\"publisher\":{\"@id\":\"https:\/\/cocinasmetodo.es\/#organization\"},\"potentialAction\":[{\"@type\":\"SearchAction\",\"target\":{\"@type\":\"EntryPoint\",\"urlTemplate\":\"https:\/\/cocinasmetodo.es\/?s={search_term_string}\"},\"query-input\":{\"@type\":\"PropertyValueSpecification\",\"valueRequired\":true,\"valueName\":\"search_term_string\"}}],\"inLanguage\":\"fr-FR\"},{\"@type\":\"Organization\",\"@id\":\"https:\/\/cocinasmetodo.es\/#organization\",\"name\":\"m\u00e9todo\",\"url\":\"https:\/\/cocinasmetodo.es\/\",\"logo\":{\"@type\":\"ImageObject\",\"inLanguage\":\"fr-FR\",\"@id\":\"https:\/\/cocinasmetodo.es\/#\/schema\/logo\/image\/\",\"url\":\"https:\/\/cocinasmetodo.es\/wp-content\/uploads\/2021\/05\/logoweb.png\",\"contentUrl\":\"https:\/\/cocinasmetodo.es\/wp-content\/uploads\/2021\/05\/logoweb.png\",\"width\":1000,\"height\":528,\"caption\":\"m\u00e9todo\"},\"image\":{\"@id\":\"https:\/\/cocinasmetodo.es\/#\/schema\/logo\/image\/\"}},{\"@type\":\"Person\",\"@id\":\"https:\/\/cocinasmetodo.es\/#\/schema\/person\/cf74899f07207d3cb6021e2e6f17241f\",\"name\":\"admin\",\"image\":{\"@type\":\"ImageObject\",\"inLanguage\":\"fr-FR\",\"@id\":\"https:\/\/secure.gravatar.com\/avatar\/f81daeca33be8da0842690f149bc1081f003f3840397028f3faabf244c06927a?s=96&d=mm&r=g\",\"url\":\"https:\/\/secure.gravatar.com\/avatar\/f81daeca33be8da0842690f149bc1081f003f3840397028f3faabf244c06927a?s=96&d=mm&r=g\",\"contentUrl\":\"https:\/\/secure.gravatar.com\/avatar\/f81daeca33be8da0842690f149bc1081f003f3840397028f3faabf244c06927a?s=96&d=mm&r=g\",\"caption\":\"admin\"},\"sameAs\":[\"https:\/\/cocinasmetodo.es\/website2021\"]}]}<\/script>\n<!-- \/ Yoast SEO plugin. -->","yoast_head_json":{"title":"Les cuisines cach\u00e9es, une tendance ou une r\u00e9volution ? - m\u00e9todo","description":"Les cuisines cach\u00e9es, que l'on voit de plus en plus, pourraient \u00eatre l'une de ces petites r\u00e9volutions qui modifient la fa\u00e7on dont nous vivons \u00e0 la maison, car elles apparaissent et disparaissent \u00e0 volont\u00e9 et lib\u00e8rent de l'espace pour d'autres usages, en camouflant les meubles et les \u00e9l\u00e9ments de la cuisine avec des armoires, et m\u00eame comme des murs de la maison elle-m\u00eame. Une solution que nous avons vue \u00e0 maintes reprises dans les petits appartements, \u00e0 la recherche d'un moyen de tirer le meilleur parti de chaque m\u00e8tre carr\u00e9.","robots":{"index":"index","follow":"follow","max-snippet":"max-snippet:-1","max-image-preview":"max-image-preview:large","max-video-preview":"max-video-preview:-1"},"canonical":"https:\/\/cocinasmetodo.es\/fr\/cocinas-ocultas-una-tendencia-o-una-revolucion\/","og_locale":"fr_FR","og_type":"article","og_title":"Les cuisines cach\u00e9es, une tendance ou une r\u00e9volution ? - m\u00e9todo","og_description":"Les cuisines cach\u00e9es, que l'on voit de plus en plus, pourraient \u00eatre l'une de ces petites r\u00e9volutions qui modifient la fa\u00e7on dont nous vivons \u00e0 la maison, car elles apparaissent et disparaissent \u00e0 volont\u00e9 et lib\u00e8rent de l'espace pour d'autres usages, en camouflant les meubles et les \u00e9l\u00e9ments de la cuisine avec des armoires, et m\u00eame comme des murs de la maison elle-m\u00eame. Une solution que nous avons vue \u00e0 maintes reprises dans les petits appartements, \u00e0 la recherche d'un moyen de tirer le meilleur parti de chaque m\u00e8tre carr\u00e9.","og_url":"https:\/\/cocinasmetodo.es\/fr\/cocinas-ocultas-una-tendencia-o-una-revolucion\/","og_site_name":"m\u00e9todo","article_published_time":"2023-06-09T11:00:07+00:00","article_modified_time":"2023-07-04T10:59:22+00:00","og_image":[{"width":1427,"height":2000,"url":"https:\/\/cocinasmetodo.es\/wp-content\/uploads\/2022\/04\/metodo-cocinas-nou-domum-31.jpg","type":"image\/jpeg"}],"author":"admin","twitter_card":"summary_large_image","twitter_misc":{"\u00c9crit par":"admin","Dur\u00e9e de lecture estim\u00e9e":"4 minutes"},"schema":{"@context":"https:\/\/schema.org","@graph":[{"@type":"Article","@id":"https:\/\/cocinasmetodo.es\/fr\/cocinas-ocultas-una-tendencia-o-una-revolucion\/#article","isPartOf":{"@id":"https:\/\/cocinasmetodo.es\/fr\/cocinas-ocultas-una-tendencia-o-una-revolucion\/"},"author":{"name":"admin","@id":"https:\/\/cocinasmetodo.es\/#\/schema\/person\/cf74899f07207d3cb6021e2e6f17241f"},"headline":"Les cuisines cach\u00e9es, une tendance ou une r\u00e9volution ?","datePublished":"2023-06-09T11:00:07+00:00","dateModified":"2023-07-04T10:59:22+00:00","mainEntityOfPage":{"@id":"https:\/\/cocinasmetodo.es\/fr\/cocinas-ocultas-una-tendencia-o-una-revolucion\/"},"wordCount":1114,"commentCount":0,"publisher":{"@id":"https:\/\/cocinasmetodo.es\/#organization"},"image":{"@id":"https:\/\/cocinasmetodo.es\/fr\/cocinas-ocultas-una-tendencia-o-una-revolucion\/#primaryimage"},"thumbnailUrl":"https:\/\/cocinasmetodo.es\/wp-content\/uploads\/2022\/04\/metodo-cocinas-nou-domum-31.jpg","keywords":["cocinas ocultas","reforma cocinas","sistemas de ocultaci\u00f3n cocinas"],"articleSection":["Cuisines","Projets"],"inLanguage":"fr-FR","potentialAction":[{"@type":"CommentAction","name":"Comment","target":["https:\/\/cocinasmetodo.es\/fr\/cocinas-ocultas-una-tendencia-o-una-revolucion\/#respond"]}]},{"@type":"WebPage","@id":"https:\/\/cocinasmetodo.es\/fr\/cocinas-ocultas-una-tendencia-o-una-revolucion\/","url":"https:\/\/cocinasmetodo.es\/fr\/cocinas-ocultas-una-tendencia-o-una-revolucion\/","name":"Les cuisines cach\u00e9es, une tendance ou une r\u00e9volution ? - m\u00e9todo","isPartOf":{"@id":"https:\/\/cocinasmetodo.es\/#website"},"primaryImageOfPage":{"@id":"https:\/\/cocinasmetodo.es\/fr\/cocinas-ocultas-una-tendencia-o-una-revolucion\/#primaryimage"},"image":{"@id":"https:\/\/cocinasmetodo.es\/fr\/cocinas-ocultas-una-tendencia-o-una-revolucion\/#primaryimage"},"thumbnailUrl":"https:\/\/cocinasmetodo.es\/wp-content\/uploads\/2022\/04\/metodo-cocinas-nou-domum-31.jpg","datePublished":"2023-06-09T11:00:07+00:00","dateModified":"2023-07-04T10:59:22+00:00","description":"Les cuisines cach\u00e9es, que l'on voit de plus en plus, pourraient \u00eatre l'une de ces petites r\u00e9volutions qui modifient la fa\u00e7on dont nous vivons \u00e0 la maison, car elles apparaissent et disparaissent \u00e0 volont\u00e9 et lib\u00e8rent de l'espace pour d'autres usages, en camouflant les meubles et les \u00e9l\u00e9ments de la cuisine avec des armoires, et m\u00eame comme des murs de la maison elle-m\u00eame. Une solution que nous avons vue \u00e0 maintes reprises dans les petits appartements, \u00e0 la recherche d'un moyen de tirer le meilleur parti de chaque m\u00e8tre carr\u00e9.","breadcrumb":{"@id":"https:\/\/cocinasmetodo.es\/fr\/cocinas-ocultas-una-tendencia-o-una-revolucion\/#breadcrumb"},"inLanguage":"fr-FR","potentialAction":[{"@type":"ReadAction","target":["https:\/\/cocinasmetodo.es\/fr\/cocinas-ocultas-una-tendencia-o-una-revolucion\/"]}]},{"@type":"ImageObject","inLanguage":"fr-FR","@id":"https:\/\/cocinasmetodo.es\/fr\/cocinas-ocultas-una-tendencia-o-una-revolucion\/#primaryimage","url":"https:\/\/cocinasmetodo.es\/wp-content\/uploads\/2022\/04\/metodo-cocinas-nou-domum-31.jpg","contentUrl":"https:\/\/cocinasmetodo.es\/wp-content\/uploads\/2022\/04\/metodo-cocinas-nou-domum-31.jpg","width":1427,"height":2000},{"@type":"BreadcrumbList","@id":"https:\/\/cocinasmetodo.es\/fr\/cocinas-ocultas-una-tendencia-o-una-revolucion\/#breadcrumb","itemListElement":[{"@type":"ListItem","position":1,"name":"Portada","item":"https:\/\/cocinasmetodo.es\/fr\/"},{"@type":"ListItem","position":2,"name":"Les cuisines cach\u00e9es, une tendance ou une r\u00e9volution ?"}]},{"@type":"WebSite","@id":"https:\/\/cocinasmetodo.es\/#website","url":"https:\/\/cocinasmetodo.es\/","name":"m\u00e9todo","description":"Daily Kitchens","publisher":{"@id":"https:\/\/cocinasmetodo.es\/#organization"},"potentialAction":[{"@type":"SearchAction","target":{"@type":"EntryPoint","urlTemplate":"https:\/\/cocinasmetodo.es\/?s={search_term_string}"},"query-input":{"@type":"PropertyValueSpecification","valueRequired":true,"valueName":"search_term_string"}}],"inLanguage":"fr-FR"},{"@type":"Organization","@id":"https:\/\/cocinasmetodo.es\/#organization","name":"m\u00e9todo","url":"https:\/\/cocinasmetodo.es\/","logo":{"@type":"ImageObject","inLanguage":"fr-FR","@id":"https:\/\/cocinasmetodo.es\/#\/schema\/logo\/image\/","url":"https:\/\/cocinasmetodo.es\/wp-content\/uploads\/2021\/05\/logoweb.png","contentUrl":"https:\/\/cocinasmetodo.es\/wp-content\/uploads\/2021\/05\/logoweb.png","width":1000,"height":528,"caption":"m\u00e9todo"},"image":{"@id":"https:\/\/cocinasmetodo.es\/#\/schema\/logo\/image\/"}},{"@type":"Person","@id":"https:\/\/cocinasmetodo.es\/#\/schema\/person\/cf74899f07207d3cb6021e2e6f17241f","name":"admin","image":{"@type":"ImageObject","inLanguage":"fr-FR","@id":"https:\/\/secure.gravatar.com\/avatar\/f81daeca33be8da0842690f149bc1081f003f3840397028f3faabf244c06927a?s=96&d=mm&r=g","url":"https:\/\/secure.gravatar.com\/avatar\/f81daeca33be8da0842690f149bc1081f003f3840397028f3faabf244c06927a?s=96&d=mm&r=g","contentUrl":"https:\/\/secure.gravatar.com\/avatar\/f81daeca33be8da0842690f149bc1081f003f3840397028f3faabf244c06927a?s=96&d=mm&r=g","caption":"admin"},"sameAs":["https:\/\/cocinasmetodo.es\/website2021"]}]}},"_links":{"self":[{"href":"https:\/\/cocinasmetodo.es\/fr\/wp-json\/wp\/v2\/posts\/6625","targetHints":{"allow":["GET"]}}],"collection":[{"href":"https:\/\/cocinasmetodo.es\/fr\/wp-json\/wp\/v2\/posts"}],"about":[{"href":"https:\/\/cocinasmetodo.es\/fr\/wp-json\/wp\/v2\/types\/post"}],"author":[{"embeddable":true,"href":"https:\/\/cocinasmetodo.es\/fr\/wp-json\/wp\/v2\/users\/1"}],"replies":[{"embeddable":true,"href":"https:\/\/cocinasmetodo.es\/fr\/wp-json\/wp\/v2\/comments?post=6625"}],"version-history":[{"count":2,"href":"https:\/\/cocinasmetodo.es\/fr\/wp-json\/wp\/v2\/posts\/6625\/revisions"}],"predecessor-version":[{"id":6627,"href":"https:\/\/cocinasmetodo.es\/fr\/wp-json\/wp\/v2\/posts\/6625\/revisions\/6627"}],"wp:featuredmedia":[{"embeddable":true,"href":"https:\/\/cocinasmetodo.es\/fr\/wp-json\/wp\/v2\/media\/3043"}],"wp:attachment":[{"href":"https:\/\/cocinasmetodo.es\/fr\/wp-json\/wp\/v2\/media?parent=6625"}],"wp:term":[{"taxonomy":"category","embeddable":true,"href":"https:\/\/cocinasmetodo.es\/fr\/wp-json\/wp\/v2\/categories?post=6625"},{"taxonomy":"post_tag","embeddable":true,"href":"https:\/\/cocinasmetodo.es\/fr\/wp-json\/wp\/v2\/tags?post=6625"}],"curies":[{"name":"wp","href":"https:\/\/api.w.org\/{rel}","templated":true}]}}