{"id":6322,"date":"2023-06-09T14:03:02","date_gmt":"2023-06-09T12:03:02","guid":{"rendered":"https:\/\/cocinasmetodo.es\/im-cocinas-y-banos-destaca-el-diseno-en-blanco-y-negro-de-las-cocinas-de-metodo\/"},"modified":"2023-07-05T13:30:25","modified_gmt":"2023-07-05T11:30:25","slug":"im-kitchens-and-bathrooms-met-en-valeur-le-design-noir-et-blanc-des-cuisines-method","status":"publish","type":"post","link":"https:\/\/cocinasmetodo.es\/fr\/im-kitchens-and-bathrooms-met-en-valeur-le-design-noir-et-blanc-des-cuisines-method\/","title":{"rendered":"IM COCINAS Y BA\u00d1OS met en valeur le design noir et blanc des cuisines M\u00e9todo"},"content":{"rendered":"<h3>\u201cL&rsquo;\u00e9l\u00e9gance d&rsquo;une cuisine noire et blanche avec des surfaces anti-traces de doigts\u201d<\/h3>\n<p><strong><a href=\"https:\/\/www.imcb.info\/\">IMCB<\/a> Cuisines et salles de bains (Installations et montages dans les cuisines et les salles de bains)<\/strong>: est une revue sp\u00e9cialis\u00e9e dans l&rsquo;environnement de la cuisine et de la salle de bains, cr\u00e9\u00e9e pour les professionnels de l&rsquo;installation et les vendeurs professionnels. Les derni\u00e8res nouvelles du secteur, les propositions de conception et d&rsquo;installation, les \u00e9tudes de march\u00e9 et les tendances d\u00e9coratives et fonctionnelles permettent aux lecteurs d&rsquo;IM en Cocinas y Ba\u00f1os d&rsquo;\u00eatre pr\u00eats \u00e0 donner une r\u00e9ponse efficace \u00e0 leurs clients, le consommateur final, et d&rsquo;\u00eatre au courant de tout ce qui concerne les produits et les conceptions des fabricants&#8230;<\/p>\n<blockquote><p><strong>Dans l&rsquo;une de ses derni\u00e8res publications, le magazine num\u00e9rique IMCB met en avant \u00ab\u00a0Un duo de couleurs tr\u00e8s tendance. Le blanc apporte de la luminosit\u00e9, de l&rsquo;espace et est ind\u00e9modable. Et, associ\u00e9 au noir, il donne un air sophistiqu\u00e9 et moderne. C&rsquo;est votre alli\u00e9 parfait\u00a0\u00bb.<\/strong><\/p><\/blockquote>\n<p><strong>L&rsquo;entreprise<\/strong> M\u00e9todo kitchens nous montre dans cette cuisine qu&rsquo;elle a opt\u00e9 pour une combinaison <strong>unique en laissant le rev\u00eatement mural en noir<\/strong>, qui s&rsquo;harmonise avec les \u00e9l\u00e9ments muraux et se combine parfaitement avec le gola noir.<\/p>\n<p>La question est de choisir le bon pourcentage de ces deux couleurs, <em>le noir et le blanc<\/em>, ainsi que leur r\u00e9partition dans l&rsquo;espace.<\/p>\n<h3><a href=\"https:\/\/www.imcb.info\/noticia\/25511\/la-elegancia-de-una-cocina-en-blanco-y-negro-con-superficie-antihuella.html\"><strong>LIRE L &lsquo;ARTICLE<\/strong><\/a><\/h3>\n<p><img loading=\"lazy\" decoding=\"async\" class=\"alignnone size-full wp-image-6155\" src=\"https:\/\/cocinasmetodo.es\/wp-content\/uploads\/2023\/06\/ME\u0301TODO-Prensa.gif\" alt=\"metodo prensa 191 onix\" width=\"648\" height=\"1152\" \/><\/p>\n<p><img loading=\"lazy\" decoding=\"async\" class=\"alignnone size-full wp-image-6049\" src=\"https:\/\/cocinasmetodo.es\/wp-content\/uploads\/2023\/05\/metodo-cocina-modelo-191-onix-4-lisa.jpg\" alt=\"\" width=\"1778\" height=\"2000\" srcset=\"https:\/\/cocinasmetodo.es\/wp-content\/uploads\/2023\/05\/metodo-cocina-modelo-191-onix-4-lisa.jpg 1778w, https:\/\/cocinasmetodo.es\/wp-content\/uploads\/2023\/05\/metodo-cocina-modelo-191-onix-4-lisa-267x300.jpg 267w, https:\/\/cocinasmetodo.es\/wp-content\/uploads\/2023\/05\/metodo-cocina-modelo-191-onix-4-lisa-916x1030.jpg 916w, https:\/\/cocinasmetodo.es\/wp-content\/uploads\/2023\/05\/metodo-cocina-modelo-191-onix-4-lisa-768x864.jpg 768w, https:\/\/cocinasmetodo.es\/wp-content\/uploads\/2023\/05\/metodo-cocina-modelo-191-onix-4-lisa-1366x1536.jpg 1366w, https:\/\/cocinasmetodo.es\/wp-content\/uploads\/2023\/05\/metodo-cocina-modelo-191-onix-4-lisa-1334x1500.jpg 1334w, https:\/\/cocinasmetodo.es\/wp-content\/uploads\/2023\/05\/metodo-cocina-modelo-191-onix-4-lisa-627x705.jpg 627w\" sizes=\"auto, (max-width: 1778px) 100vw, 1778px\" \/><\/p>\n<p>&nbsp;<\/p>\n<p><img loading=\"lazy\" decoding=\"async\" class=\"alignnone size-full wp-image-5401\" src=\"https:\/\/cocinasmetodo.es\/wp-content\/uploads\/2023\/03\/metodo-cocina-modelo-191-onix-1-scaled.jpg\" alt=\"\" width=\"2560\" height=\"1728\" srcset=\"https:\/\/cocinasmetodo.es\/wp-content\/uploads\/2023\/03\/metodo-cocina-modelo-191-onix-1-scaled.jpg 2560w, https:\/\/cocinasmetodo.es\/wp-content\/uploads\/2023\/03\/metodo-cocina-modelo-191-onix-1-300x203.jpg 300w, https:\/\/cocinasmetodo.es\/wp-content\/uploads\/2023\/03\/metodo-cocina-modelo-191-onix-1-1030x695.jpg 1030w, https:\/\/cocinasmetodo.es\/wp-content\/uploads\/2023\/03\/metodo-cocina-modelo-191-onix-1-768x518.jpg 768w, https:\/\/cocinasmetodo.es\/wp-content\/uploads\/2023\/03\/metodo-cocina-modelo-191-onix-1-1536x1037.jpg 1536w, https:\/\/cocinasmetodo.es\/wp-content\/uploads\/2023\/03\/metodo-cocina-modelo-191-onix-1-2048x1382.jpg 2048w, https:\/\/cocinasmetodo.es\/wp-content\/uploads\/2023\/03\/metodo-cocina-modelo-191-onix-1-1500x1013.jpg 1500w, https:\/\/cocinasmetodo.es\/wp-content\/uploads\/2023\/03\/metodo-cocina-modelo-191-onix-1-705x476.jpg 705w, https:\/\/cocinasmetodo.es\/wp-content\/uploads\/2023\/03\/metodo-cocina-modelo-191-onix-1-scaled-1200x810-1200x810.jpg 1200w, https:\/\/cocinasmetodo.es\/wp-content\/uploads\/2023\/03\/metodo-cocina-modelo-191-onix-1-scaled-594x401.jpg 594w, https:\/\/cocinasmetodo.es\/wp-content\/uploads\/2023\/03\/metodo-cocina-modelo-191-onix-1-scaled-594x401-594x401.jpg 600w\" sizes=\"auto, (max-width: 2560px) 100vw, 2560px\" \/><\/p>\n<p>&nbsp;<\/p>\n<p><img loading=\"lazy\" decoding=\"async\" class=\"alignnone size-full wp-image-5405\" src=\"https:\/\/cocinasmetodo.es\/wp-content\/uploads\/2023\/03\/metodo-cocina-modelo-191-onix-3.jpg\" alt=\"\" width=\"1600\" height=\"2000\" srcset=\"https:\/\/cocinasmetodo.es\/wp-content\/uploads\/2023\/03\/metodo-cocina-modelo-191-onix-3.jpg 1600w, https:\/\/cocinasmetodo.es\/wp-content\/uploads\/2023\/03\/metodo-cocina-modelo-191-onix-3-240x300.jpg 240w, https:\/\/cocinasmetodo.es\/wp-content\/uploads\/2023\/03\/metodo-cocina-modelo-191-onix-3-824x1030.jpg 824w, https:\/\/cocinasmetodo.es\/wp-content\/uploads\/2023\/03\/metodo-cocina-modelo-191-onix-3-768x960.jpg 768w, https:\/\/cocinasmetodo.es\/wp-content\/uploads\/2023\/03\/metodo-cocina-modelo-191-onix-3-1229x1536.jpg 1229w, https:\/\/cocinasmetodo.es\/wp-content\/uploads\/2023\/03\/metodo-cocina-modelo-191-onix-3-1200x1500.jpg 1200w, https:\/\/cocinasmetodo.es\/wp-content\/uploads\/2023\/03\/metodo-cocina-modelo-191-onix-3-564x705.jpg 564w\" sizes=\"auto, (max-width: 1600px) 100vw, 1600px\" \/><\/p>\n<div  class='avia-button-wrap avia-button-center  avia-builder-el-0  el_before_av_buttonrow  avia-builder-el-first '>\n<style type=\"text\/css\" data-created_by=\"avia_inline_auto\" id=\"style-css-av-2wb8yc-11e2e0e284a718df8c86509dbbc8172c\">\n#top #wrap_all .avia-button.av-2wb8yc-11e2e0e284a718df8c86509dbbc8172c:hover{\ncolor:white;\ntransition:all 0.4s ease-in-out;\n}\n#top #wrap_all .avia-button.av-2wb8yc-11e2e0e284a718df8c86509dbbc8172c:hover .avia-svg-icon svg:first-child{\nfill:white;\nstroke:white;\n}\n<\/style>\n<a href='https:\/\/cocinasmetodo.es\/cocinas\/' class='avia-color-theme-color avia-font-color-theme-color avia-button avia-button-fullwidth av-2wb8yc-11e2e0e284a718df8c86509dbbc8172c avia-icon_select-no avia-color-theme-color'   aria-label=\"VOIR LES CUISINES\"><span class='avia_iconbox_title' >VOIR LES CUISINES<\/span><span class='avia_button_background avia-button avia-button-fullwidth avia-color-theme-color-highlight'><\/span><\/a><\/div>\n<p>&nbsp;<\/p>\n<hr \/>\n<div  class='avia-buttonrow-wrap av-1y6twi-3e7ea6a37514e6a4fd51ac3049db817d avia-buttonrow-center  avia-builder-el-1  el_after_av_button_big  avia-builder-el-no-sibling '>\n\n<style type=\"text\/css\" data-created_by=\"avia_inline_auto\" id=\"style-css-av-kwnf4ref-d3eeec7100204f0ca80f01b6bc691e05\">\n#top #wrap_all .avia-button.av-kwnf4ref-d3eeec7100204f0ca80f01b6bc691e05{\nmargin-bottom:5px;\nmargin-right:3px;\nmargin-left:3px;\n}\n<\/style>\n<a href='https:\/\/cocinasmetodo.es\/fr\/contacto\/'  class='avia-button av-kwnf4ref-d3eeec7100204f0ca80f01b6bc691e05 avia-icon_select-no avia-size-medium avia-color-theme-color'   aria-label=\"AVEZ-VOUS BESOIN D\u2019UN BUDGET ?\"><span class='avia_iconbox_title' >AVEZ-VOUS BESOIN D\u2019UN BUDGET ?<\/span><\/a>\n\n<style type=\"text\/css\" data-created_by=\"avia_inline_auto\" id=\"style-css-av-kwnf5nlq-6dbd4570cc2c7a1e56ae090b5c0c7c19\">\n#top #wrap_all .avia-button.av-kwnf5nlq-6dbd4570cc2c7a1e56ae090b5c0c7c19{\nmargin-bottom:5px;\nmargin-right:3px;\nmargin-left:3px;\n}\n<\/style>\n<a href='https:\/\/cocinasmetodo.es\/fr\/contacto\/'  class='avia-button av-kwnf5nlq-6dbd4570cc2c7a1e56ae090b5c0c7c19 avia-icon_select-no avia-size-medium avia-color-theme-color'   aria-label=\"VOUS SOUHAITEZ PUBLIER UN PROJET ?\"><span class='avia_iconbox_title' >VOUS SOUHAITEZ PUBLIER UN PROJET ?<\/span><\/a>\n\n<style type=\"text\/css\" data-created_by=\"avia_inline_auto\" id=\"style-css-av-kwnf6k50-9e8dc149f2bac61c5782f6a3b98dfa0e\">\n#top #wrap_all .avia-button.av-kwnf6k50-9e8dc149f2bac61c5782f6a3b98dfa0e{\nmargin-bottom:5px;\nmargin-right:3px;\nmargin-left:3px;\n}\n<\/style>\n<a href='https:\/\/cocinasmetodo.es\/fr\/contacto\/'  class='avia-button av-kwnf6k50-9e8dc149f2bac61c5782f6a3b98dfa0e avia-icon_select-no avia-size-medium avia-color-theme-color'   aria-label=\"VOUS VOULEZ VOIR UNE CUISINE M\u00c9TODO?\"><span class='avia_iconbox_title' >VOUS VOULEZ VOIR UNE CUISINE M\u00c9TODO?<\/span><\/a>\n<\/div>\n<hr \/>\n<p>&nbsp;<\/p>\n","protected":false},"excerpt":{"rendered":"<p>Dans l&rsquo;une de ses derni\u00e8res publications, le magazine num\u00e9rique IMCB met en avant \u00ab\u00a0Un duo de couleurs tr\u00e8s tendance. Le blanc apporte de la luminosit\u00e9, de l&rsquo;espace et est ind\u00e9modable. Et, associ\u00e9 au noir, il donne un air sophistiqu\u00e9 et moderne. C&rsquo;est votre alli\u00e9 parfait\u00a0\u00bb.<\/p>\n","protected":false},"author":1,"featured_media":6159,"comment_status":"open","ping_status":"open","sticky":false,"template":"","format":"standard","meta":{"footnotes":""},"categories":[121],"tags":[264,265,124,266],"class_list":["post-6322","post","type-post","status-publish","format-standard","has-post-thumbnail","hentry","category-prensa-fr","tag-cocinas-blanco-y-negro-fr","tag-prensa-fr","tag-prensa-interiorismo-fr","tag-revista-im-fr"],"yoast_head":"<!-- This site is optimized with the Yoast SEO plugin v27.2 - https:\/\/yoast.com\/product\/yoast-seo-wordpress\/ -->\n<title>IM COCINAS Y BA\u00d1OS met en valeur le design noir et blanc des cuisines M\u00e9todo - m\u00e9todo<\/title>\n<meta name=\"description\" content=\"Dans l&#039;une de ses derni\u00e8res publications, le magazine num\u00e9rique IMCB met en avant &quot;Un duo de couleurs tr\u00e8s tendance. Le blanc apporte de la luminosit\u00e9, de l&#039;espace et est ind\u00e9modable. Et, associ\u00e9 au noir, il donne un air sophistiqu\u00e9 et moderne. C&#039;est votre alli\u00e9 parfait&quot;.\" \/>\n<meta name=\"robots\" content=\"index, follow, max-snippet:-1, max-image-preview:large, max-video-preview:-1\" \/>\n<link rel=\"canonical\" href=\"https:\/\/cocinasmetodo.es\/fr\/im-kitchens-and-bathrooms-met-en-valeur-le-design-noir-et-blanc-des-cuisines-method\/\" \/>\n<meta property=\"og:locale\" content=\"fr_FR\" \/>\n<meta property=\"og:type\" content=\"article\" \/>\n<meta property=\"og:title\" content=\"IM COCINAS Y BA\u00d1OS met en valeur le design noir et blanc des cuisines M\u00e9todo - m\u00e9todo\" \/>\n<meta property=\"og:description\" content=\"Dans l&#039;une de ses derni\u00e8res publications, le magazine num\u00e9rique IMCB met en avant &quot;Un duo de couleurs tr\u00e8s tendance. Le blanc apporte de la luminosit\u00e9, de l&#039;espace et est ind\u00e9modable. Et, associ\u00e9 au noir, il donne un air sophistiqu\u00e9 et moderne. C&#039;est votre alli\u00e9 parfait&quot;.\" \/>\n<meta property=\"og:url\" content=\"https:\/\/cocinasmetodo.es\/fr\/im-kitchens-and-bathrooms-met-en-valeur-le-design-noir-et-blanc-des-cuisines-method\/\" \/>\n<meta property=\"og:site_name\" content=\"m\u00e9todo\" \/>\n<meta property=\"article:published_time\" content=\"2023-06-09T12:03:02+00:00\" \/>\n<meta property=\"article:modified_time\" content=\"2023-07-05T11:30:25+00:00\" \/>\n<meta property=\"og:image\" content=\"https:\/\/cocinasmetodo.es\/wp-content\/uploads\/2023\/06\/imcb-cocinas-metodo-sep-2022-scaled.jpg\" \/>\n\t<meta property=\"og:image:width\" content=\"1438\" \/>\n\t<meta property=\"og:image:height\" content=\"2560\" \/>\n\t<meta property=\"og:image:type\" content=\"image\/jpeg\" \/>\n<meta name=\"author\" content=\"admin\" \/>\n<meta name=\"twitter:card\" content=\"summary_large_image\" \/>\n<meta name=\"twitter:label1\" content=\"\u00c9crit par\" \/>\n\t<meta name=\"twitter:data1\" content=\"admin\" \/>\n\t<meta name=\"twitter:label2\" content=\"Dur\u00e9e de lecture estim\u00e9e\" \/>\n\t<meta name=\"twitter:data2\" content=\"3 minutes\" \/>\n<script type=\"application\/ld+json\" class=\"yoast-schema-graph\">{\"@context\":\"https:\/\/schema.org\",\"@graph\":[{\"@type\":\"Article\",\"@id\":\"https:\/\/cocinasmetodo.es\/fr\/im-kitchens-and-bathrooms-met-en-valeur-le-design-noir-et-blanc-des-cuisines-method\/#article\",\"isPartOf\":{\"@id\":\"https:\/\/cocinasmetodo.es\/fr\/im-kitchens-and-bathrooms-met-en-valeur-le-design-noir-et-blanc-des-cuisines-method\/\"},\"author\":{\"name\":\"admin\",\"@id\":\"https:\/\/cocinasmetodo.es\/#\/schema\/person\/cf74899f07207d3cb6021e2e6f17241f\"},\"headline\":\"IM COCINAS Y BA\u00d1OS met en valeur le design noir et blanc des cuisines M\u00e9todo\",\"datePublished\":\"2023-06-09T12:03:02+00:00\",\"dateModified\":\"2023-07-05T11:30:25+00:00\",\"mainEntityOfPage\":{\"@id\":\"https:\/\/cocinasmetodo.es\/fr\/im-kitchens-and-bathrooms-met-en-valeur-le-design-noir-et-blanc-des-cuisines-method\/\"},\"wordCount\":899,\"commentCount\":0,\"publisher\":{\"@id\":\"https:\/\/cocinasmetodo.es\/#organization\"},\"image\":{\"@id\":\"https:\/\/cocinasmetodo.es\/fr\/im-kitchens-and-bathrooms-met-en-valeur-le-design-noir-et-blanc-des-cuisines-method\/#primaryimage\"},\"thumbnailUrl\":\"https:\/\/cocinasmetodo.es\/wp-content\/uploads\/2023\/06\/imcb-cocinas-metodo-sep-2022-scaled.jpg\",\"keywords\":[\"Cocinas blanco y negro\",\"prensa\",\"prensa interiorismo\",\"Revista IM\"],\"articleSection\":[\"Prensa\"],\"inLanguage\":\"fr-FR\",\"potentialAction\":[{\"@type\":\"CommentAction\",\"name\":\"Comment\",\"target\":[\"https:\/\/cocinasmetodo.es\/fr\/im-kitchens-and-bathrooms-met-en-valeur-le-design-noir-et-blanc-des-cuisines-method\/#respond\"]}]},{\"@type\":\"WebPage\",\"@id\":\"https:\/\/cocinasmetodo.es\/fr\/im-kitchens-and-bathrooms-met-en-valeur-le-design-noir-et-blanc-des-cuisines-method\/\",\"url\":\"https:\/\/cocinasmetodo.es\/fr\/im-kitchens-and-bathrooms-met-en-valeur-le-design-noir-et-blanc-des-cuisines-method\/\",\"name\":\"IM COCINAS Y BA\u00d1OS met en valeur le design noir et blanc des cuisines M\u00e9todo - m\u00e9todo\",\"isPartOf\":{\"@id\":\"https:\/\/cocinasmetodo.es\/#website\"},\"primaryImageOfPage\":{\"@id\":\"https:\/\/cocinasmetodo.es\/fr\/im-kitchens-and-bathrooms-met-en-valeur-le-design-noir-et-blanc-des-cuisines-method\/#primaryimage\"},\"image\":{\"@id\":\"https:\/\/cocinasmetodo.es\/fr\/im-kitchens-and-bathrooms-met-en-valeur-le-design-noir-et-blanc-des-cuisines-method\/#primaryimage\"},\"thumbnailUrl\":\"https:\/\/cocinasmetodo.es\/wp-content\/uploads\/2023\/06\/imcb-cocinas-metodo-sep-2022-scaled.jpg\",\"datePublished\":\"2023-06-09T12:03:02+00:00\",\"dateModified\":\"2023-07-05T11:30:25+00:00\",\"description\":\"Dans l'une de ses derni\u00e8res publications, le magazine num\u00e9rique IMCB met en avant \\\"Un duo de couleurs tr\u00e8s tendance. Le blanc apporte de la luminosit\u00e9, de l'espace et est ind\u00e9modable. Et, associ\u00e9 au noir, il donne un air sophistiqu\u00e9 et moderne. C'est votre alli\u00e9 parfait\\\".\",\"breadcrumb\":{\"@id\":\"https:\/\/cocinasmetodo.es\/fr\/im-kitchens-and-bathrooms-met-en-valeur-le-design-noir-et-blanc-des-cuisines-method\/#breadcrumb\"},\"inLanguage\":\"fr-FR\",\"potentialAction\":[{\"@type\":\"ReadAction\",\"target\":[\"https:\/\/cocinasmetodo.es\/fr\/im-kitchens-and-bathrooms-met-en-valeur-le-design-noir-et-blanc-des-cuisines-method\/\"]}]},{\"@type\":\"ImageObject\",\"inLanguage\":\"fr-FR\",\"@id\":\"https:\/\/cocinasmetodo.es\/fr\/im-kitchens-and-bathrooms-met-en-valeur-le-design-noir-et-blanc-des-cuisines-method\/#primaryimage\",\"url\":\"https:\/\/cocinasmetodo.es\/wp-content\/uploads\/2023\/06\/imcb-cocinas-metodo-sep-2022-scaled.jpg\",\"contentUrl\":\"https:\/\/cocinasmetodo.es\/wp-content\/uploads\/2023\/06\/imcb-cocinas-metodo-sep-2022-scaled.jpg\",\"width\":1438,\"height\":2560,\"caption\":\"im blanco y negro\"},{\"@type\":\"BreadcrumbList\",\"@id\":\"https:\/\/cocinasmetodo.es\/fr\/im-kitchens-and-bathrooms-met-en-valeur-le-design-noir-et-blanc-des-cuisines-method\/#breadcrumb\",\"itemListElement\":[{\"@type\":\"ListItem\",\"position\":1,\"name\":\"Portada\",\"item\":\"https:\/\/cocinasmetodo.es\/fr\/\"},{\"@type\":\"ListItem\",\"position\":2,\"name\":\"IM COCINAS Y BA\u00d1OS met en valeur le design noir et blanc des cuisines M\u00e9todo\"}]},{\"@type\":\"WebSite\",\"@id\":\"https:\/\/cocinasmetodo.es\/#website\",\"url\":\"https:\/\/cocinasmetodo.es\/\",\"name\":\"m\u00e9todo\",\"description\":\"Daily Kitchens\",\"publisher\":{\"@id\":\"https:\/\/cocinasmetodo.es\/#organization\"},\"potentialAction\":[{\"@type\":\"SearchAction\",\"target\":{\"@type\":\"EntryPoint\",\"urlTemplate\":\"https:\/\/cocinasmetodo.es\/?s={search_term_string}\"},\"query-input\":{\"@type\":\"PropertyValueSpecification\",\"valueRequired\":true,\"valueName\":\"search_term_string\"}}],\"inLanguage\":\"fr-FR\"},{\"@type\":\"Organization\",\"@id\":\"https:\/\/cocinasmetodo.es\/#organization\",\"name\":\"m\u00e9todo\",\"url\":\"https:\/\/cocinasmetodo.es\/\",\"logo\":{\"@type\":\"ImageObject\",\"inLanguage\":\"fr-FR\",\"@id\":\"https:\/\/cocinasmetodo.es\/#\/schema\/logo\/image\/\",\"url\":\"https:\/\/cocinasmetodo.es\/wp-content\/uploads\/2021\/05\/logoweb.png\",\"contentUrl\":\"https:\/\/cocinasmetodo.es\/wp-content\/uploads\/2021\/05\/logoweb.png\",\"width\":1000,\"height\":528,\"caption\":\"m\u00e9todo\"},\"image\":{\"@id\":\"https:\/\/cocinasmetodo.es\/#\/schema\/logo\/image\/\"}},{\"@type\":\"Person\",\"@id\":\"https:\/\/cocinasmetodo.es\/#\/schema\/person\/cf74899f07207d3cb6021e2e6f17241f\",\"name\":\"admin\",\"image\":{\"@type\":\"ImageObject\",\"inLanguage\":\"fr-FR\",\"@id\":\"https:\/\/secure.gravatar.com\/avatar\/f81daeca33be8da0842690f149bc1081f003f3840397028f3faabf244c06927a?s=96&d=mm&r=g\",\"url\":\"https:\/\/secure.gravatar.com\/avatar\/f81daeca33be8da0842690f149bc1081f003f3840397028f3faabf244c06927a?s=96&d=mm&r=g\",\"contentUrl\":\"https:\/\/secure.gravatar.com\/avatar\/f81daeca33be8da0842690f149bc1081f003f3840397028f3faabf244c06927a?s=96&d=mm&r=g\",\"caption\":\"admin\"},\"sameAs\":[\"https:\/\/cocinasmetodo.es\/website2021\"]}]}<\/script>\n<!-- \/ Yoast SEO plugin. -->","yoast_head_json":{"title":"IM COCINAS Y BA\u00d1OS met en valeur le design noir et blanc des cuisines M\u00e9todo - m\u00e9todo","description":"Dans l'une de ses derni\u00e8res publications, le magazine num\u00e9rique IMCB met en avant \"Un duo de couleurs tr\u00e8s tendance. Le blanc apporte de la luminosit\u00e9, de l'espace et est ind\u00e9modable. Et, associ\u00e9 au noir, il donne un air sophistiqu\u00e9 et moderne. C'est votre alli\u00e9 parfait\".","robots":{"index":"index","follow":"follow","max-snippet":"max-snippet:-1","max-image-preview":"max-image-preview:large","max-video-preview":"max-video-preview:-1"},"canonical":"https:\/\/cocinasmetodo.es\/fr\/im-kitchens-and-bathrooms-met-en-valeur-le-design-noir-et-blanc-des-cuisines-method\/","og_locale":"fr_FR","og_type":"article","og_title":"IM COCINAS Y BA\u00d1OS met en valeur le design noir et blanc des cuisines M\u00e9todo - m\u00e9todo","og_description":"Dans l'une de ses derni\u00e8res publications, le magazine num\u00e9rique IMCB met en avant \"Un duo de couleurs tr\u00e8s tendance. Le blanc apporte de la luminosit\u00e9, de l'espace et est ind\u00e9modable. Et, associ\u00e9 au noir, il donne un air sophistiqu\u00e9 et moderne. C'est votre alli\u00e9 parfait\".","og_url":"https:\/\/cocinasmetodo.es\/fr\/im-kitchens-and-bathrooms-met-en-valeur-le-design-noir-et-blanc-des-cuisines-method\/","og_site_name":"m\u00e9todo","article_published_time":"2023-06-09T12:03:02+00:00","article_modified_time":"2023-07-05T11:30:25+00:00","og_image":[{"width":1438,"height":2560,"url":"https:\/\/cocinasmetodo.es\/wp-content\/uploads\/2023\/06\/imcb-cocinas-metodo-sep-2022-scaled.jpg","type":"image\/jpeg"}],"author":"admin","twitter_card":"summary_large_image","twitter_misc":{"\u00c9crit par":"admin","Dur\u00e9e de lecture estim\u00e9e":"3 minutes"},"schema":{"@context":"https:\/\/schema.org","@graph":[{"@type":"Article","@id":"https:\/\/cocinasmetodo.es\/fr\/im-kitchens-and-bathrooms-met-en-valeur-le-design-noir-et-blanc-des-cuisines-method\/#article","isPartOf":{"@id":"https:\/\/cocinasmetodo.es\/fr\/im-kitchens-and-bathrooms-met-en-valeur-le-design-noir-et-blanc-des-cuisines-method\/"},"author":{"name":"admin","@id":"https:\/\/cocinasmetodo.es\/#\/schema\/person\/cf74899f07207d3cb6021e2e6f17241f"},"headline":"IM COCINAS Y BA\u00d1OS met en valeur le design noir et blanc des cuisines M\u00e9todo","datePublished":"2023-06-09T12:03:02+00:00","dateModified":"2023-07-05T11:30:25+00:00","mainEntityOfPage":{"@id":"https:\/\/cocinasmetodo.es\/fr\/im-kitchens-and-bathrooms-met-en-valeur-le-design-noir-et-blanc-des-cuisines-method\/"},"wordCount":899,"commentCount":0,"publisher":{"@id":"https:\/\/cocinasmetodo.es\/#organization"},"image":{"@id":"https:\/\/cocinasmetodo.es\/fr\/im-kitchens-and-bathrooms-met-en-valeur-le-design-noir-et-blanc-des-cuisines-method\/#primaryimage"},"thumbnailUrl":"https:\/\/cocinasmetodo.es\/wp-content\/uploads\/2023\/06\/imcb-cocinas-metodo-sep-2022-scaled.jpg","keywords":["Cocinas blanco y negro","prensa","prensa interiorismo","Revista IM"],"articleSection":["Prensa"],"inLanguage":"fr-FR","potentialAction":[{"@type":"CommentAction","name":"Comment","target":["https:\/\/cocinasmetodo.es\/fr\/im-kitchens-and-bathrooms-met-en-valeur-le-design-noir-et-blanc-des-cuisines-method\/#respond"]}]},{"@type":"WebPage","@id":"https:\/\/cocinasmetodo.es\/fr\/im-kitchens-and-bathrooms-met-en-valeur-le-design-noir-et-blanc-des-cuisines-method\/","url":"https:\/\/cocinasmetodo.es\/fr\/im-kitchens-and-bathrooms-met-en-valeur-le-design-noir-et-blanc-des-cuisines-method\/","name":"IM COCINAS Y BA\u00d1OS met en valeur le design noir et blanc des cuisines M\u00e9todo - m\u00e9todo","isPartOf":{"@id":"https:\/\/cocinasmetodo.es\/#website"},"primaryImageOfPage":{"@id":"https:\/\/cocinasmetodo.es\/fr\/im-kitchens-and-bathrooms-met-en-valeur-le-design-noir-et-blanc-des-cuisines-method\/#primaryimage"},"image":{"@id":"https:\/\/cocinasmetodo.es\/fr\/im-kitchens-and-bathrooms-met-en-valeur-le-design-noir-et-blanc-des-cuisines-method\/#primaryimage"},"thumbnailUrl":"https:\/\/cocinasmetodo.es\/wp-content\/uploads\/2023\/06\/imcb-cocinas-metodo-sep-2022-scaled.jpg","datePublished":"2023-06-09T12:03:02+00:00","dateModified":"2023-07-05T11:30:25+00:00","description":"Dans l'une de ses derni\u00e8res publications, le magazine num\u00e9rique IMCB met en avant \"Un duo de couleurs tr\u00e8s tendance. Le blanc apporte de la luminosit\u00e9, de l'espace et est ind\u00e9modable. Et, associ\u00e9 au noir, il donne un air sophistiqu\u00e9 et moderne. C'est votre alli\u00e9 parfait\".","breadcrumb":{"@id":"https:\/\/cocinasmetodo.es\/fr\/im-kitchens-and-bathrooms-met-en-valeur-le-design-noir-et-blanc-des-cuisines-method\/#breadcrumb"},"inLanguage":"fr-FR","potentialAction":[{"@type":"ReadAction","target":["https:\/\/cocinasmetodo.es\/fr\/im-kitchens-and-bathrooms-met-en-valeur-le-design-noir-et-blanc-des-cuisines-method\/"]}]},{"@type":"ImageObject","inLanguage":"fr-FR","@id":"https:\/\/cocinasmetodo.es\/fr\/im-kitchens-and-bathrooms-met-en-valeur-le-design-noir-et-blanc-des-cuisines-method\/#primaryimage","url":"https:\/\/cocinasmetodo.es\/wp-content\/uploads\/2023\/06\/imcb-cocinas-metodo-sep-2022-scaled.jpg","contentUrl":"https:\/\/cocinasmetodo.es\/wp-content\/uploads\/2023\/06\/imcb-cocinas-metodo-sep-2022-scaled.jpg","width":1438,"height":2560,"caption":"im blanco y negro"},{"@type":"BreadcrumbList","@id":"https:\/\/cocinasmetodo.es\/fr\/im-kitchens-and-bathrooms-met-en-valeur-le-design-noir-et-blanc-des-cuisines-method\/#breadcrumb","itemListElement":[{"@type":"ListItem","position":1,"name":"Portada","item":"https:\/\/cocinasmetodo.es\/fr\/"},{"@type":"ListItem","position":2,"name":"IM COCINAS Y BA\u00d1OS met en valeur le design noir et blanc des cuisines M\u00e9todo"}]},{"@type":"WebSite","@id":"https:\/\/cocinasmetodo.es\/#website","url":"https:\/\/cocinasmetodo.es\/","name":"m\u00e9todo","description":"Daily Kitchens","publisher":{"@id":"https:\/\/cocinasmetodo.es\/#organization"},"potentialAction":[{"@type":"SearchAction","target":{"@type":"EntryPoint","urlTemplate":"https:\/\/cocinasmetodo.es\/?s={search_term_string}"},"query-input":{"@type":"PropertyValueSpecification","valueRequired":true,"valueName":"search_term_string"}}],"inLanguage":"fr-FR"},{"@type":"Organization","@id":"https:\/\/cocinasmetodo.es\/#organization","name":"m\u00e9todo","url":"https:\/\/cocinasmetodo.es\/","logo":{"@type":"ImageObject","inLanguage":"fr-FR","@id":"https:\/\/cocinasmetodo.es\/#\/schema\/logo\/image\/","url":"https:\/\/cocinasmetodo.es\/wp-content\/uploads\/2021\/05\/logoweb.png","contentUrl":"https:\/\/cocinasmetodo.es\/wp-content\/uploads\/2021\/05\/logoweb.png","width":1000,"height":528,"caption":"m\u00e9todo"},"image":{"@id":"https:\/\/cocinasmetodo.es\/#\/schema\/logo\/image\/"}},{"@type":"Person","@id":"https:\/\/cocinasmetodo.es\/#\/schema\/person\/cf74899f07207d3cb6021e2e6f17241f","name":"admin","image":{"@type":"ImageObject","inLanguage":"fr-FR","@id":"https:\/\/secure.gravatar.com\/avatar\/f81daeca33be8da0842690f149bc1081f003f3840397028f3faabf244c06927a?s=96&d=mm&r=g","url":"https:\/\/secure.gravatar.com\/avatar\/f81daeca33be8da0842690f149bc1081f003f3840397028f3faabf244c06927a?s=96&d=mm&r=g","contentUrl":"https:\/\/secure.gravatar.com\/avatar\/f81daeca33be8da0842690f149bc1081f003f3840397028f3faabf244c06927a?s=96&d=mm&r=g","caption":"admin"},"sameAs":["https:\/\/cocinasmetodo.es\/website2021"]}]}},"_links":{"self":[{"href":"https:\/\/cocinasmetodo.es\/fr\/wp-json\/wp\/v2\/posts\/6322","targetHints":{"allow":["GET"]}}],"collection":[{"href":"https:\/\/cocinasmetodo.es\/fr\/wp-json\/wp\/v2\/posts"}],"about":[{"href":"https:\/\/cocinasmetodo.es\/fr\/wp-json\/wp\/v2\/types\/post"}],"author":[{"embeddable":true,"href":"https:\/\/cocinasmetodo.es\/fr\/wp-json\/wp\/v2\/users\/1"}],"replies":[{"embeddable":true,"href":"https:\/\/cocinasmetodo.es\/fr\/wp-json\/wp\/v2\/comments?post=6322"}],"version-history":[{"count":5,"href":"https:\/\/cocinasmetodo.es\/fr\/wp-json\/wp\/v2\/posts\/6322\/revisions"}],"predecessor-version":[{"id":7171,"href":"https:\/\/cocinasmetodo.es\/fr\/wp-json\/wp\/v2\/posts\/6322\/revisions\/7171"}],"wp:featuredmedia":[{"embeddable":true,"href":"https:\/\/cocinasmetodo.es\/fr\/wp-json\/wp\/v2\/media\/6159"}],"wp:attachment":[{"href":"https:\/\/cocinasmetodo.es\/fr\/wp-json\/wp\/v2\/media?parent=6322"}],"wp:term":[{"taxonomy":"category","embeddable":true,"href":"https:\/\/cocinasmetodo.es\/fr\/wp-json\/wp\/v2\/categories?post=6322"},{"taxonomy":"post_tag","embeddable":true,"href":"https:\/\/cocinasmetodo.es\/fr\/wp-json\/wp\/v2\/tags?post=6322"}],"curies":[{"name":"wp","href":"https:\/\/api.w.org\/{rel}","templated":true}]}}