{"id":5973,"date":"2023-05-08T14:20:49","date_gmt":"2023-05-08T12:20:49","guid":{"rendered":"https:\/\/cocinasmetodo.es\/?p=5973"},"modified":"2023-05-09T10:24:32","modified_gmt":"2023-05-09T08:24:32","slug":"proyecto-en-burdeos-apartamento-saint-michel","status":"publish","type":"post","link":"https:\/\/cocinasmetodo.es\/fr\/proyecto-en-burdeos-apartamento-saint-michel\/","title":{"rendered":"PROJET EN BORDEAUX Appartement Saint-Michel"},"content":{"rendered":"<h3>\u00ab\u00a0Un appartement chic et \u00e9l\u00e9gant \u00e0 r\u00e9nover enti\u00e8rement\u00a0\u00bb<\/h3>\n<p>De France nous parviennent les projets d&rsquo;un studio d&rsquo;architecture d&rsquo;int\u00e9rieur sp\u00e9cialis\u00e9 dans les cuisines, les salles de bains, les dressings et toute solution sur mesure, situ\u00e9 \u00e0 Saint M\u00e9dard dans les rues, pr\u00e8s de Bordeaux. Leurs r\u00e9alisations t\u00e9moignent de leur savoir-faire et surtout de leur capacit\u00e9 \u00e0 trouver la bonne solution pour chacun des cas qui se pr\u00e9sentent. Ils accompagnent leurs clients tout au long du processus de r\u00e9novation afin d&rsquo;obtenir l&rsquo;espace de vie qu&rsquo;ils souhaitent.<\/p>\n<blockquote><p><strong>Le processus de r\u00e9novation est un parcours jalonn\u00e9 de d\u00e9cisions avec une multitude de propositions qui peuvent \u00eatre d\u00e9routantes. Avec l&rsquo;aide de sp\u00e9cialistes, il est plus facile d&rsquo;avancer dans la prise de tant de d\u00e9cisions et de clarifier les doutes qui peuvent surgir au cours du processus. La r\u00e9novation d&rsquo;une cuisine ne doit pas devenir un casse-t\u00eate. Elle doit \u00eatre la transition vers une vie meilleure pour les personnes qui occupent l&rsquo;espace.<\/strong><\/p><\/blockquote>\n<p>Aujourd&rsquo;hui, nous examinons l&rsquo;un des derniers projets r\u00e9alis\u00e9s par ce studio, dans lequel le concept de cuisine ouverte est impos\u00e9. L&rsquo;ouverture des espaces est un th\u00e8me r\u00e9current lorsqu&rsquo;il s&rsquo;agit de la cuisine. La distribution de l&rsquo;habitat a beaucoup \u00e9volu\u00e9 ces derni\u00e8res ann\u00e9es. Il n&rsquo;est pas facile de trouver des projets d&rsquo;am\u00e9nagement int\u00e9rieur actuels dans lesquels les espaces ne sont pas ouverts. Les salons et les cuisines s&rsquo;entrem\u00ealent, les bureaux sont int\u00e9gr\u00e9s dans les salles \u00e0 manger, le t\u00e9l\u00e9travail \u00e0 domicile est plus que jamais d&rsquo;actualit\u00e9&#8230;<strong> Est-ce une mode ? Est-ce un nouveau concept d&rsquo;am\u00e9nagement int\u00e9rieur qui s&rsquo;impose ? Est-ce mieux ? Est-ce moins bien ?&#8230;<\/strong> Il n&rsquo;y a pas de solution unique pour concevoir les espaces car chaque personne vit de mani\u00e8re diff\u00e9rente et ce sont les espaces qui doivent s&rsquo;adapter \u00e0 cette mani\u00e8re et non l&rsquo;inverse. Le plus important est d&rsquo;\u00eatre clair sur la fa\u00e7on dont nous voulons vivre.<\/p>\n<h3>PROJET D&rsquo;APPARTEMENT SAINT MICHEL<\/h3>\n<p>Le studio d&rsquo;architecture a accompagn\u00e9 le client dans la r\u00e9forme structurelle et int\u00e9grale de cette maison situ\u00e9e \u00e0 Bordeaux qui conserve l&rsquo;essence de l&rsquo;\u00e9l\u00e9gance fran\u00e7aise. Comme on peut le voir, le choix des mat\u00e9riaux et de la couleur principale envahit l&rsquo;espace, \u00e0 commencer par la cuisine ouverte, qui s&rsquo;int\u00e8gre au reste des pi\u00e8ces. M\u00eame la chambre \u00e0 coucher, qui se trouve dans la partie la plus intime et la plus cach\u00e9e de la maison, suit le m\u00eame code visuel. <strong><em>Comme nous l&rsquo;explique le studio, l&rsquo;objectif du projet \u00e9tait d&rsquo;obtenir un appartement avec des espaces optimis\u00e9s, en cherchant diff\u00e9rentes fa\u00e7ons d&rsquo;y parvenir.<\/em><\/strong><\/p>\n<p>&nbsp;<\/p>\n<p><img loading=\"lazy\" decoding=\"async\" class=\"alignnone size-full wp-image-4322\" src=\"https:\/\/cocinasmetodo.es\/wp-content\/uploads\/2022\/10\/cocinas-me\u0301todo-reactif-saint-michel-2022-5.jpg\" alt=\"\" width=\"1500\" height=\"1497\" srcset=\"https:\/\/cocinasmetodo.es\/wp-content\/uploads\/2022\/10\/cocinas-me\u0301todo-reactif-saint-michel-2022-5.jpg 1500w, https:\/\/cocinasmetodo.es\/wp-content\/uploads\/2022\/10\/cocinas-me\u0301todo-reactif-saint-michel-2022-5-300x300.jpg 300w, https:\/\/cocinasmetodo.es\/wp-content\/uploads\/2022\/10\/cocinas-me\u0301todo-reactif-saint-michel-2022-5-1030x1028.jpg 1030w, https:\/\/cocinasmetodo.es\/wp-content\/uploads\/2022\/10\/cocinas-me\u0301todo-reactif-saint-michel-2022-5-80x80.jpg 80w, https:\/\/cocinasmetodo.es\/wp-content\/uploads\/2022\/10\/cocinas-me\u0301todo-reactif-saint-michel-2022-5-768x766.jpg 768w, https:\/\/cocinasmetodo.es\/wp-content\/uploads\/2022\/10\/cocinas-me\u0301todo-reactif-saint-michel-2022-5-36x36.jpg 36w, https:\/\/cocinasmetodo.es\/wp-content\/uploads\/2022\/10\/cocinas-me\u0301todo-reactif-saint-michel-2022-5-180x180.jpg 180w, https:\/\/cocinasmetodo.es\/wp-content\/uploads\/2022\/10\/cocinas-me\u0301todo-reactif-saint-michel-2022-5-705x705.jpg 705w\" sizes=\"auto, (max-width: 1500px) 100vw, 1500px\" \/><\/p>\n<p>La solution a consist\u00e9 \u00e0 cr\u00e9er un espace unique entre la cuisine et l&rsquo;espace de vie. Dans la zone de vie, en plus du salon avec un canap\u00e9 et un espace TV, il y a une \u00e9tag\u00e8re sur mesure. Les couleurs et les finitions unifient l&rsquo;espace. De m\u00eame, dans ce m\u00eame lieu, il y a un petit atelier de travail qui peut \u00eatre transform\u00e9 en pi\u00e8ce d&rsquo;appoint si n\u00e9cessaire.<\/p>\n<h3>Les cl\u00e9s pour planifier l&rsquo;ouverture des espaces dans une maison<\/h3>\n<ul>\n<li>Sachant qu&rsquo;il s&rsquo;agit pr\u00e9cis\u00e9ment d&rsquo;\u00e9viter de construire des murs ou une s\u00e9paration physique sp\u00e9cifique, il faut faire preuve de cr\u00e9ativit\u00e9 et d&rsquo;ing\u00e9niosit\u00e9 pour trouver la solution la plus appropri\u00e9e en mati\u00e8re de d\u00e9limitation des espaces et de leurs fonctions.<\/li>\n<li>L&rsquo;id\u00e9al est d&rsquo;utiliser des meubles, mais pas n&rsquo;importe lesquels. Il n&rsquo;est pas conseill\u00e9 d&rsquo;utiliser des meubles \u00ab\u00a0s\u00e9parateurs\u00a0\u00bb, mais plut\u00f4t d&rsquo;opter pour des \u00eelots (tables ou grands bars au centre de l&rsquo;espace) ou des murs, mais en verre ou dans un autre mat\u00e9riau transparent qui permet de voir l&rsquo;ensemble de l&rsquo;espace.<\/li>\n<li>L&rsquo;\u00eelot comme point de s\u00e9paration est l&rsquo;option la plus recommand\u00e9e et la plus utilis\u00e9e, avec de nombreuses variations de forme et de style. C&rsquo;est un \u00e9l\u00e9ment qui ouvre la cuisine et la relie \u00e0 la salle \u00e0 manger et au salon, un nexus qui peut m\u00eame fonctionner comme un centre ou un noyau pour les r\u00e9unions entre les habitants de la maison, en \u00e9tant le principal lieu de rencontre.<\/li>\n<li>Il y a forc\u00e9ment une source de lumi\u00e8re naturelle \u00e0 proximit\u00e9 ou \u00e0 l&rsquo;int\u00e9rieur de la cuisine. Donnez-lui de l&rsquo;espace et distribuez la cuisine en fonction de l&rsquo;entr\u00e9e de la lumi\u00e8re. L&rsquo;impact de ces pi\u00e8ces ouvertes sur l&rsquo;augmentation de la luminosit\u00e9 et la connexion avec le monde ext\u00e9rieur est incontestable.<\/li>\n<li>La table devient un \u00e9l\u00e9ment cl\u00e9 pour unifier les espaces. Elle peut \u00eatre le compl\u00e9ment d&rsquo;un bar \u00e0 petit-d\u00e9jeuner sur l&rsquo;\u00eelot. En outre, la table peut \u00e9galement servir de bureau, d&rsquo;\u00e9tude, de support pour la cuisine&#8230;<\/li>\n<\/ul>\n<p><img loading=\"lazy\" decoding=\"async\" class=\"alignnone size-full wp-image-4327\" src=\"https:\/\/cocinasmetodo.es\/wp-content\/uploads\/2022\/10\/cocinas-me\u0301todo-reactif-2022-2.jpg\" alt=\"\" width=\"2000\" height=\"2000\" srcset=\"https:\/\/cocinasmetodo.es\/wp-content\/uploads\/2022\/10\/cocinas-me\u0301todo-reactif-2022-2.jpg 2000w, https:\/\/cocinasmetodo.es\/wp-content\/uploads\/2022\/10\/cocinas-me\u0301todo-reactif-2022-2-300x300.jpg 300w, https:\/\/cocinasmetodo.es\/wp-content\/uploads\/2022\/10\/cocinas-me\u0301todo-reactif-2022-2-1030x1030.jpg 1030w, https:\/\/cocinasmetodo.es\/wp-content\/uploads\/2022\/10\/cocinas-me\u0301todo-reactif-2022-2-80x80.jpg 80w, https:\/\/cocinasmetodo.es\/wp-content\/uploads\/2022\/10\/cocinas-me\u0301todo-reactif-2022-2-768x768.jpg 768w, https:\/\/cocinasmetodo.es\/wp-content\/uploads\/2022\/10\/cocinas-me\u0301todo-reactif-2022-2-1536x1536.jpg 1536w, https:\/\/cocinasmetodo.es\/wp-content\/uploads\/2022\/10\/cocinas-me\u0301todo-reactif-2022-2-36x36.jpg 36w, https:\/\/cocinasmetodo.es\/wp-content\/uploads\/2022\/10\/cocinas-me\u0301todo-reactif-2022-2-180x180.jpg 180w, https:\/\/cocinasmetodo.es\/wp-content\/uploads\/2022\/10\/cocinas-me\u0301todo-reactif-2022-2-1500x1500.jpg 1500w, https:\/\/cocinasmetodo.es\/wp-content\/uploads\/2022\/10\/cocinas-me\u0301todo-reactif-2022-2-705x705.jpg 705w\" sizes=\"auto, (max-width: 2000px) 100vw, 2000px\" \/><\/p>\n<h3>D\u00c9FINITION ET AVANTAGES DES ESPACES OUVERTS<\/h3>\n<p>Le dictionnaire Collins de la langue anglaise le d\u00e9finit comme un espace <em>\u00ab\u00a0dont les zones ne sont pas ou peu divis\u00e9es par des murs\u00a0\u00bb.<\/em> Dans la section anglais-espagnol, on peut lire : <em>\u00ab\u00a0sans cloisons, plan ouvert\u00a0\u00bb<\/em>. Les chambres \u00e0 coucher et les salles de bains peuvent \u00e9galement \u00eatre qualifi\u00e9es d&rsquo;ouvertes, mais en g\u00e9n\u00e9ral, lorsque cette terminologie est utilis\u00e9e, c&rsquo;est pour faire r\u00e9f\u00e9rence aux principales zones de vie de la maison, c&rsquo;est-\u00e0-dire celles qui sont utilis\u00e9es couramment, comme la cuisine, le salon, l&rsquo;acc\u00e8s \u00e0 la maison, etc.<\/p>\n<p><strong>LES ESPACES OUVERTS R\u00c9PONDENT AU MODE DE VIE ACTUEL. <\/strong><\/p>\n<p>L&rsquo;\u00e9poque o\u00f9 une salle \u00e0 manger ressemblait \u00e0 un mus\u00e9e arch\u00e9ologique et n&rsquo;\u00e9tait utilis\u00e9e que pour des visites ou des f\u00eates sp\u00e9ciales est r\u00e9volue. Il s&rsquo;agissait de m\u00e8tres inutilis\u00e9s. Au Royaume-Uni, o\u00f9 l&rsquo;espace tend \u00e0 se rar\u00e9fier, les architectes sont souvent charg\u00e9s de cette t\u00e2che : dans les maisons victoriennes ou g\u00e9orgiennes, les murs int\u00e9rieurs sont abattus pour relier les pi\u00e8ces entre elles et cr\u00e9er des espaces plus grands et plus lumineux. Or, l&rsquo;enfermement de cet espace majestueux a n\u00e9cessit\u00e9 de sacrifier certains avantages pour d&rsquo;autres espaces rel\u00e9gu\u00e9s \u00e0 un niveau plus quotidien. Par exemple, les cloisons ont enlev\u00e9 de la lumi\u00e8re \u00e0 ces pi\u00e8ces plus utilis\u00e9es.<\/p>\n<p>&nbsp;<\/p>\n<p><img loading=\"lazy\" decoding=\"async\" class=\"alignnone size-full wp-image-4334\" src=\"https:\/\/cocinasmetodo.es\/wp-content\/uploads\/2022\/11\/cocinas-me\u0301todo-reactif-saint-michel-2022-7.jpg\" alt=\"\" width=\"1500\" height=\"1492\" srcset=\"https:\/\/cocinasmetodo.es\/wp-content\/uploads\/2022\/11\/cocinas-me\u0301todo-reactif-saint-michel-2022-7.jpg 1500w, https:\/\/cocinasmetodo.es\/wp-content\/uploads\/2022\/11\/cocinas-me\u0301todo-reactif-saint-michel-2022-7-300x298.jpg 300w, https:\/\/cocinasmetodo.es\/wp-content\/uploads\/2022\/11\/cocinas-me\u0301todo-reactif-saint-michel-2022-7-1030x1025.jpg 1030w, https:\/\/cocinasmetodo.es\/wp-content\/uploads\/2022\/11\/cocinas-me\u0301todo-reactif-saint-michel-2022-7-80x80.jpg 80w, https:\/\/cocinasmetodo.es\/wp-content\/uploads\/2022\/11\/cocinas-me\u0301todo-reactif-saint-michel-2022-7-768x764.jpg 768w, https:\/\/cocinasmetodo.es\/wp-content\/uploads\/2022\/11\/cocinas-me\u0301todo-reactif-saint-michel-2022-7-36x36.jpg 36w, https:\/\/cocinasmetodo.es\/wp-content\/uploads\/2022\/11\/cocinas-me\u0301todo-reactif-saint-michel-2022-7-180x180.jpg 180w, https:\/\/cocinasmetodo.es\/wp-content\/uploads\/2022\/11\/cocinas-me\u0301todo-reactif-saint-michel-2022-7-705x701.jpg 705w\" sizes=\"auto, (max-width: 1500px) 100vw, 1500px\" \/><\/p>\n<p><strong>OUVRE LES VOIES D&rsquo;ACC\u00c8S \u00c0 LA LUMI\u00c8RE<\/strong><\/p>\n<p>L&rsquo;impact que ces pi\u00e8ces ouvertes peuvent avoir sur l&rsquo;augmentation de la lumi\u00e8re et la connexion avec l&rsquo;ext\u00e9rieur est indiscutable. Par essence, ce concept permet \u00e0 tous les occupants de profiter d&rsquo;une lumi\u00e8re magnifique et d&rsquo;une connexion avec d&rsquo;autres espaces de la maison qui \u00e9taient auparavant invisibles. Dans de nombreux projets, les habitants eux-m\u00eames, lorsqu&rsquo;ils d\u00e9couvrent la m\u00eame maison apr\u00e8s l&rsquo;ouverture des fronti\u00e8res visuelles, disent qu&rsquo;ils ont l&rsquo;impression de se trouver dans un espace qui leur est \u00ab\u00a0\u00e9tranger\u00a0\u00bb.<\/p>\n<p><strong>IL AM\u00c9LIORE LA RELATION ENTRE LES HABITANTS<\/strong><\/p>\n<p>C&rsquo;est sans doute son principal avantage. Les espaces communs invitent au partage et, bien que nous fassions des t\u00e2ches diff\u00e9rentes dans les diff\u00e9rents espaces ouverts, nous sommes tous ensemble et proches. Et, dans un moment social o\u00f9 nous nous regardons tous \u00e0 travers l&rsquo;\u00e9cran, vous \u00eates-vous d\u00e9j\u00e0 demand\u00e9 quel type de relation nous aurions chez nous si nous \u00e9tions tous s\u00e9par\u00e9s par des cloisons ?<\/p>\n<p><strong>PEU DE M\u00c8TRES, DES ESPACES OUVERTS<\/strong><\/p>\n<p>Une astuce bien connue pour cr\u00e9er une sensation d&rsquo;espace dans les petites maisons consiste \u00e0 abattre quelques murs. \u00ab\u00a0Dans les r\u00e9gions o\u00f9 le march\u00e9 immobilier est tr\u00e8s comp\u00e9titif, les petites maisons sont plus susceptibles d&rsquo;\u00eatre optimis\u00e9es, car il y a moins d&rsquo;espace disponible\u00a0\u00bb, explique Bernhard Kurz. Mais nous pouvons aussi renverser ce concept. Une petite salle de bains dot\u00e9e de cloisons en verre, par exemple, para\u00eetra plus grande et mieux rang\u00e9e. Alors ? vous direz beaucoup de choses. Le tout est de savoir quand chaque option est la bonne.<\/p>\n<p><img loading=\"lazy\" decoding=\"async\" class=\"alignnone size-full wp-image-4343\" src=\"https:\/\/cocinasmetodo.es\/wp-content\/uploads\/2022\/10\/cocinas-me\u0301todo-reactif-2022-1.jpg\" alt=\"\" width=\"2000\" height=\"2000\" srcset=\"https:\/\/cocinasmetodo.es\/wp-content\/uploads\/2022\/10\/cocinas-me\u0301todo-reactif-2022-1.jpg 2000w, https:\/\/cocinasmetodo.es\/wp-content\/uploads\/2022\/10\/cocinas-me\u0301todo-reactif-2022-1-300x300.jpg 300w, https:\/\/cocinasmetodo.es\/wp-content\/uploads\/2022\/10\/cocinas-me\u0301todo-reactif-2022-1-1030x1030.jpg 1030w, https:\/\/cocinasmetodo.es\/wp-content\/uploads\/2022\/10\/cocinas-me\u0301todo-reactif-2022-1-80x80.jpg 80w, https:\/\/cocinasmetodo.es\/wp-content\/uploads\/2022\/10\/cocinas-me\u0301todo-reactif-2022-1-768x768.jpg 768w, https:\/\/cocinasmetodo.es\/wp-content\/uploads\/2022\/10\/cocinas-me\u0301todo-reactif-2022-1-1536x1536.jpg 1536w, https:\/\/cocinasmetodo.es\/wp-content\/uploads\/2022\/10\/cocinas-me\u0301todo-reactif-2022-1-36x36.jpg 36w, https:\/\/cocinasmetodo.es\/wp-content\/uploads\/2022\/10\/cocinas-me\u0301todo-reactif-2022-1-180x180.jpg 180w, https:\/\/cocinasmetodo.es\/wp-content\/uploads\/2022\/10\/cocinas-me\u0301todo-reactif-2022-1-1500x1500.jpg 1500w, https:\/\/cocinasmetodo.es\/wp-content\/uploads\/2022\/10\/cocinas-me\u0301todo-reactif-2022-1-705x705.jpg 705w\" sizes=\"auto, (max-width: 2000px) 100vw, 2000px\" \/> <img loading=\"lazy\" decoding=\"async\" class=\"alignnone size-full wp-image-4348\" src=\"https:\/\/cocinasmetodo.es\/wp-content\/uploads\/2022\/10\/cocinas-me\u0301todo-reactif-2022-5.jpg\" alt=\"\" width=\"2000\" height=\"2008\" srcset=\"https:\/\/cocinasmetodo.es\/wp-content\/uploads\/2022\/10\/cocinas-me\u0301todo-reactif-2022-5.jpg 2000w, https:\/\/cocinasmetodo.es\/wp-content\/uploads\/2022\/10\/cocinas-me\u0301todo-reactif-2022-5-300x300.jpg 300w, https:\/\/cocinasmetodo.es\/wp-content\/uploads\/2022\/10\/cocinas-me\u0301todo-reactif-2022-5-1026x1030.jpg 1026w, https:\/\/cocinasmetodo.es\/wp-content\/uploads\/2022\/10\/cocinas-me\u0301todo-reactif-2022-5-80x80.jpg 80w, https:\/\/cocinasmetodo.es\/wp-content\/uploads\/2022\/10\/cocinas-me\u0301todo-reactif-2022-5-768x771.jpg 768w, https:\/\/cocinasmetodo.es\/wp-content\/uploads\/2022\/10\/cocinas-me\u0301todo-reactif-2022-5-1530x1536.jpg 1530w, https:\/\/cocinasmetodo.es\/wp-content\/uploads\/2022\/10\/cocinas-me\u0301todo-reactif-2022-5-36x36.jpg 36w, https:\/\/cocinasmetodo.es\/wp-content\/uploads\/2022\/10\/cocinas-me\u0301todo-reactif-2022-5-180x180.jpg 180w, https:\/\/cocinasmetodo.es\/wp-content\/uploads\/2022\/10\/cocinas-me\u0301todo-reactif-2022-5-1494x1500.jpg 1494w, https:\/\/cocinasmetodo.es\/wp-content\/uploads\/2022\/10\/cocinas-me\u0301todo-reactif-2022-5-702x705.jpg 702w\" sizes=\"auto, (max-width: 2000px) 100vw, 2000px\" \/> <img loading=\"lazy\" decoding=\"async\" class=\"alignnone size-full wp-image-4316\" src=\"https:\/\/cocinasmetodo.es\/wp-content\/uploads\/2022\/10\/cocinas-me\u0301todo-reactif-saint-michel-2022-6.jpg\" alt=\"\" width=\"1500\" height=\"1495\" srcset=\"https:\/\/cocinasmetodo.es\/wp-content\/uploads\/2022\/10\/cocinas-me\u0301todo-reactif-saint-michel-2022-6.jpg 1500w, https:\/\/cocinasmetodo.es\/wp-content\/uploads\/2022\/10\/cocinas-me\u0301todo-reactif-saint-michel-2022-6-300x300.jpg 300w, https:\/\/cocinasmetodo.es\/wp-content\/uploads\/2022\/10\/cocinas-me\u0301todo-reactif-saint-michel-2022-6-1030x1027.jpg 1030w, https:\/\/cocinasmetodo.es\/wp-content\/uploads\/2022\/10\/cocinas-me\u0301todo-reactif-saint-michel-2022-6-80x80.jpg 80w, https:\/\/cocinasmetodo.es\/wp-content\/uploads\/2022\/10\/cocinas-me\u0301todo-reactif-saint-michel-2022-6-768x765.jpg 768w, https:\/\/cocinasmetodo.es\/wp-content\/uploads\/2022\/10\/cocinas-me\u0301todo-reactif-saint-michel-2022-6-36x36.jpg 36w, https:\/\/cocinasmetodo.es\/wp-content\/uploads\/2022\/10\/cocinas-me\u0301todo-reactif-saint-michel-2022-6-180x180.jpg 180w, https:\/\/cocinasmetodo.es\/wp-content\/uploads\/2022\/10\/cocinas-me\u0301todo-reactif-saint-michel-2022-6-705x703.jpg 705w\" sizes=\"auto, (max-width: 1500px) 100vw, 1500px\" \/><\/p>\n<div  class='avia-button-wrap avia-button-center  avia-builder-el-0  el_before_av_buttonrow  avia-builder-el-first '>\n<style type=\"text\/css\" data-created_by=\"avia_inline_auto\" id=\"style-css-av-2wb8yc-11e2e0e284a718df8c86509dbbc8172c\">\n#top #wrap_all .avia-button.av-2wb8yc-11e2e0e284a718df8c86509dbbc8172c:hover{\ncolor:white;\ntransition:all 0.4s ease-in-out;\n}\n#top #wrap_all .avia-button.av-2wb8yc-11e2e0e284a718df8c86509dbbc8172c:hover .avia-svg-icon svg:first-child{\nfill:white;\nstroke:white;\n}\n<\/style>\n<a href='https:\/\/cocinasmetodo.es\/cocinas\/' class='avia-color-theme-color avia-font-color-theme-color avia-button avia-button-fullwidth av-2wb8yc-11e2e0e284a718df8c86509dbbc8172c avia-icon_select-no avia-color-theme-color'   aria-label=\"VOIR LES CUISINES\"><span class='avia_iconbox_title' >VOIR LES CUISINES<\/span><span class='avia_button_background avia-button avia-button-fullwidth avia-color-theme-color-highlight'><\/span><\/a><\/div>\n<p>&nbsp;<\/p>\n<hr \/>\n<div  class='avia-buttonrow-wrap av-1y6twi-3e7ea6a37514e6a4fd51ac3049db817d avia-buttonrow-center  avia-builder-el-1  el_after_av_button_big  avia-builder-el-no-sibling '>\n\n<style type=\"text\/css\" data-created_by=\"avia_inline_auto\" id=\"style-css-av-kwnf4ref-d3eeec7100204f0ca80f01b6bc691e05\">\n#top #wrap_all .avia-button.av-kwnf4ref-d3eeec7100204f0ca80f01b6bc691e05{\nmargin-bottom:5px;\nmargin-right:3px;\nmargin-left:3px;\n}\n<\/style>\n<a href='https:\/\/cocinasmetodo.es\/fr\/contacto\/'  class='avia-button av-kwnf4ref-d3eeec7100204f0ca80f01b6bc691e05 avia-icon_select-no avia-size-medium avia-color-theme-color'   aria-label=\"AVEZ-VOUS BESOIN D\u2019UN BUDGET ?\"><span class='avia_iconbox_title' >AVEZ-VOUS BESOIN D\u2019UN BUDGET ?<\/span><\/a>\n\n<style type=\"text\/css\" data-created_by=\"avia_inline_auto\" id=\"style-css-av-kwnf5nlq-6dbd4570cc2c7a1e56ae090b5c0c7c19\">\n#top #wrap_all .avia-button.av-kwnf5nlq-6dbd4570cc2c7a1e56ae090b5c0c7c19{\nmargin-bottom:5px;\nmargin-right:3px;\nmargin-left:3px;\n}\n<\/style>\n<a href='https:\/\/cocinasmetodo.es\/fr\/contacto\/'  class='avia-button av-kwnf5nlq-6dbd4570cc2c7a1e56ae090b5c0c7c19 avia-icon_select-no avia-size-medium avia-color-theme-color'   aria-label=\"VOUS SOUHAITEZ PUBLIER UN PROJET ?\"><span class='avia_iconbox_title' >VOUS SOUHAITEZ PUBLIER UN PROJET ?<\/span><\/a>\n\n<style type=\"text\/css\" data-created_by=\"avia_inline_auto\" id=\"style-css-av-kwnf6k50-9e8dc149f2bac61c5782f6a3b98dfa0e\">\n#top #wrap_all .avia-button.av-kwnf6k50-9e8dc149f2bac61c5782f6a3b98dfa0e{\nmargin-bottom:5px;\nmargin-right:3px;\nmargin-left:3px;\n}\n<\/style>\n<a href='https:\/\/cocinasmetodo.es\/fr\/contacto\/'  class='avia-button av-kwnf6k50-9e8dc149f2bac61c5782f6a3b98dfa0e avia-icon_select-no avia-size-medium avia-color-theme-color'   aria-label=\"VOUS VOULEZ VOIR UNE CUISINE M\u00c9TODO?\"><span class='avia_iconbox_title' >VOUS VOULEZ VOIR UNE CUISINE M\u00c9TODO?<\/span><\/a>\n<\/div>\n<hr \/>\n<p>&nbsp;<\/p>\n","protected":false},"excerpt":{"rendered":"<p>De France nous parviennent les projets d&rsquo;un studio d&rsquo;architecture d&rsquo;int\u00e9rieur sp\u00e9cialis\u00e9 dans les cuisines, les salles de bains, les dressings et toute solution sur mesure, situ\u00e9 \u00e0 Saint M\u00e9dard dans les rues, pr\u00e8s de Bordeaux. Leurs r\u00e9alisations t\u00e9moignent de leur savoir-faire et surtout de leur capacit\u00e9 \u00e0 trouver la bonne solution pour chacun des cas qui se pr\u00e9sentent. Ils accompagnent leurs clients tout au long du processus de r\u00e9novation afin d&rsquo;obtenir l&rsquo;espace de vie qu&rsquo;ils souhaitent.<\/p>\n","protected":false},"author":1,"featured_media":4344,"comment_status":"open","ping_status":"open","sticky":false,"template":"","format":"standard","meta":{"footnotes":""},"categories":[53,55],"tags":[258,252,259],"class_list":["post-5973","post","type-post","status-publish","format-standard","has-post-thumbnail","hentry","category-cuisines","category-projets","tag-apartament-en-burdeos-fr","tag-cocina-abierta-fr","tag-reforma-en-francia-fr"],"yoast_head":"<!-- This site is optimized with the Yoast SEO plugin v27.2 - https:\/\/yoast.com\/product\/yoast-seo-wordpress\/ -->\n<title>PROJET EN BORDEAUX Appartement Saint-Michel - m\u00e9todo<\/title>\n<meta name=\"description\" content=\"El estudio de arquitectura ha acompa\u00f1ado al cliente en la reforma estructural e integral de esta vivienda situada en Burdeos que guarda la esencia de la elegancia francesa. Com ose puede ver la elecci\u00f3n de los materiales y el color protagonista invade el espacio partiendo del espacio de la cocina abierta que se integra con el resto de las estancias. Incluso el dormitorio que queda en la parte m\u00e1s \u00edntima y oculta de la vivienda, sigue con el mismo c\u00f3digo visu\" \/>\n<meta name=\"robots\" content=\"index, follow, max-snippet:-1, max-image-preview:large, max-video-preview:-1\" \/>\n<link rel=\"canonical\" href=\"https:\/\/cocinasmetodo.es\/fr\/proyecto-en-burdeos-apartamento-saint-michel\/\" \/>\n<meta property=\"og:locale\" content=\"fr_FR\" \/>\n<meta property=\"og:type\" content=\"article\" \/>\n<meta property=\"og:title\" content=\"PROJET EN BORDEAUX Appartement Saint-Michel - m\u00e9todo\" \/>\n<meta property=\"og:description\" content=\"El estudio de arquitectura ha acompa\u00f1ado al cliente en la reforma estructural e integral de esta vivienda situada en Burdeos que guarda la esencia de la elegancia francesa. Com ose puede ver la elecci\u00f3n de los materiales y el color protagonista invade el espacio partiendo del espacio de la cocina abierta que se integra con el resto de las estancias. Incluso el dormitorio que queda en la parte m\u00e1s \u00edntima y oculta de la vivienda, sigue con el mismo c\u00f3digo visu\" \/>\n<meta property=\"og:url\" content=\"https:\/\/cocinasmetodo.es\/fr\/proyecto-en-burdeos-apartamento-saint-michel\/\" \/>\n<meta property=\"og:site_name\" content=\"m\u00e9todo\" \/>\n<meta property=\"article:published_time\" content=\"2023-05-08T12:20:49+00:00\" \/>\n<meta property=\"article:modified_time\" content=\"2023-05-09T08:24:32+00:00\" \/>\n<meta property=\"og:image\" content=\"https:\/\/cocinasmetodo.es\/wp-content\/uploads\/2022\/10\/cocinas-me\u0301todo-reactif-2022-1.jpg\" \/>\n\t<meta property=\"og:image:width\" content=\"2000\" \/>\n\t<meta property=\"og:image:height\" content=\"2000\" \/>\n\t<meta property=\"og:image:type\" content=\"image\/jpeg\" \/>\n<meta name=\"author\" content=\"admin\" \/>\n<meta name=\"twitter:card\" content=\"summary_large_image\" \/>\n<meta name=\"twitter:label1\" content=\"\u00c9crit par\" \/>\n\t<meta name=\"twitter:data1\" content=\"admin\" \/>\n\t<meta name=\"twitter:label2\" content=\"Dur\u00e9e de lecture estim\u00e9e\" \/>\n\t<meta name=\"twitter:data2\" content=\"8 minutes\" \/>\n<script type=\"application\/ld+json\" class=\"yoast-schema-graph\">{\"@context\":\"https:\/\/schema.org\",\"@graph\":[{\"@type\":\"Article\",\"@id\":\"https:\/\/cocinasmetodo.es\/fr\/proyecto-en-burdeos-apartamento-saint-michel\/#article\",\"isPartOf\":{\"@id\":\"https:\/\/cocinasmetodo.es\/fr\/proyecto-en-burdeos-apartamento-saint-michel\/\"},\"author\":{\"name\":\"admin\",\"@id\":\"https:\/\/cocinasmetodo.es\/#\/schema\/person\/cf74899f07207d3cb6021e2e6f17241f\"},\"headline\":\"PROJET EN BORDEAUX Appartement Saint-Michel\",\"datePublished\":\"2023-05-08T12:20:49+00:00\",\"dateModified\":\"2023-05-09T08:24:32+00:00\",\"mainEntityOfPage\":{\"@id\":\"https:\/\/cocinasmetodo.es\/fr\/proyecto-en-burdeos-apartamento-saint-michel\/\"},\"wordCount\":2035,\"commentCount\":0,\"publisher\":{\"@id\":\"https:\/\/cocinasmetodo.es\/#organization\"},\"image\":{\"@id\":\"https:\/\/cocinasmetodo.es\/fr\/proyecto-en-burdeos-apartamento-saint-michel\/#primaryimage\"},\"thumbnailUrl\":\"https:\/\/cocinasmetodo.es\/wp-content\/uploads\/2022\/10\/cocinas-me\u0301todo-reactif-2022-1.jpg\",\"keywords\":[\"apartament en Burdeos\",\"Cocina abierta\",\"reforma en Francia\"],\"articleSection\":[\"Cuisines\",\"Projets\"],\"inLanguage\":\"fr-FR\",\"potentialAction\":[{\"@type\":\"CommentAction\",\"name\":\"Comment\",\"target\":[\"https:\/\/cocinasmetodo.es\/fr\/proyecto-en-burdeos-apartamento-saint-michel\/#respond\"]}]},{\"@type\":\"WebPage\",\"@id\":\"https:\/\/cocinasmetodo.es\/fr\/proyecto-en-burdeos-apartamento-saint-michel\/\",\"url\":\"https:\/\/cocinasmetodo.es\/fr\/proyecto-en-burdeos-apartamento-saint-michel\/\",\"name\":\"PROJET EN BORDEAUX Appartement Saint-Michel - m\u00e9todo\",\"isPartOf\":{\"@id\":\"https:\/\/cocinasmetodo.es\/#website\"},\"primaryImageOfPage\":{\"@id\":\"https:\/\/cocinasmetodo.es\/fr\/proyecto-en-burdeos-apartamento-saint-michel\/#primaryimage\"},\"image\":{\"@id\":\"https:\/\/cocinasmetodo.es\/fr\/proyecto-en-burdeos-apartamento-saint-michel\/#primaryimage\"},\"thumbnailUrl\":\"https:\/\/cocinasmetodo.es\/wp-content\/uploads\/2022\/10\/cocinas-me\u0301todo-reactif-2022-1.jpg\",\"datePublished\":\"2023-05-08T12:20:49+00:00\",\"dateModified\":\"2023-05-09T08:24:32+00:00\",\"description\":\"El estudio de arquitectura ha acompa\u00f1ado al cliente en la reforma estructural e integral de esta vivienda situada en Burdeos que guarda la esencia de la elegancia francesa. Com ose puede ver la elecci\u00f3n de los materiales y el color protagonista invade el espacio partiendo del espacio de la cocina abierta que se integra con el resto de las estancias. Incluso el dormitorio que queda en la parte m\u00e1s \u00edntima y oculta de la vivienda, sigue con el mismo c\u00f3digo visu\",\"breadcrumb\":{\"@id\":\"https:\/\/cocinasmetodo.es\/fr\/proyecto-en-burdeos-apartamento-saint-michel\/#breadcrumb\"},\"inLanguage\":\"fr-FR\",\"potentialAction\":[{\"@type\":\"ReadAction\",\"target\":[\"https:\/\/cocinasmetodo.es\/fr\/proyecto-en-burdeos-apartamento-saint-michel\/\"]}]},{\"@type\":\"ImageObject\",\"inLanguage\":\"fr-FR\",\"@id\":\"https:\/\/cocinasmetodo.es\/fr\/proyecto-en-burdeos-apartamento-saint-michel\/#primaryimage\",\"url\":\"https:\/\/cocinasmetodo.es\/wp-content\/uploads\/2022\/10\/cocinas-me\u0301todo-reactif-2022-1.jpg\",\"contentUrl\":\"https:\/\/cocinasmetodo.es\/wp-content\/uploads\/2022\/10\/cocinas-me\u0301todo-reactif-2022-1.jpg\",\"width\":2000,\"height\":2000},{\"@type\":\"BreadcrumbList\",\"@id\":\"https:\/\/cocinasmetodo.es\/fr\/proyecto-en-burdeos-apartamento-saint-michel\/#breadcrumb\",\"itemListElement\":[{\"@type\":\"ListItem\",\"position\":1,\"name\":\"Portada\",\"item\":\"https:\/\/cocinasmetodo.es\/fr\/\"},{\"@type\":\"ListItem\",\"position\":2,\"name\":\"PROJET EN BORDEAUX Appartement Saint-Michel\"}]},{\"@type\":\"WebSite\",\"@id\":\"https:\/\/cocinasmetodo.es\/#website\",\"url\":\"https:\/\/cocinasmetodo.es\/\",\"name\":\"m\u00e9todo\",\"description\":\"Daily Kitchens\",\"publisher\":{\"@id\":\"https:\/\/cocinasmetodo.es\/#organization\"},\"potentialAction\":[{\"@type\":\"SearchAction\",\"target\":{\"@type\":\"EntryPoint\",\"urlTemplate\":\"https:\/\/cocinasmetodo.es\/?s={search_term_string}\"},\"query-input\":{\"@type\":\"PropertyValueSpecification\",\"valueRequired\":true,\"valueName\":\"search_term_string\"}}],\"inLanguage\":\"fr-FR\"},{\"@type\":\"Organization\",\"@id\":\"https:\/\/cocinasmetodo.es\/#organization\",\"name\":\"m\u00e9todo\",\"url\":\"https:\/\/cocinasmetodo.es\/\",\"logo\":{\"@type\":\"ImageObject\",\"inLanguage\":\"fr-FR\",\"@id\":\"https:\/\/cocinasmetodo.es\/#\/schema\/logo\/image\/\",\"url\":\"https:\/\/cocinasmetodo.es\/wp-content\/uploads\/2021\/05\/logoweb.png\",\"contentUrl\":\"https:\/\/cocinasmetodo.es\/wp-content\/uploads\/2021\/05\/logoweb.png\",\"width\":1000,\"height\":528,\"caption\":\"m\u00e9todo\"},\"image\":{\"@id\":\"https:\/\/cocinasmetodo.es\/#\/schema\/logo\/image\/\"}},{\"@type\":\"Person\",\"@id\":\"https:\/\/cocinasmetodo.es\/#\/schema\/person\/cf74899f07207d3cb6021e2e6f17241f\",\"name\":\"admin\",\"image\":{\"@type\":\"ImageObject\",\"inLanguage\":\"fr-FR\",\"@id\":\"https:\/\/secure.gravatar.com\/avatar\/f81daeca33be8da0842690f149bc1081f003f3840397028f3faabf244c06927a?s=96&d=mm&r=g\",\"url\":\"https:\/\/secure.gravatar.com\/avatar\/f81daeca33be8da0842690f149bc1081f003f3840397028f3faabf244c06927a?s=96&d=mm&r=g\",\"contentUrl\":\"https:\/\/secure.gravatar.com\/avatar\/f81daeca33be8da0842690f149bc1081f003f3840397028f3faabf244c06927a?s=96&d=mm&r=g\",\"caption\":\"admin\"},\"sameAs\":[\"https:\/\/cocinasmetodo.es\/website2021\"]}]}<\/script>\n<!-- \/ Yoast SEO plugin. -->","yoast_head_json":{"title":"PROJET EN BORDEAUX Appartement Saint-Michel - m\u00e9todo","description":"El estudio de arquitectura ha acompa\u00f1ado al cliente en la reforma estructural e integral de esta vivienda situada en Burdeos que guarda la esencia de la elegancia francesa. Com ose puede ver la elecci\u00f3n de los materiales y el color protagonista invade el espacio partiendo del espacio de la cocina abierta que se integra con el resto de las estancias. Incluso el dormitorio que queda en la parte m\u00e1s \u00edntima y oculta de la vivienda, sigue con el mismo c\u00f3digo visu","robots":{"index":"index","follow":"follow","max-snippet":"max-snippet:-1","max-image-preview":"max-image-preview:large","max-video-preview":"max-video-preview:-1"},"canonical":"https:\/\/cocinasmetodo.es\/fr\/proyecto-en-burdeos-apartamento-saint-michel\/","og_locale":"fr_FR","og_type":"article","og_title":"PROJET EN BORDEAUX Appartement Saint-Michel - m\u00e9todo","og_description":"El estudio de arquitectura ha acompa\u00f1ado al cliente en la reforma estructural e integral de esta vivienda situada en Burdeos que guarda la esencia de la elegancia francesa. Com ose puede ver la elecci\u00f3n de los materiales y el color protagonista invade el espacio partiendo del espacio de la cocina abierta que se integra con el resto de las estancias. Incluso el dormitorio que queda en la parte m\u00e1s \u00edntima y oculta de la vivienda, sigue con el mismo c\u00f3digo visu","og_url":"https:\/\/cocinasmetodo.es\/fr\/proyecto-en-burdeos-apartamento-saint-michel\/","og_site_name":"m\u00e9todo","article_published_time":"2023-05-08T12:20:49+00:00","article_modified_time":"2023-05-09T08:24:32+00:00","og_image":[{"width":2000,"height":2000,"url":"https:\/\/cocinasmetodo.es\/wp-content\/uploads\/2022\/10\/cocinas-me\u0301todo-reactif-2022-1.jpg","type":"image\/jpeg"}],"author":"admin","twitter_card":"summary_large_image","twitter_misc":{"\u00c9crit par":"admin","Dur\u00e9e de lecture estim\u00e9e":"8 minutes"},"schema":{"@context":"https:\/\/schema.org","@graph":[{"@type":"Article","@id":"https:\/\/cocinasmetodo.es\/fr\/proyecto-en-burdeos-apartamento-saint-michel\/#article","isPartOf":{"@id":"https:\/\/cocinasmetodo.es\/fr\/proyecto-en-burdeos-apartamento-saint-michel\/"},"author":{"name":"admin","@id":"https:\/\/cocinasmetodo.es\/#\/schema\/person\/cf74899f07207d3cb6021e2e6f17241f"},"headline":"PROJET EN BORDEAUX Appartement Saint-Michel","datePublished":"2023-05-08T12:20:49+00:00","dateModified":"2023-05-09T08:24:32+00:00","mainEntityOfPage":{"@id":"https:\/\/cocinasmetodo.es\/fr\/proyecto-en-burdeos-apartamento-saint-michel\/"},"wordCount":2035,"commentCount":0,"publisher":{"@id":"https:\/\/cocinasmetodo.es\/#organization"},"image":{"@id":"https:\/\/cocinasmetodo.es\/fr\/proyecto-en-burdeos-apartamento-saint-michel\/#primaryimage"},"thumbnailUrl":"https:\/\/cocinasmetodo.es\/wp-content\/uploads\/2022\/10\/cocinas-me\u0301todo-reactif-2022-1.jpg","keywords":["apartament en Burdeos","Cocina abierta","reforma en Francia"],"articleSection":["Cuisines","Projets"],"inLanguage":"fr-FR","potentialAction":[{"@type":"CommentAction","name":"Comment","target":["https:\/\/cocinasmetodo.es\/fr\/proyecto-en-burdeos-apartamento-saint-michel\/#respond"]}]},{"@type":"WebPage","@id":"https:\/\/cocinasmetodo.es\/fr\/proyecto-en-burdeos-apartamento-saint-michel\/","url":"https:\/\/cocinasmetodo.es\/fr\/proyecto-en-burdeos-apartamento-saint-michel\/","name":"PROJET EN BORDEAUX Appartement Saint-Michel - m\u00e9todo","isPartOf":{"@id":"https:\/\/cocinasmetodo.es\/#website"},"primaryImageOfPage":{"@id":"https:\/\/cocinasmetodo.es\/fr\/proyecto-en-burdeos-apartamento-saint-michel\/#primaryimage"},"image":{"@id":"https:\/\/cocinasmetodo.es\/fr\/proyecto-en-burdeos-apartamento-saint-michel\/#primaryimage"},"thumbnailUrl":"https:\/\/cocinasmetodo.es\/wp-content\/uploads\/2022\/10\/cocinas-me\u0301todo-reactif-2022-1.jpg","datePublished":"2023-05-08T12:20:49+00:00","dateModified":"2023-05-09T08:24:32+00:00","description":"El estudio de arquitectura ha acompa\u00f1ado al cliente en la reforma estructural e integral de esta vivienda situada en Burdeos que guarda la esencia de la elegancia francesa. Com ose puede ver la elecci\u00f3n de los materiales y el color protagonista invade el espacio partiendo del espacio de la cocina abierta que se integra con el resto de las estancias. Incluso el dormitorio que queda en la parte m\u00e1s \u00edntima y oculta de la vivienda, sigue con el mismo c\u00f3digo visu","breadcrumb":{"@id":"https:\/\/cocinasmetodo.es\/fr\/proyecto-en-burdeos-apartamento-saint-michel\/#breadcrumb"},"inLanguage":"fr-FR","potentialAction":[{"@type":"ReadAction","target":["https:\/\/cocinasmetodo.es\/fr\/proyecto-en-burdeos-apartamento-saint-michel\/"]}]},{"@type":"ImageObject","inLanguage":"fr-FR","@id":"https:\/\/cocinasmetodo.es\/fr\/proyecto-en-burdeos-apartamento-saint-michel\/#primaryimage","url":"https:\/\/cocinasmetodo.es\/wp-content\/uploads\/2022\/10\/cocinas-me\u0301todo-reactif-2022-1.jpg","contentUrl":"https:\/\/cocinasmetodo.es\/wp-content\/uploads\/2022\/10\/cocinas-me\u0301todo-reactif-2022-1.jpg","width":2000,"height":2000},{"@type":"BreadcrumbList","@id":"https:\/\/cocinasmetodo.es\/fr\/proyecto-en-burdeos-apartamento-saint-michel\/#breadcrumb","itemListElement":[{"@type":"ListItem","position":1,"name":"Portada","item":"https:\/\/cocinasmetodo.es\/fr\/"},{"@type":"ListItem","position":2,"name":"PROJET EN BORDEAUX Appartement Saint-Michel"}]},{"@type":"WebSite","@id":"https:\/\/cocinasmetodo.es\/#website","url":"https:\/\/cocinasmetodo.es\/","name":"m\u00e9todo","description":"Daily Kitchens","publisher":{"@id":"https:\/\/cocinasmetodo.es\/#organization"},"potentialAction":[{"@type":"SearchAction","target":{"@type":"EntryPoint","urlTemplate":"https:\/\/cocinasmetodo.es\/?s={search_term_string}"},"query-input":{"@type":"PropertyValueSpecification","valueRequired":true,"valueName":"search_term_string"}}],"inLanguage":"fr-FR"},{"@type":"Organization","@id":"https:\/\/cocinasmetodo.es\/#organization","name":"m\u00e9todo","url":"https:\/\/cocinasmetodo.es\/","logo":{"@type":"ImageObject","inLanguage":"fr-FR","@id":"https:\/\/cocinasmetodo.es\/#\/schema\/logo\/image\/","url":"https:\/\/cocinasmetodo.es\/wp-content\/uploads\/2021\/05\/logoweb.png","contentUrl":"https:\/\/cocinasmetodo.es\/wp-content\/uploads\/2021\/05\/logoweb.png","width":1000,"height":528,"caption":"m\u00e9todo"},"image":{"@id":"https:\/\/cocinasmetodo.es\/#\/schema\/logo\/image\/"}},{"@type":"Person","@id":"https:\/\/cocinasmetodo.es\/#\/schema\/person\/cf74899f07207d3cb6021e2e6f17241f","name":"admin","image":{"@type":"ImageObject","inLanguage":"fr-FR","@id":"https:\/\/secure.gravatar.com\/avatar\/f81daeca33be8da0842690f149bc1081f003f3840397028f3faabf244c06927a?s=96&d=mm&r=g","url":"https:\/\/secure.gravatar.com\/avatar\/f81daeca33be8da0842690f149bc1081f003f3840397028f3faabf244c06927a?s=96&d=mm&r=g","contentUrl":"https:\/\/secure.gravatar.com\/avatar\/f81daeca33be8da0842690f149bc1081f003f3840397028f3faabf244c06927a?s=96&d=mm&r=g","caption":"admin"},"sameAs":["https:\/\/cocinasmetodo.es\/website2021"]}]}},"_links":{"self":[{"href":"https:\/\/cocinasmetodo.es\/fr\/wp-json\/wp\/v2\/posts\/5973","targetHints":{"allow":["GET"]}}],"collection":[{"href":"https:\/\/cocinasmetodo.es\/fr\/wp-json\/wp\/v2\/posts"}],"about":[{"href":"https:\/\/cocinasmetodo.es\/fr\/wp-json\/wp\/v2\/types\/post"}],"author":[{"embeddable":true,"href":"https:\/\/cocinasmetodo.es\/fr\/wp-json\/wp\/v2\/users\/1"}],"replies":[{"embeddable":true,"href":"https:\/\/cocinasmetodo.es\/fr\/wp-json\/wp\/v2\/comments?post=5973"}],"version-history":[{"count":4,"href":"https:\/\/cocinasmetodo.es\/fr\/wp-json\/wp\/v2\/posts\/5973\/revisions"}],"predecessor-version":[{"id":6002,"href":"https:\/\/cocinasmetodo.es\/fr\/wp-json\/wp\/v2\/posts\/5973\/revisions\/6002"}],"wp:featuredmedia":[{"embeddable":true,"href":"https:\/\/cocinasmetodo.es\/fr\/wp-json\/wp\/v2\/media\/4344"}],"wp:attachment":[{"href":"https:\/\/cocinasmetodo.es\/fr\/wp-json\/wp\/v2\/media?parent=5973"}],"wp:term":[{"taxonomy":"category","embeddable":true,"href":"https:\/\/cocinasmetodo.es\/fr\/wp-json\/wp\/v2\/categories?post=5973"},{"taxonomy":"post_tag","embeddable":true,"href":"https:\/\/cocinasmetodo.es\/fr\/wp-json\/wp\/v2\/tags?post=5973"}],"curies":[{"name":"wp","href":"https:\/\/api.w.org\/{rel}","templated":true}]}}