{"id":5131,"date":"2023-02-06T12:01:00","date_gmt":"2023-02-06T11:01:00","guid":{"rendered":"https:\/\/cocinasmetodo.es\/proyecto-nou-domun-cocina-abierta-al-salon-que-aporta-amplitud-y-luminosidad-en-apartamento-pequeno\/"},"modified":"2023-02-06T12:15:49","modified_gmt":"2023-02-06T11:15:49","slug":"proyecto-nou-domun-cocina-abierta-al-salon-que-aporta-amplitud-y-luminosidad-en-apartamento-pequeno","status":"publish","type":"post","link":"https:\/\/cocinasmetodo.es\/fr\/proyecto-nou-domun-cocina-abierta-al-salon-que-aporta-amplitud-y-luminosidad-en-apartamento-pequeno\/","title":{"rendered":"PROJET NOU DOMUN: Cuisine ouverte sur le salon qui offre de l&rsquo;espace et de la luminosit\u00e9 dans un petit appartement."},"content":{"rendered":"<h3>\u00ab\u00a0Des espaces ouverts qui apportent de l&rsquo;espace et de la lumi\u00e8re\u00a0\u00bb.<\/h3>\n<p><a href=\"https:\/\/noudomum.com\"><strong>NOU DOMUM | Creaci\u00f3n de espacios<\/strong><\/a> est le r\u00e9sultat des efforts de David Nu\u00f1ez (fondateur) et de Maria Casany. Un studio d&rsquo;architecture d&rsquo;int\u00e9rieur sp\u00e9cialis\u00e9 dans les r\u00e9formes int\u00e9grales avec plus de vingt ans d&rsquo;exp\u00e9rience dans des entreprises internationales et nationales, principalement comme chef de projet dans d&rsquo;autres, parfois comme chef de projet et m\u00eame comme propri\u00e9taire unique jusqu&rsquo;\u00e0 la cr\u00e9ation de cette entreprise. La passion et l&rsquo;\u00e2me dans ce qu&rsquo;ils font sont l&rsquo;essence de leur travail, s&rsquo;impliquant dans l&rsquo;id\u00e9e g\u00e9n\u00e9rale et dans les d\u00e9tails, donnant des conseils personnalis\u00e9s \u00e0 chaque \u00e9tape, accompagnant toujours le client. La convivialit\u00e9, la proximit\u00e9, le professionnalisme, voil\u00e0 sans aucun doute ce que nous avons appr\u00e9ci\u00e9 au cours de cette interview qu&rsquo;ils ont eu la g\u00e9n\u00e9rosit\u00e9 de partager avec nous.<\/p>\n<blockquote>\n<p class=\"p1\"><strong>Ce projet correspond \u00e0 une r\u00e9forme int\u00e9grale d&rsquo;un penthouse \u00e0 Valence dans lequel les clients ont clairement indiqu\u00e9 qu&rsquo;ils souhaitaient une maison qui transpire le calme et la lumi\u00e8re. L&rsquo;ensemble de l&rsquo;am\u00e9nagement s&rsquo;articule autour de la grande terrasse par laquelle la lumi\u00e8re p\u00e9n\u00e8tre \u00e0 flots et la cuisine s&rsquo;ouvre et s&rsquo;int\u00e8gre \u00e0 l&rsquo;espace de vie principal de la maison.<\/strong><\/p>\n<\/blockquote>\n<p class=\"p1\">Comme ils nous l&rsquo;ont dit eux-m\u00eames lors d&rsquo;une r\u00e9cente interview qu&rsquo;ils nous ont accord\u00e9e : \u00ab\u00a0Notre style est bas\u00e9 sur l&rsquo;adaptation de celui qui r\u00e9pond le plus efficacement \u00e0 vos besoins. Fournir, dans les limites \u00e9tablies par le client, la meilleure combinaison de tous les aspects que nous devons prendre en compte. N&rsquo;oublions pas que les r\u00e9formes sont r\u00e9alis\u00e9es pour \u00eatre v\u00e9cues par certaines personnes qui ont certaines priorit\u00e9s qui doivent \u00eatre satisfaites. Si nous oublions ou succombons \u00e0 nos d\u00e9sirs d&rsquo;un certain style qui pourrait peut-\u00eatre a priori s&rsquo;adapter de mani\u00e8re plus satisfaisante \u00e0 l&rsquo;environnement mais sans remplir la fonction principale, je pense que nous rendrions un mauvais service au client\u00a0\u00bb.<\/p>\n<p><img loading=\"lazy\" decoding=\"async\" class=\"alignnone size-full wp-image-4456\" src=\"https:\/\/cocinasmetodo.es\/wp-content\/uploads\/2022\/11\/cocina-abierta-nou-domum-cocinas-metodo-2022-1-scaled.jpg\" alt=\"\" width=\"2560\" height=\"2434\" srcset=\"https:\/\/cocinasmetodo.es\/wp-content\/uploads\/2022\/11\/cocina-abierta-nou-domum-cocinas-metodo-2022-1-scaled.jpg 2560w, https:\/\/cocinasmetodo.es\/wp-content\/uploads\/2022\/11\/cocina-abierta-nou-domum-cocinas-metodo-2022-1-300x285.jpg 300w, https:\/\/cocinasmetodo.es\/wp-content\/uploads\/2022\/11\/cocina-abierta-nou-domum-cocinas-metodo-2022-1-1030x979.jpg 1030w, https:\/\/cocinasmetodo.es\/wp-content\/uploads\/2022\/11\/cocina-abierta-nou-domum-cocinas-metodo-2022-1-768x730.jpg 768w, https:\/\/cocinasmetodo.es\/wp-content\/uploads\/2022\/11\/cocina-abierta-nou-domum-cocinas-metodo-2022-1-1536x1460.jpg 1536w, https:\/\/cocinasmetodo.es\/wp-content\/uploads\/2022\/11\/cocina-abierta-nou-domum-cocinas-metodo-2022-1-2048x1947.jpg 2048w, https:\/\/cocinasmetodo.es\/wp-content\/uploads\/2022\/11\/cocina-abierta-nou-domum-cocinas-metodo-2022-1-1500x1426.jpg 1500w, https:\/\/cocinasmetodo.es\/wp-content\/uploads\/2022\/11\/cocina-abierta-nou-domum-cocinas-metodo-2022-1-705x670.jpg 705w\" sizes=\"auto, (max-width: 2560px) 100vw, 2560px\" \/><\/p>\n<h3>PROJET DE R\u00c9NOVATION D&rsquo;UN PETIT APPARTEMENT<\/h3>\n<p>Les r\u00e9novations sont la sp\u00e9cialit\u00e9 de NOU DOMUM. Pour s&rsquo;assurer que chaque foyer offre ce dont chaque utilisateur a besoin. Ils fournissent, dans les limites \u00e9tablies par le client, la meilleure combinaison de tous les aspects qui doivent \u00eatre pris en compte. Ils n&rsquo;oublient pas que les r\u00e9formes sont r\u00e9alis\u00e9es pour \u00eatre v\u00e9cues par certaines personnes qui ont certaines priorit\u00e9s qui doivent \u00eatre satisfaites. Ils sont conscients que \u00ab\u00a0si nous oublions ou succombons \u00e0 nos d\u00e9sirs d&rsquo;un style particulier qui pourrait peut-\u00eatre a priori s&rsquo;int\u00e9grer de mani\u00e8re plus satisfaisante dans l&rsquo;environnement mais sans remplir la fonction principale, je pense que nous rendrions un mauvais service au client\u00a0\u00bb. Ainsi, ce projet qu&rsquo;ils ont r\u00e9alis\u00e9 dans la r\u00e9gion de Valence, repr\u00e9sente tr\u00e8s bien ce qui a \u00e9t\u00e9 d\u00e9crit ci-dessus. Ils nous disent en quoi consistait le projet :<\/p>\n<blockquote><p><strong>C&rsquo;est un petit appartement avec 2 chambres et une petite salle de bain. Nous avons ouvert la cuisine sur le salon car \u00e0 l&rsquo;origine la maison \u00e9tait totalement compartiment\u00e9e par les pi\u00e8ces et manquait de lumi\u00e8re, nous ne pouvions pas toucher \u00e0 la taille des fen\u00eatres donc nous avons d\u00e9cid\u00e9 de choisir des mat\u00e9riaux dans des tons clairs comme le sol et dans la cuisine nous avons d\u00e9cid\u00e9 de la faire en blanc brillant pour refl\u00e9ter la lumi\u00e8re. Nous avons install\u00e9 un \u00e9clairage indirect dans le socle de la zone des colonnes pour avoir la possibilit\u00e9 d&rsquo;\u00e9clairer indirectement la cuisine et le salon, par exemple, lorsqu&rsquo;il fait nuit et que vous regardez la t\u00e9l\u00e9vision ou que vous allez \u00e0 la cuisine pour chercher quelque chose et qu&rsquo;il n&rsquo;est pas n\u00e9cessaire d&rsquo;allumer toutes les lumi\u00e8res<\/strong>.<\/p><\/blockquote>\n<p>Nous avons essay\u00e9 de tirer le meilleur parti des quelques m\u00e8tres dont nous disposions dans la cuisine pour obtenir plus de rangement et profiter de chaque millim\u00e8tre de mur pour installer les \u00e9l\u00e9ments bas et avoir, avec le plan de travail, plus de zone de travail qui se termine par une p\u00e9ninsule qui nous accueille lorsque nous entrons dans la maison. Nous avons laiss\u00e9 les piliers en b\u00e9ton visibles \u00e0 l&rsquo;entr\u00e9e pour lui donner une touche diff\u00e9rente ainsi que quelques \u00e9l\u00e9ments d\u00e9coratifs de couleur noire tels que : poign\u00e9es de porte, lampes dans la p\u00e9ninsule&#8230;.<\/p>\n<p>&nbsp;<\/p>\n<p><img loading=\"lazy\" decoding=\"async\" class=\"alignnone size-full wp-image-4458\" src=\"https:\/\/cocinasmetodo.es\/wp-content\/uploads\/2022\/11\/cocina-abierta-nou-domum-cocinas-metodo-2022-2.jpg\" alt=\"\" width=\"1500\" height=\"1735\" srcset=\"https:\/\/cocinasmetodo.es\/wp-content\/uploads\/2022\/11\/cocina-abierta-nou-domum-cocinas-metodo-2022-2.jpg 1500w, https:\/\/cocinasmetodo.es\/wp-content\/uploads\/2022\/11\/cocina-abierta-nou-domum-cocinas-metodo-2022-2-259x300.jpg 259w, https:\/\/cocinasmetodo.es\/wp-content\/uploads\/2022\/11\/cocina-abierta-nou-domum-cocinas-metodo-2022-2-890x1030.jpg 890w, https:\/\/cocinasmetodo.es\/wp-content\/uploads\/2022\/11\/cocina-abierta-nou-domum-cocinas-metodo-2022-2-768x888.jpg 768w, https:\/\/cocinasmetodo.es\/wp-content\/uploads\/2022\/11\/cocina-abierta-nou-domum-cocinas-metodo-2022-2-1328x1536.jpg 1328w, https:\/\/cocinasmetodo.es\/wp-content\/uploads\/2022\/11\/cocina-abierta-nou-domum-cocinas-metodo-2022-2-1297x1500.jpg 1297w, https:\/\/cocinasmetodo.es\/wp-content\/uploads\/2022\/11\/cocina-abierta-nou-domum-cocinas-metodo-2022-2-610x705.jpg 610w\" sizes=\"auto, (max-width: 1500px) 100vw, 1500px\" \/><\/p>\n<p>&nbsp;<\/p>\n<blockquote>\n<p data-pm-slice=\"1 1 []\"><strong>En r\u00e9sum\u00e9, ce projet propose une CUISINE OUVERTE SUR LE SALON, ce qui a permis de cr\u00e9er une maison polyvalente avec plus de lumi\u00e8re et une continuit\u00e9 visuelle. <\/strong><br \/>\n<strong>\u00ab\u00a0Lorsque nous nous trouvons dans des maisons peu lumineuses, nous recommandons toujours des mat\u00e9riaux qui refl\u00e8tent et aident \u00e0 mettre en valeur la lumi\u00e8re, comme le blanc brillant des meubles de la cuisine, et d&rsquo;unifier les couleurs afin de ne pas charger les pi\u00e8ces de bruit visuel. Dans ce cas, le client a choisi le gris (sol et plan de travail) qui, avec le blanc des appareils \u00e9lectriques, des murs, des portes et des meubles de cuisine, permet d&rsquo;obtenir l&rsquo;unification dont j&rsquo;ai parl\u00e9 pr\u00e9c\u00e9demment et cette clart\u00e9 dans des espaces qui n&rsquo;existaient pas \u00e0 l&rsquo;origine\u00a0\u00bb.<\/strong><\/p>\n<\/blockquote>\n<p>&nbsp;<\/p>\n<p><img loading=\"lazy\" decoding=\"async\" class=\"alignnone size-full wp-image-4460\" src=\"https:\/\/cocinasmetodo.es\/wp-content\/uploads\/2022\/11\/cocina-abierta-nou-domum-cocinas-metodo-2022-3.jpg\" alt=\"\" width=\"1194\" height=\"1564\" srcset=\"https:\/\/cocinasmetodo.es\/wp-content\/uploads\/2022\/11\/cocina-abierta-nou-domum-cocinas-metodo-2022-3.jpg 1194w, https:\/\/cocinasmetodo.es\/wp-content\/uploads\/2022\/11\/cocina-abierta-nou-domum-cocinas-metodo-2022-3-229x300.jpg 229w, https:\/\/cocinasmetodo.es\/wp-content\/uploads\/2022\/11\/cocina-abierta-nou-domum-cocinas-metodo-2022-3-786x1030.jpg 786w, https:\/\/cocinasmetodo.es\/wp-content\/uploads\/2022\/11\/cocina-abierta-nou-domum-cocinas-metodo-2022-3-768x1006.jpg 768w, https:\/\/cocinasmetodo.es\/wp-content\/uploads\/2022\/11\/cocina-abierta-nou-domum-cocinas-metodo-2022-3-1173x1536.jpg 1173w, https:\/\/cocinasmetodo.es\/wp-content\/uploads\/2022\/11\/cocina-abierta-nou-domum-cocinas-metodo-2022-3-1145x1500.jpg 1145w, https:\/\/cocinasmetodo.es\/wp-content\/uploads\/2022\/11\/cocina-abierta-nou-domum-cocinas-metodo-2022-3-538x705.jpg 538w\" sizes=\"auto, (max-width: 1194px) 100vw, 1194px\" \/><\/p>\n<h3>DES CUISINES OUVERTES O\u00d9 R\u00c8GNE LA VIE<\/h3>\n<p>L&rsquo;\u00e9limination des barri\u00e8res architecturales dans la maison est plus qu&rsquo;une simple tendance ou une impulsion. Elle implique un nouveau concept de vie. Renoncer \u00e0 un concept d'\u00a0\u00bbintimit\u00e9\u00a0\u00bb qui semble aujourd&rsquo;hui plus que jamais rel\u00e9gu\u00e9 \u00e0 des aspects r\u00e9duits de nos vies, de la m\u00eame mani\u00e8re que les pi\u00e8ces de nos maisons ont perdu cette distinction traditionnelle entre public et priv\u00e9 qui les caract\u00e9risait. Dans ce nouveau concept de logement o\u00f9 les cuisines sont pr\u00e9sent\u00e9es comme l&rsquo;exposant maximal de cette r\u00e9volution sociale silencieuse dans laquelle nous sommes plong\u00e9s. Une tendance qui ne fera que s&rsquo;accentuer dans les ann\u00e9es \u00e0 venir, et que nous entendons vous aider \u00e0 mettre en \u0153uvre avec cette s\u00e9rie de conseils pour obtenir une cuisine compl\u00e8tement ouverte et int\u00e9gr\u00e9e.<\/p>\n<p><img loading=\"lazy\" decoding=\"async\" class=\"alignnone size-full wp-image-3034\" src=\"https:\/\/cocinasmetodo.es\/wp-content\/uploads\/2022\/04\/metodo-cocinas-nou-domum-27.jpg\" alt=\"\" width=\"2000\" height=\"1500\" srcset=\"https:\/\/cocinasmetodo.es\/wp-content\/uploads\/2022\/04\/metodo-cocinas-nou-domum-27.jpg 2000w, https:\/\/cocinasmetodo.es\/wp-content\/uploads\/2022\/04\/metodo-cocinas-nou-domum-27-300x225.jpg 300w, https:\/\/cocinasmetodo.es\/wp-content\/uploads\/2022\/04\/metodo-cocinas-nou-domum-27-1030x773.jpg 1030w, https:\/\/cocinasmetodo.es\/wp-content\/uploads\/2022\/04\/metodo-cocinas-nou-domum-27-768x576.jpg 768w, https:\/\/cocinasmetodo.es\/wp-content\/uploads\/2022\/04\/metodo-cocinas-nou-domum-27-1536x1152.jpg 1536w, https:\/\/cocinasmetodo.es\/wp-content\/uploads\/2022\/04\/metodo-cocinas-nou-domum-27-1500x1125.jpg 1500w, https:\/\/cocinasmetodo.es\/wp-content\/uploads\/2022\/04\/metodo-cocinas-nou-domum-27-705x529.jpg 705w\" sizes=\"auto, (max-width: 2000px) 100vw, 2000px\" \/> <img loading=\"lazy\" decoding=\"async\" class=\"alignnone size-full wp-image-3026\" src=\"https:\/\/cocinasmetodo.es\/wp-content\/uploads\/2022\/04\/metodo-cocinas-nou-domum-23.jpg\" alt=\"\" width=\"1333\" height=\"2000\" srcset=\"https:\/\/cocinasmetodo.es\/wp-content\/uploads\/2022\/04\/metodo-cocinas-nou-domum-23.jpg 1333w, https:\/\/cocinasmetodo.es\/wp-content\/uploads\/2022\/04\/metodo-cocinas-nou-domum-23-200x300.jpg 200w, https:\/\/cocinasmetodo.es\/wp-content\/uploads\/2022\/04\/metodo-cocinas-nou-domum-23-686x1030.jpg 686w, https:\/\/cocinasmetodo.es\/wp-content\/uploads\/2022\/04\/metodo-cocinas-nou-domum-23-768x1152.jpg 768w, https:\/\/cocinasmetodo.es\/wp-content\/uploads\/2022\/04\/metodo-cocinas-nou-domum-23-1024x1536.jpg 1024w, https:\/\/cocinasmetodo.es\/wp-content\/uploads\/2022\/04\/metodo-cocinas-nou-domum-23-1000x1500.jpg 1000w, https:\/\/cocinasmetodo.es\/wp-content\/uploads\/2022\/04\/metodo-cocinas-nou-domum-23-470x705.jpg 470w\" sizes=\"auto, (max-width: 1333px) 100vw, 1333px\" \/><\/p>\n<p>&nbsp;<\/p>\n<div  class='avia-button-wrap avia-button-center  avia-builder-el-0  el_before_av_buttonrow  avia-builder-el-first '>\n<style type=\"text\/css\" data-created_by=\"avia_inline_auto\" id=\"style-css-av-2wb8yc-11e2e0e284a718df8c86509dbbc8172c\">\n#top #wrap_all .avia-button.av-2wb8yc-11e2e0e284a718df8c86509dbbc8172c:hover{\ncolor:white;\ntransition:all 0.4s ease-in-out;\n}\n#top #wrap_all .avia-button.av-2wb8yc-11e2e0e284a718df8c86509dbbc8172c:hover .avia-svg-icon svg:first-child{\nfill:white;\nstroke:white;\n}\n<\/style>\n<a href='https:\/\/cocinasmetodo.es\/cocinas\/' class='avia-color-theme-color avia-font-color-theme-color avia-button avia-button-fullwidth av-2wb8yc-11e2e0e284a718df8c86509dbbc8172c avia-icon_select-no avia-color-theme-color'   aria-label=\"VOIR LES CUISINES\"><span class='avia_iconbox_title' >VOIR LES CUISINES<\/span><span class='avia_button_background avia-button avia-button-fullwidth avia-color-theme-color-highlight'><\/span><\/a><\/div>\n<p>&nbsp;<\/p>\n<hr \/>\n<div  class='avia-buttonrow-wrap av-1y6twi-3e7ea6a37514e6a4fd51ac3049db817d avia-buttonrow-center  avia-builder-el-1  el_after_av_button_big  avia-builder-el-no-sibling '>\n\n<style type=\"text\/css\" data-created_by=\"avia_inline_auto\" id=\"style-css-av-kwnf4ref-d3eeec7100204f0ca80f01b6bc691e05\">\n#top #wrap_all .avia-button.av-kwnf4ref-d3eeec7100204f0ca80f01b6bc691e05{\nmargin-bottom:5px;\nmargin-right:3px;\nmargin-left:3px;\n}\n<\/style>\n<a href='https:\/\/cocinasmetodo.es\/fr\/contacto\/'  class='avia-button av-kwnf4ref-d3eeec7100204f0ca80f01b6bc691e05 avia-icon_select-no avia-size-medium avia-color-theme-color'   aria-label=\"AVEZ-VOUS BESOIN D\u2019UN BUDGET ?\"><span class='avia_iconbox_title' >AVEZ-VOUS BESOIN D\u2019UN BUDGET ?<\/span><\/a>\n\n<style type=\"text\/css\" data-created_by=\"avia_inline_auto\" id=\"style-css-av-kwnf5nlq-6dbd4570cc2c7a1e56ae090b5c0c7c19\">\n#top #wrap_all .avia-button.av-kwnf5nlq-6dbd4570cc2c7a1e56ae090b5c0c7c19{\nmargin-bottom:5px;\nmargin-right:3px;\nmargin-left:3px;\n}\n<\/style>\n<a href='https:\/\/cocinasmetodo.es\/fr\/contacto\/'  class='avia-button av-kwnf5nlq-6dbd4570cc2c7a1e56ae090b5c0c7c19 avia-icon_select-no avia-size-medium avia-color-theme-color'   aria-label=\"VOUS SOUHAITEZ PUBLIER UN PROJET ?\"><span class='avia_iconbox_title' >VOUS SOUHAITEZ PUBLIER UN PROJET ?<\/span><\/a>\n\n<style type=\"text\/css\" data-created_by=\"avia_inline_auto\" id=\"style-css-av-kwnf6k50-9e8dc149f2bac61c5782f6a3b98dfa0e\">\n#top #wrap_all .avia-button.av-kwnf6k50-9e8dc149f2bac61c5782f6a3b98dfa0e{\nmargin-bottom:5px;\nmargin-right:3px;\nmargin-left:3px;\n}\n<\/style>\n<a href='https:\/\/cocinasmetodo.es\/fr\/contacto\/'  class='avia-button av-kwnf6k50-9e8dc149f2bac61c5782f6a3b98dfa0e avia-icon_select-no avia-size-medium avia-color-theme-color'   aria-label=\"VOUS VOULEZ VOIR UNE CUISINE M\u00c9TODO?\"><span class='avia_iconbox_title' >VOUS VOULEZ VOIR UNE CUISINE M\u00c9TODO?<\/span><\/a>\n<\/div>\n<hr \/>\n<p>&nbsp;<\/p>\n","protected":false},"excerpt":{"rendered":"<p>Este proyecto corresponde a una\u00a0reforma integral de un \u00e1tico en Valencia en el que los clientes ten\u00edan claro que deseaban una vivienda que transpirara calma y luz. Toda la\u00a0distribuci\u00f3n gira en torno a la gran terraza por la que la luz entra a raudales y la cocina se abre e integra en la zona principal de vida de la casa.<\/p>\n","protected":false},"author":1,"featured_media":4461,"comment_status":"open","ping_status":"open","sticky":false,"template":"","format":"standard","meta":{"footnotes":""},"categories":[53,55],"tags":[252,166,253,254],"class_list":["post-5131","post","type-post","status-publish","format-standard","has-post-thumbnail","hentry","category-cuisines","category-projets","tag-cocina-abierta-fr","tag-nou-domum-fr","tag-piso-pequeno-fr","tag-proyecto-cocina-fr"],"yoast_head":"<!-- This site is optimized with the Yoast SEO plugin v27.2 - https:\/\/yoast.com\/product\/yoast-seo-wordpress\/ -->\n<title>PROJET NOU DOMUN: Cuisine ouverte sur le salon qui offre de l&#039;espace et de la luminosit\u00e9 dans un petit appartement. - m\u00e9todo<\/title>\n<meta name=\"description\" content=\"Este proyecto corresponde a una\u00a0reforma integral de un \u00e1tico en Valencia en el que los clientes ten\u00edan claro que deseaban una vivienda que transpirara calma y luz. Toda la\u00a0distribuci\u00f3n gira en torno a la gran terraza por la que la luz entra a raudales y la cocina se abre e integra en la zona principal de vida de la casa.\" \/>\n<meta name=\"robots\" content=\"index, follow, max-snippet:-1, max-image-preview:large, max-video-preview:-1\" \/>\n<link rel=\"canonical\" href=\"https:\/\/cocinasmetodo.es\/fr\/proyecto-nou-domun-cocina-abierta-al-salon-que-aporta-amplitud-y-luminosidad-en-apartamento-pequeno\/\" \/>\n<meta property=\"og:locale\" content=\"fr_FR\" \/>\n<meta property=\"og:type\" content=\"article\" \/>\n<meta property=\"og:title\" content=\"PROJET NOU DOMUN: Cuisine ouverte sur le salon qui offre de l&#039;espace et de la luminosit\u00e9 dans un petit appartement. - m\u00e9todo\" \/>\n<meta property=\"og:description\" content=\"Este proyecto corresponde a una\u00a0reforma integral de un \u00e1tico en Valencia en el que los clientes ten\u00edan claro que deseaban una vivienda que transpirara calma y luz. Toda la\u00a0distribuci\u00f3n gira en torno a la gran terraza por la que la luz entra a raudales y la cocina se abre e integra en la zona principal de vida de la casa.\" \/>\n<meta property=\"og:url\" content=\"https:\/\/cocinasmetodo.es\/fr\/proyecto-nou-domun-cocina-abierta-al-salon-que-aporta-amplitud-y-luminosidad-en-apartamento-pequeno\/\" \/>\n<meta property=\"og:site_name\" content=\"m\u00e9todo\" \/>\n<meta property=\"article:published_time\" content=\"2023-02-06T11:01:00+00:00\" \/>\n<meta property=\"article:modified_time\" content=\"2023-02-06T11:15:49+00:00\" \/>\n<meta property=\"og:image\" content=\"https:\/\/cocinasmetodo.es\/wp-content\/uploads\/2022\/11\/cocina-abierta-nou-domum-cocinas-metodo-2022-3.jpg\" \/>\n\t<meta property=\"og:image:width\" content=\"1194\" \/>\n\t<meta property=\"og:image:height\" content=\"1564\" \/>\n\t<meta property=\"og:image:type\" content=\"image\/jpeg\" \/>\n<meta name=\"author\" content=\"admin\" \/>\n<meta name=\"twitter:card\" content=\"summary_large_image\" \/>\n<meta name=\"twitter:label1\" content=\"\u00c9crit par\" \/>\n\t<meta name=\"twitter:data1\" content=\"admin\" \/>\n\t<meta name=\"twitter:label2\" content=\"Dur\u00e9e de lecture estim\u00e9e\" \/>\n\t<meta name=\"twitter:data2\" content=\"7 minutes\" \/>\n<script type=\"application\/ld+json\" class=\"yoast-schema-graph\">{\"@context\":\"https:\/\/schema.org\",\"@graph\":[{\"@type\":\"Article\",\"@id\":\"https:\/\/cocinasmetodo.es\/fr\/proyecto-nou-domun-cocina-abierta-al-salon-que-aporta-amplitud-y-luminosidad-en-apartamento-pequeno\/#article\",\"isPartOf\":{\"@id\":\"https:\/\/cocinasmetodo.es\/fr\/proyecto-nou-domun-cocina-abierta-al-salon-que-aporta-amplitud-y-luminosidad-en-apartamento-pequeno\/\"},\"author\":{\"name\":\"admin\",\"@id\":\"https:\/\/cocinasmetodo.es\/#\/schema\/person\/cf74899f07207d3cb6021e2e6f17241f\"},\"headline\":\"PROJET NOU DOMUN: Cuisine ouverte sur le salon qui offre de l&rsquo;espace et de la luminosit\u00e9 dans un petit appartement.\",\"datePublished\":\"2023-02-06T11:01:00+00:00\",\"dateModified\":\"2023-02-06T11:15:49+00:00\",\"mainEntityOfPage\":{\"@id\":\"https:\/\/cocinasmetodo.es\/fr\/proyecto-nou-domun-cocina-abierta-al-salon-que-aporta-amplitud-y-luminosidad-en-apartamento-pequeno\/\"},\"wordCount\":1722,\"commentCount\":0,\"publisher\":{\"@id\":\"https:\/\/cocinasmetodo.es\/#organization\"},\"image\":{\"@id\":\"https:\/\/cocinasmetodo.es\/fr\/proyecto-nou-domun-cocina-abierta-al-salon-que-aporta-amplitud-y-luminosidad-en-apartamento-pequeno\/#primaryimage\"},\"thumbnailUrl\":\"https:\/\/cocinasmetodo.es\/wp-content\/uploads\/2022\/11\/cocina-abierta-nou-domum-cocinas-metodo-2022-3.jpg\",\"keywords\":[\"Cocina abierta\",\"Nou Domum\",\"piso peque\u00f1o\",\"Proyecto cocina\"],\"articleSection\":[\"Cuisines\",\"Projets\"],\"inLanguage\":\"fr-FR\",\"potentialAction\":[{\"@type\":\"CommentAction\",\"name\":\"Comment\",\"target\":[\"https:\/\/cocinasmetodo.es\/fr\/proyecto-nou-domun-cocina-abierta-al-salon-que-aporta-amplitud-y-luminosidad-en-apartamento-pequeno\/#respond\"]}]},{\"@type\":\"WebPage\",\"@id\":\"https:\/\/cocinasmetodo.es\/fr\/proyecto-nou-domun-cocina-abierta-al-salon-que-aporta-amplitud-y-luminosidad-en-apartamento-pequeno\/\",\"url\":\"https:\/\/cocinasmetodo.es\/fr\/proyecto-nou-domun-cocina-abierta-al-salon-que-aporta-amplitud-y-luminosidad-en-apartamento-pequeno\/\",\"name\":\"PROJET NOU DOMUN: Cuisine ouverte sur le salon qui offre de l'espace et de la luminosit\u00e9 dans un petit appartement. - m\u00e9todo\",\"isPartOf\":{\"@id\":\"https:\/\/cocinasmetodo.es\/#website\"},\"primaryImageOfPage\":{\"@id\":\"https:\/\/cocinasmetodo.es\/fr\/proyecto-nou-domun-cocina-abierta-al-salon-que-aporta-amplitud-y-luminosidad-en-apartamento-pequeno\/#primaryimage\"},\"image\":{\"@id\":\"https:\/\/cocinasmetodo.es\/fr\/proyecto-nou-domun-cocina-abierta-al-salon-que-aporta-amplitud-y-luminosidad-en-apartamento-pequeno\/#primaryimage\"},\"thumbnailUrl\":\"https:\/\/cocinasmetodo.es\/wp-content\/uploads\/2022\/11\/cocina-abierta-nou-domum-cocinas-metodo-2022-3.jpg\",\"datePublished\":\"2023-02-06T11:01:00+00:00\",\"dateModified\":\"2023-02-06T11:15:49+00:00\",\"description\":\"Este proyecto corresponde a una\u00a0reforma integral de un \u00e1tico en Valencia en el que los clientes ten\u00edan claro que deseaban una vivienda que transpirara calma y luz. Toda la\u00a0distribuci\u00f3n gira en torno a la gran terraza por la que la luz entra a raudales y la cocina se abre e integra en la zona principal de vida de la casa.\",\"breadcrumb\":{\"@id\":\"https:\/\/cocinasmetodo.es\/fr\/proyecto-nou-domun-cocina-abierta-al-salon-que-aporta-amplitud-y-luminosidad-en-apartamento-pequeno\/#breadcrumb\"},\"inLanguage\":\"fr-FR\",\"potentialAction\":[{\"@type\":\"ReadAction\",\"target\":[\"https:\/\/cocinasmetodo.es\/fr\/proyecto-nou-domun-cocina-abierta-al-salon-que-aporta-amplitud-y-luminosidad-en-apartamento-pequeno\/\"]}]},{\"@type\":\"ImageObject\",\"inLanguage\":\"fr-FR\",\"@id\":\"https:\/\/cocinasmetodo.es\/fr\/proyecto-nou-domun-cocina-abierta-al-salon-que-aporta-amplitud-y-luminosidad-en-apartamento-pequeno\/#primaryimage\",\"url\":\"https:\/\/cocinasmetodo.es\/wp-content\/uploads\/2022\/11\/cocina-abierta-nou-domum-cocinas-metodo-2022-3.jpg\",\"contentUrl\":\"https:\/\/cocinasmetodo.es\/wp-content\/uploads\/2022\/11\/cocina-abierta-nou-domum-cocinas-metodo-2022-3.jpg\",\"width\":1194,\"height\":1564},{\"@type\":\"BreadcrumbList\",\"@id\":\"https:\/\/cocinasmetodo.es\/fr\/proyecto-nou-domun-cocina-abierta-al-salon-que-aporta-amplitud-y-luminosidad-en-apartamento-pequeno\/#breadcrumb\",\"itemListElement\":[{\"@type\":\"ListItem\",\"position\":1,\"name\":\"Portada\",\"item\":\"https:\/\/cocinasmetodo.es\/fr\/\"},{\"@type\":\"ListItem\",\"position\":2,\"name\":\"PROJET NOU DOMUN: Cuisine ouverte sur le salon qui offre de l&#8217;espace et de la luminosit\u00e9 dans un petit appartement.\"}]},{\"@type\":\"WebSite\",\"@id\":\"https:\/\/cocinasmetodo.es\/#website\",\"url\":\"https:\/\/cocinasmetodo.es\/\",\"name\":\"m\u00e9todo\",\"description\":\"Daily Kitchens\",\"publisher\":{\"@id\":\"https:\/\/cocinasmetodo.es\/#organization\"},\"potentialAction\":[{\"@type\":\"SearchAction\",\"target\":{\"@type\":\"EntryPoint\",\"urlTemplate\":\"https:\/\/cocinasmetodo.es\/?s={search_term_string}\"},\"query-input\":{\"@type\":\"PropertyValueSpecification\",\"valueRequired\":true,\"valueName\":\"search_term_string\"}}],\"inLanguage\":\"fr-FR\"},{\"@type\":\"Organization\",\"@id\":\"https:\/\/cocinasmetodo.es\/#organization\",\"name\":\"m\u00e9todo\",\"url\":\"https:\/\/cocinasmetodo.es\/\",\"logo\":{\"@type\":\"ImageObject\",\"inLanguage\":\"fr-FR\",\"@id\":\"https:\/\/cocinasmetodo.es\/#\/schema\/logo\/image\/\",\"url\":\"https:\/\/cocinasmetodo.es\/wp-content\/uploads\/2021\/05\/logoweb.png\",\"contentUrl\":\"https:\/\/cocinasmetodo.es\/wp-content\/uploads\/2021\/05\/logoweb.png\",\"width\":1000,\"height\":528,\"caption\":\"m\u00e9todo\"},\"image\":{\"@id\":\"https:\/\/cocinasmetodo.es\/#\/schema\/logo\/image\/\"}},{\"@type\":\"Person\",\"@id\":\"https:\/\/cocinasmetodo.es\/#\/schema\/person\/cf74899f07207d3cb6021e2e6f17241f\",\"name\":\"admin\",\"image\":{\"@type\":\"ImageObject\",\"inLanguage\":\"fr-FR\",\"@id\":\"https:\/\/secure.gravatar.com\/avatar\/f81daeca33be8da0842690f149bc1081f003f3840397028f3faabf244c06927a?s=96&d=mm&r=g\",\"url\":\"https:\/\/secure.gravatar.com\/avatar\/f81daeca33be8da0842690f149bc1081f003f3840397028f3faabf244c06927a?s=96&d=mm&r=g\",\"contentUrl\":\"https:\/\/secure.gravatar.com\/avatar\/f81daeca33be8da0842690f149bc1081f003f3840397028f3faabf244c06927a?s=96&d=mm&r=g\",\"caption\":\"admin\"},\"sameAs\":[\"https:\/\/cocinasmetodo.es\/website2021\"]}]}<\/script>\n<!-- \/ Yoast SEO plugin. -->","yoast_head_json":{"title":"PROJET NOU DOMUN: Cuisine ouverte sur le salon qui offre de l'espace et de la luminosit\u00e9 dans un petit appartement. - m\u00e9todo","description":"Este proyecto corresponde a una\u00a0reforma integral de un \u00e1tico en Valencia en el que los clientes ten\u00edan claro que deseaban una vivienda que transpirara calma y luz. Toda la\u00a0distribuci\u00f3n gira en torno a la gran terraza por la que la luz entra a raudales y la cocina se abre e integra en la zona principal de vida de la casa.","robots":{"index":"index","follow":"follow","max-snippet":"max-snippet:-1","max-image-preview":"max-image-preview:large","max-video-preview":"max-video-preview:-1"},"canonical":"https:\/\/cocinasmetodo.es\/fr\/proyecto-nou-domun-cocina-abierta-al-salon-que-aporta-amplitud-y-luminosidad-en-apartamento-pequeno\/","og_locale":"fr_FR","og_type":"article","og_title":"PROJET NOU DOMUN: Cuisine ouverte sur le salon qui offre de l'espace et de la luminosit\u00e9 dans un petit appartement. - m\u00e9todo","og_description":"Este proyecto corresponde a una\u00a0reforma integral de un \u00e1tico en Valencia en el que los clientes ten\u00edan claro que deseaban una vivienda que transpirara calma y luz. Toda la\u00a0distribuci\u00f3n gira en torno a la gran terraza por la que la luz entra a raudales y la cocina se abre e integra en la zona principal de vida de la casa.","og_url":"https:\/\/cocinasmetodo.es\/fr\/proyecto-nou-domun-cocina-abierta-al-salon-que-aporta-amplitud-y-luminosidad-en-apartamento-pequeno\/","og_site_name":"m\u00e9todo","article_published_time":"2023-02-06T11:01:00+00:00","article_modified_time":"2023-02-06T11:15:49+00:00","og_image":[{"width":1194,"height":1564,"url":"https:\/\/cocinasmetodo.es\/wp-content\/uploads\/2022\/11\/cocina-abierta-nou-domum-cocinas-metodo-2022-3.jpg","type":"image\/jpeg"}],"author":"admin","twitter_card":"summary_large_image","twitter_misc":{"\u00c9crit par":"admin","Dur\u00e9e de lecture estim\u00e9e":"7 minutes"},"schema":{"@context":"https:\/\/schema.org","@graph":[{"@type":"Article","@id":"https:\/\/cocinasmetodo.es\/fr\/proyecto-nou-domun-cocina-abierta-al-salon-que-aporta-amplitud-y-luminosidad-en-apartamento-pequeno\/#article","isPartOf":{"@id":"https:\/\/cocinasmetodo.es\/fr\/proyecto-nou-domun-cocina-abierta-al-salon-que-aporta-amplitud-y-luminosidad-en-apartamento-pequeno\/"},"author":{"name":"admin","@id":"https:\/\/cocinasmetodo.es\/#\/schema\/person\/cf74899f07207d3cb6021e2e6f17241f"},"headline":"PROJET NOU DOMUN: Cuisine ouverte sur le salon qui offre de l&rsquo;espace et de la luminosit\u00e9 dans un petit appartement.","datePublished":"2023-02-06T11:01:00+00:00","dateModified":"2023-02-06T11:15:49+00:00","mainEntityOfPage":{"@id":"https:\/\/cocinasmetodo.es\/fr\/proyecto-nou-domun-cocina-abierta-al-salon-que-aporta-amplitud-y-luminosidad-en-apartamento-pequeno\/"},"wordCount":1722,"commentCount":0,"publisher":{"@id":"https:\/\/cocinasmetodo.es\/#organization"},"image":{"@id":"https:\/\/cocinasmetodo.es\/fr\/proyecto-nou-domun-cocina-abierta-al-salon-que-aporta-amplitud-y-luminosidad-en-apartamento-pequeno\/#primaryimage"},"thumbnailUrl":"https:\/\/cocinasmetodo.es\/wp-content\/uploads\/2022\/11\/cocina-abierta-nou-domum-cocinas-metodo-2022-3.jpg","keywords":["Cocina abierta","Nou Domum","piso peque\u00f1o","Proyecto cocina"],"articleSection":["Cuisines","Projets"],"inLanguage":"fr-FR","potentialAction":[{"@type":"CommentAction","name":"Comment","target":["https:\/\/cocinasmetodo.es\/fr\/proyecto-nou-domun-cocina-abierta-al-salon-que-aporta-amplitud-y-luminosidad-en-apartamento-pequeno\/#respond"]}]},{"@type":"WebPage","@id":"https:\/\/cocinasmetodo.es\/fr\/proyecto-nou-domun-cocina-abierta-al-salon-que-aporta-amplitud-y-luminosidad-en-apartamento-pequeno\/","url":"https:\/\/cocinasmetodo.es\/fr\/proyecto-nou-domun-cocina-abierta-al-salon-que-aporta-amplitud-y-luminosidad-en-apartamento-pequeno\/","name":"PROJET NOU DOMUN: Cuisine ouverte sur le salon qui offre de l'espace et de la luminosit\u00e9 dans un petit appartement. - m\u00e9todo","isPartOf":{"@id":"https:\/\/cocinasmetodo.es\/#website"},"primaryImageOfPage":{"@id":"https:\/\/cocinasmetodo.es\/fr\/proyecto-nou-domun-cocina-abierta-al-salon-que-aporta-amplitud-y-luminosidad-en-apartamento-pequeno\/#primaryimage"},"image":{"@id":"https:\/\/cocinasmetodo.es\/fr\/proyecto-nou-domun-cocina-abierta-al-salon-que-aporta-amplitud-y-luminosidad-en-apartamento-pequeno\/#primaryimage"},"thumbnailUrl":"https:\/\/cocinasmetodo.es\/wp-content\/uploads\/2022\/11\/cocina-abierta-nou-domum-cocinas-metodo-2022-3.jpg","datePublished":"2023-02-06T11:01:00+00:00","dateModified":"2023-02-06T11:15:49+00:00","description":"Este proyecto corresponde a una\u00a0reforma integral de un \u00e1tico en Valencia en el que los clientes ten\u00edan claro que deseaban una vivienda que transpirara calma y luz. Toda la\u00a0distribuci\u00f3n gira en torno a la gran terraza por la que la luz entra a raudales y la cocina se abre e integra en la zona principal de vida de la casa.","breadcrumb":{"@id":"https:\/\/cocinasmetodo.es\/fr\/proyecto-nou-domun-cocina-abierta-al-salon-que-aporta-amplitud-y-luminosidad-en-apartamento-pequeno\/#breadcrumb"},"inLanguage":"fr-FR","potentialAction":[{"@type":"ReadAction","target":["https:\/\/cocinasmetodo.es\/fr\/proyecto-nou-domun-cocina-abierta-al-salon-que-aporta-amplitud-y-luminosidad-en-apartamento-pequeno\/"]}]},{"@type":"ImageObject","inLanguage":"fr-FR","@id":"https:\/\/cocinasmetodo.es\/fr\/proyecto-nou-domun-cocina-abierta-al-salon-que-aporta-amplitud-y-luminosidad-en-apartamento-pequeno\/#primaryimage","url":"https:\/\/cocinasmetodo.es\/wp-content\/uploads\/2022\/11\/cocina-abierta-nou-domum-cocinas-metodo-2022-3.jpg","contentUrl":"https:\/\/cocinasmetodo.es\/wp-content\/uploads\/2022\/11\/cocina-abierta-nou-domum-cocinas-metodo-2022-3.jpg","width":1194,"height":1564},{"@type":"BreadcrumbList","@id":"https:\/\/cocinasmetodo.es\/fr\/proyecto-nou-domun-cocina-abierta-al-salon-que-aporta-amplitud-y-luminosidad-en-apartamento-pequeno\/#breadcrumb","itemListElement":[{"@type":"ListItem","position":1,"name":"Portada","item":"https:\/\/cocinasmetodo.es\/fr\/"},{"@type":"ListItem","position":2,"name":"PROJET NOU DOMUN: Cuisine ouverte sur le salon qui offre de l&#8217;espace et de la luminosit\u00e9 dans un petit appartement."}]},{"@type":"WebSite","@id":"https:\/\/cocinasmetodo.es\/#website","url":"https:\/\/cocinasmetodo.es\/","name":"m\u00e9todo","description":"Daily Kitchens","publisher":{"@id":"https:\/\/cocinasmetodo.es\/#organization"},"potentialAction":[{"@type":"SearchAction","target":{"@type":"EntryPoint","urlTemplate":"https:\/\/cocinasmetodo.es\/?s={search_term_string}"},"query-input":{"@type":"PropertyValueSpecification","valueRequired":true,"valueName":"search_term_string"}}],"inLanguage":"fr-FR"},{"@type":"Organization","@id":"https:\/\/cocinasmetodo.es\/#organization","name":"m\u00e9todo","url":"https:\/\/cocinasmetodo.es\/","logo":{"@type":"ImageObject","inLanguage":"fr-FR","@id":"https:\/\/cocinasmetodo.es\/#\/schema\/logo\/image\/","url":"https:\/\/cocinasmetodo.es\/wp-content\/uploads\/2021\/05\/logoweb.png","contentUrl":"https:\/\/cocinasmetodo.es\/wp-content\/uploads\/2021\/05\/logoweb.png","width":1000,"height":528,"caption":"m\u00e9todo"},"image":{"@id":"https:\/\/cocinasmetodo.es\/#\/schema\/logo\/image\/"}},{"@type":"Person","@id":"https:\/\/cocinasmetodo.es\/#\/schema\/person\/cf74899f07207d3cb6021e2e6f17241f","name":"admin","image":{"@type":"ImageObject","inLanguage":"fr-FR","@id":"https:\/\/secure.gravatar.com\/avatar\/f81daeca33be8da0842690f149bc1081f003f3840397028f3faabf244c06927a?s=96&d=mm&r=g","url":"https:\/\/secure.gravatar.com\/avatar\/f81daeca33be8da0842690f149bc1081f003f3840397028f3faabf244c06927a?s=96&d=mm&r=g","contentUrl":"https:\/\/secure.gravatar.com\/avatar\/f81daeca33be8da0842690f149bc1081f003f3840397028f3faabf244c06927a?s=96&d=mm&r=g","caption":"admin"},"sameAs":["https:\/\/cocinasmetodo.es\/website2021"]}]}},"_links":{"self":[{"href":"https:\/\/cocinasmetodo.es\/fr\/wp-json\/wp\/v2\/posts\/5131","targetHints":{"allow":["GET"]}}],"collection":[{"href":"https:\/\/cocinasmetodo.es\/fr\/wp-json\/wp\/v2\/posts"}],"about":[{"href":"https:\/\/cocinasmetodo.es\/fr\/wp-json\/wp\/v2\/types\/post"}],"author":[{"embeddable":true,"href":"https:\/\/cocinasmetodo.es\/fr\/wp-json\/wp\/v2\/users\/1"}],"replies":[{"embeddable":true,"href":"https:\/\/cocinasmetodo.es\/fr\/wp-json\/wp\/v2\/comments?post=5131"}],"version-history":[{"count":3,"href":"https:\/\/cocinasmetodo.es\/fr\/wp-json\/wp\/v2\/posts\/5131\/revisions"}],"predecessor-version":[{"id":7172,"href":"https:\/\/cocinasmetodo.es\/fr\/wp-json\/wp\/v2\/posts\/5131\/revisions\/7172"}],"wp:featuredmedia":[{"embeddable":true,"href":"https:\/\/cocinasmetodo.es\/fr\/wp-json\/wp\/v2\/media\/4461"}],"wp:attachment":[{"href":"https:\/\/cocinasmetodo.es\/fr\/wp-json\/wp\/v2\/media?parent=5131"}],"wp:term":[{"taxonomy":"category","embeddable":true,"href":"https:\/\/cocinasmetodo.es\/fr\/wp-json\/wp\/v2\/categories?post=5131"},{"taxonomy":"post_tag","embeddable":true,"href":"https:\/\/cocinasmetodo.es\/fr\/wp-json\/wp\/v2\/tags?post=5131"}],"curies":[{"name":"wp","href":"https:\/\/api.w.org\/{rel}","templated":true}]}}