{"id":5078,"date":"2023-03-15T09:53:20","date_gmt":"2023-03-15T08:53:20","guid":{"rendered":"https:\/\/cocinasmetodo.es\/?p=5078"},"modified":"2023-03-15T09:53:20","modified_gmt":"2023-03-15T08:53:20","slug":"cocina-integral-met-en-valeur-la-cuisine-noire-m190-fenix","status":"publish","type":"post","link":"https:\/\/cocinasmetodo.es\/fr\/cocina-integral-met-en-valeur-la-cuisine-noire-m190-fenix\/","title":{"rendered":"COCINA INTEGRAL met en valeur la cuisine noire M190 Fenix"},"content":{"rendered":"<h3>\u00ab\u00a0Une cuisine avec une forte personnalit\u00e9\u00a0\u00bb.<\/h3>\n<p><a href=\"https:\/\/www.cocinaintegral.net\/\"><strong>COCINA INTEGRAL<\/strong><\/a> est un magazine sp\u00e9cialis\u00e9 dans le secteur de la cuisine. Il s&rsquo;agit d&rsquo;un m\u00e9dia sp\u00e9cialis\u00e9 dans le secteur de la cuisine, actif depuis 1989. Actuellement, nos contenus sont pr\u00e9sent\u00e9s \u00e0 la fois en ligne, avec des mises \u00e0 jour quotidiennes, et hors ligne, \u00e0 travers quatre \u00e9ditions imprim\u00e9es par an. Parmi les sujets abord\u00e9s dans Cocina Integral figurent des informations, des tendances, des nouvelles et des donn\u00e9es provenant de distributeurs et de fabricants de meubles de cuisine, d&rsquo;appareils encastr\u00e9s, de plans de travail, de robinets, de tables et de chaises, de finitions, d&rsquo;accessoires et de produits industriels auxiliaires, ainsi que de logiciels pour la conception de cuisines. Il propose \u00e9galement du contenu sur les principaux \u00e9v\u00e9nements et salons professionnels li\u00e9s au secteur, ainsi qu&rsquo;un espace destin\u00e9 au consommateur final, qui vise \u00e0 l&rsquo;inspirer et \u00e0 le guider dans sa d\u00e9cision d&rsquo;achat. C&rsquo;est ce qui s&rsquo;est pass\u00e9 lors de la publication de la nouvelle faisant r\u00e9f\u00e9rence au mod\u00e8le 190 Fenix de Cocinas M\u00e9todo.<\/p>\n<blockquote><p><strong>Apostando por el\u00a0negro\u00a0se consigue una\u00a0cocina elegante, sofisticada\u00a0y que, gracias a sus\u00a0acabados mate, encaja muy bien en\u00a0espacios abiertos\u00a0al sal\u00f3n comedor. Un ejemplo de ello es el modelo\u00a0M190 Fenix de Cocinas M\u00e9todo.<\/strong><\/p><\/blockquote>\n<p>L&rsquo;am\u00e9nagement en zones de travail s\u00e9par\u00e9es est l&rsquo;\u00e9volution du concept de triangle de travail. Les cuisines \u00e9tant devenues plus spacieuses, voire ouvertes, et les appareils et ressources ayant fait leur apparition (lave-vaisselle, \u00e9viers lat\u00e9raux, micro-ondes, plaques vitroc\u00e9ramiques et fours muraux), de nouveaux syst\u00e8mes d&rsquo;organisation sont devenus n\u00e9cessaires. Voici les plus importantes d&rsquo;entre elles<\/p>\n<h3><a href=\"https:\/\/www.cocinaintegral.net\/m190-fenix-de-cocinas-metodo\/\"><strong>LIRE L&rsquo;ARTICLE<\/strong><\/a><\/h3>\n<p><img loading=\"lazy\" decoding=\"async\" class=\"alignnone size-full wp-image-5075\" src=\"https:\/\/cocinasmetodo.es\/wp-content\/uploads\/2023\/02\/METODO-cocina-integral-02-2023.gif\" alt=\"\" width=\"648\" height=\"1152\" \/><\/p>\n<p>&nbsp;<\/p>\n<p><img loading=\"lazy\" decoding=\"async\" class=\"alignnone wp-image-4978 size-full\" src=\"https:\/\/cocinasmetodo.es\/wp-content\/uploads\/2023\/01\/metodo-cocina-modelo-190-index-scaled.jpg\" alt=\"\" width=\"2560\" height=\"1792\" srcset=\"https:\/\/cocinasmetodo.es\/wp-content\/uploads\/2023\/01\/metodo-cocina-modelo-190-index-scaled.jpg 2560w, https:\/\/cocinasmetodo.es\/wp-content\/uploads\/2023\/01\/metodo-cocina-modelo-190-index-300x210.jpg 300w, https:\/\/cocinasmetodo.es\/wp-content\/uploads\/2023\/01\/metodo-cocina-modelo-190-index-1030x721.jpg 1030w, https:\/\/cocinasmetodo.es\/wp-content\/uploads\/2023\/01\/metodo-cocina-modelo-190-index-768x538.jpg 768w, https:\/\/cocinasmetodo.es\/wp-content\/uploads\/2023\/01\/metodo-cocina-modelo-190-index-1536x1075.jpg 1536w, https:\/\/cocinasmetodo.es\/wp-content\/uploads\/2023\/01\/metodo-cocina-modelo-190-index-2048x1434.jpg 2048w, https:\/\/cocinasmetodo.es\/wp-content\/uploads\/2023\/01\/metodo-cocina-modelo-190-index-1500x1050.jpg 1500w, https:\/\/cocinasmetodo.es\/wp-content\/uploads\/2023\/01\/metodo-cocina-modelo-190-index-705x494.jpg 705w\" sizes=\"auto, (max-width: 2560px) 100vw, 2560px\" \/> <img loading=\"lazy\" decoding=\"async\" class=\"alignnone wp-image-4833 size-full\" src=\"https:\/\/cocinasmetodo.es\/wp-content\/uploads\/2023\/01\/metodo-cocina-modelo-190-3.jpg\" alt=\"\" width=\"2000\" height=\"2250\" srcset=\"https:\/\/cocinasmetodo.es\/wp-content\/uploads\/2023\/01\/metodo-cocina-modelo-190-3.jpg 2000w, https:\/\/cocinasmetodo.es\/wp-content\/uploads\/2023\/01\/metodo-cocina-modelo-190-3-267x300.jpg 267w, https:\/\/cocinasmetodo.es\/wp-content\/uploads\/2023\/01\/metodo-cocina-modelo-190-3-916x1030.jpg 916w, https:\/\/cocinasmetodo.es\/wp-content\/uploads\/2023\/01\/metodo-cocina-modelo-190-3-768x864.jpg 768w, https:\/\/cocinasmetodo.es\/wp-content\/uploads\/2023\/01\/metodo-cocina-modelo-190-3-1365x1536.jpg 1365w, https:\/\/cocinasmetodo.es\/wp-content\/uploads\/2023\/01\/metodo-cocina-modelo-190-3-1820x2048.jpg 1820w, https:\/\/cocinasmetodo.es\/wp-content\/uploads\/2023\/01\/metodo-cocina-modelo-190-3-1333x1500.jpg 1333w, https:\/\/cocinasmetodo.es\/wp-content\/uploads\/2023\/01\/metodo-cocina-modelo-190-3-627x705.jpg 627w, https:\/\/cocinasmetodo.es\/wp-content\/uploads\/2023\/01\/metodo-cocina-modelo-190-3-600x675-600x675.jpg 600w\" sizes=\"auto, (max-width: 2000px) 100vw, 2000px\" \/> <img loading=\"lazy\" decoding=\"async\" class=\"alignnone size-full wp-image-4831\" src=\"https:\/\/cocinasmetodo.es\/wp-content\/uploads\/2023\/01\/metodo-cocina-modelo-190-2.jpg\" alt=\"\" width=\"2000\" height=\"2250\" srcset=\"https:\/\/cocinasmetodo.es\/wp-content\/uploads\/2023\/01\/metodo-cocina-modelo-190-2.jpg 2000w, https:\/\/cocinasmetodo.es\/wp-content\/uploads\/2023\/01\/metodo-cocina-modelo-190-2-267x300.jpg 267w, https:\/\/cocinasmetodo.es\/wp-content\/uploads\/2023\/01\/metodo-cocina-modelo-190-2-916x1030.jpg 916w, https:\/\/cocinasmetodo.es\/wp-content\/uploads\/2023\/01\/metodo-cocina-modelo-190-2-768x864.jpg 768w, https:\/\/cocinasmetodo.es\/wp-content\/uploads\/2023\/01\/metodo-cocina-modelo-190-2-1365x1536.jpg 1365w, https:\/\/cocinasmetodo.es\/wp-content\/uploads\/2023\/01\/metodo-cocina-modelo-190-2-1820x2048.jpg 1820w, https:\/\/cocinasmetodo.es\/wp-content\/uploads\/2023\/01\/metodo-cocina-modelo-190-2-1333x1500.jpg 1333w, https:\/\/cocinasmetodo.es\/wp-content\/uploads\/2023\/01\/metodo-cocina-modelo-190-2-627x705.jpg 627w, https:\/\/cocinasmetodo.es\/wp-content\/uploads\/2023\/01\/metodo-cocina-modelo-190-2-600x675-600x675-600x675.jpg 600w\" sizes=\"auto, (max-width: 2000px) 100vw, 2000px\" \/><\/p>\n<p>&nbsp;<\/p>\n<hr \/>\n<div  class='avia-buttonrow-wrap av-1y6twi-3e7ea6a37514e6a4fd51ac3049db817d avia-buttonrow-center  avia-builder-el-0  avia-builder-el-no-sibling '>\n\n<style type=\"text\/css\" data-created_by=\"avia_inline_auto\" id=\"style-css-av-kwnf4ref-d3eeec7100204f0ca80f01b6bc691e05\">\n#top #wrap_all .avia-button.av-kwnf4ref-d3eeec7100204f0ca80f01b6bc691e05{\nmargin-bottom:5px;\nmargin-right:3px;\nmargin-left:3px;\n}\n<\/style>\n<a href='https:\/\/cocinasmetodo.es\/fr\/contacto\/'  class='avia-button av-kwnf4ref-d3eeec7100204f0ca80f01b6bc691e05 avia-icon_select-no avia-size-medium avia-color-theme-color'   aria-label=\"AVEZ-VOUS BESOIN D\u2019UN BUDGET ?\"><span class='avia_iconbox_title' >AVEZ-VOUS BESOIN D\u2019UN BUDGET ?<\/span><\/a>\n\n<style type=\"text\/css\" data-created_by=\"avia_inline_auto\" id=\"style-css-av-kwnf5nlq-6dbd4570cc2c7a1e56ae090b5c0c7c19\">\n#top #wrap_all .avia-button.av-kwnf5nlq-6dbd4570cc2c7a1e56ae090b5c0c7c19{\nmargin-bottom:5px;\nmargin-right:3px;\nmargin-left:3px;\n}\n<\/style>\n<a href='https:\/\/cocinasmetodo.es\/fr\/contacto\/'  class='avia-button av-kwnf5nlq-6dbd4570cc2c7a1e56ae090b5c0c7c19 avia-icon_select-no avia-size-medium avia-color-theme-color'   aria-label=\"VOUS SOUHAITEZ PUBLIER UN PROJET ?\"><span class='avia_iconbox_title' >VOUS SOUHAITEZ PUBLIER UN PROJET ?<\/span><\/a>\n\n<style type=\"text\/css\" data-created_by=\"avia_inline_auto\" id=\"style-css-av-kwnf6k50-9e8dc149f2bac61c5782f6a3b98dfa0e\">\n#top #wrap_all .avia-button.av-kwnf6k50-9e8dc149f2bac61c5782f6a3b98dfa0e{\nmargin-bottom:5px;\nmargin-right:3px;\nmargin-left:3px;\n}\n<\/style>\n<a href='https:\/\/cocinasmetodo.es\/fr\/contacto\/'  class='avia-button av-kwnf6k50-9e8dc149f2bac61c5782f6a3b98dfa0e avia-icon_select-no avia-size-medium avia-color-theme-color'   aria-label=\"VOUS VOULEZ VOIR UNE CUISINE M\u00c9TODO?\"><span class='avia_iconbox_title' >VOUS VOULEZ VOIR UNE CUISINE M\u00c9TODO?<\/span><\/a>\n<\/div>\n<hr \/>\n<p>&nbsp;<\/p>\n","protected":false},"excerpt":{"rendered":"<p>La revista COCINA INTEGRAL destaca en su edici\u00f3n digital la cocina en negro con personalidad arrolladora M190 Fenix<\/p>\n","protected":false},"author":1,"featured_media":5074,"comment_status":"open","ping_status":"open","sticky":false,"template":"","format":"standard","meta":{"footnotes":""},"categories":[121],"tags":[247,248,162],"class_list":["post-5078","post","type-post","status-publish","format-standard","has-post-thumbnail","hentry","category-prensa-fr","tag-cocina-en-negro-fr","tag-cocina-integral-fr","tag-revista-cocinas-fr"],"yoast_head":"<!-- This site is optimized with the Yoast SEO plugin v27.2 - https:\/\/yoast.com\/product\/yoast-seo-wordpress\/ -->\n<title>COCINA INTEGRAL met en valeur la cuisine noire M190 Fenix - m\u00e9todo<\/title>\n<meta name=\"description\" content=\"La revista COCINA INTEGRAL destaca en su edici\u00f3n digital la cocina en negro con personalidad arrolladora M190 Fenix\" \/>\n<meta name=\"robots\" content=\"index, follow, max-snippet:-1, max-image-preview:large, max-video-preview:-1\" \/>\n<link rel=\"canonical\" href=\"https:\/\/cocinasmetodo.es\/fr\/cocina-integral-met-en-valeur-la-cuisine-noire-m190-fenix\/\" \/>\n<meta property=\"og:locale\" content=\"fr_FR\" \/>\n<meta property=\"og:type\" content=\"article\" \/>\n<meta property=\"og:title\" content=\"COCINA INTEGRAL met en valeur la cuisine noire M190 Fenix - m\u00e9todo\" \/>\n<meta property=\"og:description\" content=\"La revista COCINA INTEGRAL destaca en su edici\u00f3n digital la cocina en negro con personalidad arrolladora M190 Fenix\" \/>\n<meta property=\"og:url\" content=\"https:\/\/cocinasmetodo.es\/fr\/cocina-integral-met-en-valeur-la-cuisine-noire-m190-fenix\/\" \/>\n<meta property=\"og:site_name\" content=\"m\u00e9todo\" \/>\n<meta property=\"article:published_time\" content=\"2023-03-15T08:53:20+00:00\" \/>\n<meta property=\"og:image\" content=\"https:\/\/cocinasmetodo.es\/wp-content\/uploads\/2023\/02\/cocina-integral-cocinas-metodo-feb-2023.jpg\" \/>\n\t<meta property=\"og:image:width\" content=\"1124\" \/>\n\t<meta property=\"og:image:height\" content=\"2000\" \/>\n\t<meta property=\"og:image:type\" content=\"image\/jpeg\" \/>\n<meta name=\"author\" content=\"admin\" \/>\n<meta name=\"twitter:card\" content=\"summary_large_image\" \/>\n<meta name=\"twitter:label1\" content=\"\u00c9crit par\" \/>\n\t<meta name=\"twitter:data1\" content=\"admin\" \/>\n\t<meta name=\"twitter:label2\" content=\"Dur\u00e9e de lecture estim\u00e9e\" \/>\n\t<meta name=\"twitter:data2\" content=\"3 minutes\" \/>\n<script type=\"application\/ld+json\" class=\"yoast-schema-graph\">{\"@context\":\"https:\/\/schema.org\",\"@graph\":[{\"@type\":\"Article\",\"@id\":\"https:\/\/cocinasmetodo.es\/fr\/cocina-integral-met-en-valeur-la-cuisine-noire-m190-fenix\/#article\",\"isPartOf\":{\"@id\":\"https:\/\/cocinasmetodo.es\/fr\/cocina-integral-met-en-valeur-la-cuisine-noire-m190-fenix\/\"},\"author\":{\"name\":\"admin\",\"@id\":\"https:\/\/cocinasmetodo.es\/#\/schema\/person\/cf74899f07207d3cb6021e2e6f17241f\"},\"headline\":\"COCINA INTEGRAL met en valeur la cuisine noire M190 Fenix\",\"datePublished\":\"2023-03-15T08:53:20+00:00\",\"mainEntityOfPage\":{\"@id\":\"https:\/\/cocinasmetodo.es\/fr\/cocina-integral-met-en-valeur-la-cuisine-noire-m190-fenix\/\"},\"wordCount\":765,\"commentCount\":0,\"publisher\":{\"@id\":\"https:\/\/cocinasmetodo.es\/#organization\"},\"image\":{\"@id\":\"https:\/\/cocinasmetodo.es\/fr\/cocina-integral-met-en-valeur-la-cuisine-noire-m190-fenix\/#primaryimage\"},\"thumbnailUrl\":\"https:\/\/cocinasmetodo.es\/wp-content\/uploads\/2023\/02\/cocina-integral-cocinas-metodo-feb-2023.jpg\",\"keywords\":[\"Cocina en negro\",\"COCINA INTEGRAL\",\"revista cocinas\"],\"articleSection\":[\"Prensa\"],\"inLanguage\":\"fr-FR\",\"potentialAction\":[{\"@type\":\"CommentAction\",\"name\":\"Comment\",\"target\":[\"https:\/\/cocinasmetodo.es\/fr\/cocina-integral-met-en-valeur-la-cuisine-noire-m190-fenix\/#respond\"]}]},{\"@type\":\"WebPage\",\"@id\":\"https:\/\/cocinasmetodo.es\/fr\/cocina-integral-met-en-valeur-la-cuisine-noire-m190-fenix\/\",\"url\":\"https:\/\/cocinasmetodo.es\/fr\/cocina-integral-met-en-valeur-la-cuisine-noire-m190-fenix\/\",\"name\":\"COCINA INTEGRAL met en valeur la cuisine noire M190 Fenix - m\u00e9todo\",\"isPartOf\":{\"@id\":\"https:\/\/cocinasmetodo.es\/#website\"},\"primaryImageOfPage\":{\"@id\":\"https:\/\/cocinasmetodo.es\/fr\/cocina-integral-met-en-valeur-la-cuisine-noire-m190-fenix\/#primaryimage\"},\"image\":{\"@id\":\"https:\/\/cocinasmetodo.es\/fr\/cocina-integral-met-en-valeur-la-cuisine-noire-m190-fenix\/#primaryimage\"},\"thumbnailUrl\":\"https:\/\/cocinasmetodo.es\/wp-content\/uploads\/2023\/02\/cocina-integral-cocinas-metodo-feb-2023.jpg\",\"datePublished\":\"2023-03-15T08:53:20+00:00\",\"description\":\"La revista COCINA INTEGRAL destaca en su edici\u00f3n digital la cocina en negro con personalidad arrolladora M190 Fenix\",\"breadcrumb\":{\"@id\":\"https:\/\/cocinasmetodo.es\/fr\/cocina-integral-met-en-valeur-la-cuisine-noire-m190-fenix\/#breadcrumb\"},\"inLanguage\":\"fr-FR\",\"potentialAction\":[{\"@type\":\"ReadAction\",\"target\":[\"https:\/\/cocinasmetodo.es\/fr\/cocina-integral-met-en-valeur-la-cuisine-noire-m190-fenix\/\"]}]},{\"@type\":\"ImageObject\",\"inLanguage\":\"fr-FR\",\"@id\":\"https:\/\/cocinasmetodo.es\/fr\/cocina-integral-met-en-valeur-la-cuisine-noire-m190-fenix\/#primaryimage\",\"url\":\"https:\/\/cocinasmetodo.es\/wp-content\/uploads\/2023\/02\/cocina-integral-cocinas-metodo-feb-2023.jpg\",\"contentUrl\":\"https:\/\/cocinasmetodo.es\/wp-content\/uploads\/2023\/02\/cocina-integral-cocinas-metodo-feb-2023.jpg\",\"width\":1124,\"height\":2000},{\"@type\":\"BreadcrumbList\",\"@id\":\"https:\/\/cocinasmetodo.es\/fr\/cocina-integral-met-en-valeur-la-cuisine-noire-m190-fenix\/#breadcrumb\",\"itemListElement\":[{\"@type\":\"ListItem\",\"position\":1,\"name\":\"Portada\",\"item\":\"https:\/\/cocinasmetodo.es\/fr\/\"},{\"@type\":\"ListItem\",\"position\":2,\"name\":\"COCINA INTEGRAL met en valeur la cuisine noire M190 Fenix\"}]},{\"@type\":\"WebSite\",\"@id\":\"https:\/\/cocinasmetodo.es\/#website\",\"url\":\"https:\/\/cocinasmetodo.es\/\",\"name\":\"m\u00e9todo\",\"description\":\"Daily Kitchens\",\"publisher\":{\"@id\":\"https:\/\/cocinasmetodo.es\/#organization\"},\"potentialAction\":[{\"@type\":\"SearchAction\",\"target\":{\"@type\":\"EntryPoint\",\"urlTemplate\":\"https:\/\/cocinasmetodo.es\/?s={search_term_string}\"},\"query-input\":{\"@type\":\"PropertyValueSpecification\",\"valueRequired\":true,\"valueName\":\"search_term_string\"}}],\"inLanguage\":\"fr-FR\"},{\"@type\":\"Organization\",\"@id\":\"https:\/\/cocinasmetodo.es\/#organization\",\"name\":\"m\u00e9todo\",\"url\":\"https:\/\/cocinasmetodo.es\/\",\"logo\":{\"@type\":\"ImageObject\",\"inLanguage\":\"fr-FR\",\"@id\":\"https:\/\/cocinasmetodo.es\/#\/schema\/logo\/image\/\",\"url\":\"https:\/\/cocinasmetodo.es\/wp-content\/uploads\/2021\/05\/logoweb.png\",\"contentUrl\":\"https:\/\/cocinasmetodo.es\/wp-content\/uploads\/2021\/05\/logoweb.png\",\"width\":1000,\"height\":528,\"caption\":\"m\u00e9todo\"},\"image\":{\"@id\":\"https:\/\/cocinasmetodo.es\/#\/schema\/logo\/image\/\"}},{\"@type\":\"Person\",\"@id\":\"https:\/\/cocinasmetodo.es\/#\/schema\/person\/cf74899f07207d3cb6021e2e6f17241f\",\"name\":\"admin\",\"image\":{\"@type\":\"ImageObject\",\"inLanguage\":\"fr-FR\",\"@id\":\"https:\/\/secure.gravatar.com\/avatar\/f81daeca33be8da0842690f149bc1081f003f3840397028f3faabf244c06927a?s=96&d=mm&r=g\",\"url\":\"https:\/\/secure.gravatar.com\/avatar\/f81daeca33be8da0842690f149bc1081f003f3840397028f3faabf244c06927a?s=96&d=mm&r=g\",\"contentUrl\":\"https:\/\/secure.gravatar.com\/avatar\/f81daeca33be8da0842690f149bc1081f003f3840397028f3faabf244c06927a?s=96&d=mm&r=g\",\"caption\":\"admin\"},\"sameAs\":[\"https:\/\/cocinasmetodo.es\/website2021\"]}]}<\/script>\n<!-- \/ Yoast SEO plugin. -->","yoast_head_json":{"title":"COCINA INTEGRAL met en valeur la cuisine noire M190 Fenix - m\u00e9todo","description":"La revista COCINA INTEGRAL destaca en su edici\u00f3n digital la cocina en negro con personalidad arrolladora M190 Fenix","robots":{"index":"index","follow":"follow","max-snippet":"max-snippet:-1","max-image-preview":"max-image-preview:large","max-video-preview":"max-video-preview:-1"},"canonical":"https:\/\/cocinasmetodo.es\/fr\/cocina-integral-met-en-valeur-la-cuisine-noire-m190-fenix\/","og_locale":"fr_FR","og_type":"article","og_title":"COCINA INTEGRAL met en valeur la cuisine noire M190 Fenix - m\u00e9todo","og_description":"La revista COCINA INTEGRAL destaca en su edici\u00f3n digital la cocina en negro con personalidad arrolladora M190 Fenix","og_url":"https:\/\/cocinasmetodo.es\/fr\/cocina-integral-met-en-valeur-la-cuisine-noire-m190-fenix\/","og_site_name":"m\u00e9todo","article_published_time":"2023-03-15T08:53:20+00:00","og_image":[{"width":1124,"height":2000,"url":"https:\/\/cocinasmetodo.es\/wp-content\/uploads\/2023\/02\/cocina-integral-cocinas-metodo-feb-2023.jpg","type":"image\/jpeg"}],"author":"admin","twitter_card":"summary_large_image","twitter_misc":{"\u00c9crit par":"admin","Dur\u00e9e de lecture estim\u00e9e":"3 minutes"},"schema":{"@context":"https:\/\/schema.org","@graph":[{"@type":"Article","@id":"https:\/\/cocinasmetodo.es\/fr\/cocina-integral-met-en-valeur-la-cuisine-noire-m190-fenix\/#article","isPartOf":{"@id":"https:\/\/cocinasmetodo.es\/fr\/cocina-integral-met-en-valeur-la-cuisine-noire-m190-fenix\/"},"author":{"name":"admin","@id":"https:\/\/cocinasmetodo.es\/#\/schema\/person\/cf74899f07207d3cb6021e2e6f17241f"},"headline":"COCINA INTEGRAL met en valeur la cuisine noire M190 Fenix","datePublished":"2023-03-15T08:53:20+00:00","mainEntityOfPage":{"@id":"https:\/\/cocinasmetodo.es\/fr\/cocina-integral-met-en-valeur-la-cuisine-noire-m190-fenix\/"},"wordCount":765,"commentCount":0,"publisher":{"@id":"https:\/\/cocinasmetodo.es\/#organization"},"image":{"@id":"https:\/\/cocinasmetodo.es\/fr\/cocina-integral-met-en-valeur-la-cuisine-noire-m190-fenix\/#primaryimage"},"thumbnailUrl":"https:\/\/cocinasmetodo.es\/wp-content\/uploads\/2023\/02\/cocina-integral-cocinas-metodo-feb-2023.jpg","keywords":["Cocina en negro","COCINA INTEGRAL","revista cocinas"],"articleSection":["Prensa"],"inLanguage":"fr-FR","potentialAction":[{"@type":"CommentAction","name":"Comment","target":["https:\/\/cocinasmetodo.es\/fr\/cocina-integral-met-en-valeur-la-cuisine-noire-m190-fenix\/#respond"]}]},{"@type":"WebPage","@id":"https:\/\/cocinasmetodo.es\/fr\/cocina-integral-met-en-valeur-la-cuisine-noire-m190-fenix\/","url":"https:\/\/cocinasmetodo.es\/fr\/cocina-integral-met-en-valeur-la-cuisine-noire-m190-fenix\/","name":"COCINA INTEGRAL met en valeur la cuisine noire M190 Fenix - m\u00e9todo","isPartOf":{"@id":"https:\/\/cocinasmetodo.es\/#website"},"primaryImageOfPage":{"@id":"https:\/\/cocinasmetodo.es\/fr\/cocina-integral-met-en-valeur-la-cuisine-noire-m190-fenix\/#primaryimage"},"image":{"@id":"https:\/\/cocinasmetodo.es\/fr\/cocina-integral-met-en-valeur-la-cuisine-noire-m190-fenix\/#primaryimage"},"thumbnailUrl":"https:\/\/cocinasmetodo.es\/wp-content\/uploads\/2023\/02\/cocina-integral-cocinas-metodo-feb-2023.jpg","datePublished":"2023-03-15T08:53:20+00:00","description":"La revista COCINA INTEGRAL destaca en su edici\u00f3n digital la cocina en negro con personalidad arrolladora M190 Fenix","breadcrumb":{"@id":"https:\/\/cocinasmetodo.es\/fr\/cocina-integral-met-en-valeur-la-cuisine-noire-m190-fenix\/#breadcrumb"},"inLanguage":"fr-FR","potentialAction":[{"@type":"ReadAction","target":["https:\/\/cocinasmetodo.es\/fr\/cocina-integral-met-en-valeur-la-cuisine-noire-m190-fenix\/"]}]},{"@type":"ImageObject","inLanguage":"fr-FR","@id":"https:\/\/cocinasmetodo.es\/fr\/cocina-integral-met-en-valeur-la-cuisine-noire-m190-fenix\/#primaryimage","url":"https:\/\/cocinasmetodo.es\/wp-content\/uploads\/2023\/02\/cocina-integral-cocinas-metodo-feb-2023.jpg","contentUrl":"https:\/\/cocinasmetodo.es\/wp-content\/uploads\/2023\/02\/cocina-integral-cocinas-metodo-feb-2023.jpg","width":1124,"height":2000},{"@type":"BreadcrumbList","@id":"https:\/\/cocinasmetodo.es\/fr\/cocina-integral-met-en-valeur-la-cuisine-noire-m190-fenix\/#breadcrumb","itemListElement":[{"@type":"ListItem","position":1,"name":"Portada","item":"https:\/\/cocinasmetodo.es\/fr\/"},{"@type":"ListItem","position":2,"name":"COCINA INTEGRAL met en valeur la cuisine noire M190 Fenix"}]},{"@type":"WebSite","@id":"https:\/\/cocinasmetodo.es\/#website","url":"https:\/\/cocinasmetodo.es\/","name":"m\u00e9todo","description":"Daily Kitchens","publisher":{"@id":"https:\/\/cocinasmetodo.es\/#organization"},"potentialAction":[{"@type":"SearchAction","target":{"@type":"EntryPoint","urlTemplate":"https:\/\/cocinasmetodo.es\/?s={search_term_string}"},"query-input":{"@type":"PropertyValueSpecification","valueRequired":true,"valueName":"search_term_string"}}],"inLanguage":"fr-FR"},{"@type":"Organization","@id":"https:\/\/cocinasmetodo.es\/#organization","name":"m\u00e9todo","url":"https:\/\/cocinasmetodo.es\/","logo":{"@type":"ImageObject","inLanguage":"fr-FR","@id":"https:\/\/cocinasmetodo.es\/#\/schema\/logo\/image\/","url":"https:\/\/cocinasmetodo.es\/wp-content\/uploads\/2021\/05\/logoweb.png","contentUrl":"https:\/\/cocinasmetodo.es\/wp-content\/uploads\/2021\/05\/logoweb.png","width":1000,"height":528,"caption":"m\u00e9todo"},"image":{"@id":"https:\/\/cocinasmetodo.es\/#\/schema\/logo\/image\/"}},{"@type":"Person","@id":"https:\/\/cocinasmetodo.es\/#\/schema\/person\/cf74899f07207d3cb6021e2e6f17241f","name":"admin","image":{"@type":"ImageObject","inLanguage":"fr-FR","@id":"https:\/\/secure.gravatar.com\/avatar\/f81daeca33be8da0842690f149bc1081f003f3840397028f3faabf244c06927a?s=96&d=mm&r=g","url":"https:\/\/secure.gravatar.com\/avatar\/f81daeca33be8da0842690f149bc1081f003f3840397028f3faabf244c06927a?s=96&d=mm&r=g","contentUrl":"https:\/\/secure.gravatar.com\/avatar\/f81daeca33be8da0842690f149bc1081f003f3840397028f3faabf244c06927a?s=96&d=mm&r=g","caption":"admin"},"sameAs":["https:\/\/cocinasmetodo.es\/website2021"]}]}},"_links":{"self":[{"href":"https:\/\/cocinasmetodo.es\/fr\/wp-json\/wp\/v2\/posts\/5078","targetHints":{"allow":["GET"]}}],"collection":[{"href":"https:\/\/cocinasmetodo.es\/fr\/wp-json\/wp\/v2\/posts"}],"about":[{"href":"https:\/\/cocinasmetodo.es\/fr\/wp-json\/wp\/v2\/types\/post"}],"author":[{"embeddable":true,"href":"https:\/\/cocinasmetodo.es\/fr\/wp-json\/wp\/v2\/users\/1"}],"replies":[{"embeddable":true,"href":"https:\/\/cocinasmetodo.es\/fr\/wp-json\/wp\/v2\/comments?post=5078"}],"version-history":[{"count":2,"href":"https:\/\/cocinasmetodo.es\/fr\/wp-json\/wp\/v2\/posts\/5078\/revisions"}],"predecessor-version":[{"id":13081,"href":"https:\/\/cocinasmetodo.es\/fr\/wp-json\/wp\/v2\/posts\/5078\/revisions\/13081"}],"wp:featuredmedia":[{"embeddable":true,"href":"https:\/\/cocinasmetodo.es\/fr\/wp-json\/wp\/v2\/media\/5074"}],"wp:attachment":[{"href":"https:\/\/cocinasmetodo.es\/fr\/wp-json\/wp\/v2\/media?parent=5078"}],"wp:term":[{"taxonomy":"category","embeddable":true,"href":"https:\/\/cocinasmetodo.es\/fr\/wp-json\/wp\/v2\/categories?post=5078"},{"taxonomy":"post_tag","embeddable":true,"href":"https:\/\/cocinasmetodo.es\/fr\/wp-json\/wp\/v2\/tags?post=5078"}],"curies":[{"name":"wp","href":"https:\/\/api.w.org\/{rel}","templated":true}]}}