{"id":4891,"date":"2023-02-06T09:29:49","date_gmt":"2023-02-06T08:29:49","guid":{"rendered":"https:\/\/cocinasmetodo.es\/?p=4891"},"modified":"2023-02-06T09:29:49","modified_gmt":"2023-02-06T08:29:49","slug":"cocinas-y-banos-publie-le-projet-de-laura-mascunan-avec-la-cuisine-de-metodo","status":"publish","type":"post","link":"https:\/\/cocinasmetodo.es\/fr\/cocinas-y-banos-publie-le-projet-de-laura-mascunan-avec-la-cuisine-de-metodo\/","title":{"rendered":"COCINAS Y BA\u00d1OS publie le projet de Laura Mascu\u00f1an avec la cuisine de M\u00e9todo"},"content":{"rendered":"<h3>\u201cDes espaces ouverts \u00e0 vivre\u00a0\u00bb<\/h3>\n<blockquote><p><strong>Le mod\u00e8le de maison flexible et polyvalent a beaucoup \u00e0 voir avec le style de vie des utilisateurs d&rsquo;aujourd&rsquo;hui : t\u00e2ches culinaires partag\u00e9es avec la famille et les amis, t\u00e9l\u00e9travail, loisirs \u00e0 domicile&#8230; de nouvelles r\u00e9alit\u00e9s qui ont transform\u00e9 les espaces domestiques habituels en quelque chose de tout \u00e0 fait diff\u00e9rent.<\/strong><\/p><\/blockquote>\n<p>Le prestigieux magazine du secteur de cuisines et bains, , <strong><a href=\"https:\/\/www.revistacasaviva.es\/\">COCINAS Y BA\u00d1OS de Curt Ediciones<\/a>,<\/strong> pr\u00e9sente dans son NUM\u00c9RO 385 un rapport \u00ab\u00a0ESPACES OUVERTS \u00c0 VIVRE\u00a0\u00bb consacr\u00e9 exclusivement au projet de LAURA MASCU\u00d1AN avec cuisine de M\u00e9thode et qui se concentre sur la mani\u00e8re d&rsquo;int\u00e9grer la cuisine dans les espaces de maison. La distribution int\u00e9rieure de la maison a subi d&rsquo;importants changements ces derni\u00e8res ann\u00e9es, qui n&rsquo;ont rien \u00e0 voir avec le cloisonnement excessif des d\u00e9cennies pr\u00e9c\u00e9dentes. Il n&rsquo;est pas facile de trouver de nouveaux projets d&rsquo;am\u00e9nagement int\u00e9rieur dans lesquels les espaces ne sont pas ouverts et reli\u00e9s entre eux. Les salons et les cuisines fusionnent, les espaces d&rsquo;\u00e9tude sont int\u00e9gr\u00e9s dans les environnements de vie &#8211; tels que les salles \u00e0 manger ou les salons &#8211; &#8230; aujourd&rsquo;hui plus que jamais, alors que le t\u00e9l\u00e9travail \u00e0 domicile s&rsquo;impose comme une nouvelle option qui est l\u00e0 pour rester, nous devons \u00eatre conscients de ce que seraient les espaces id\u00e9aux pour r\u00e9pondre aux besoins actuels.<\/p>\n<p><img loading=\"lazy\" decoding=\"async\" class=\"alignnone size-full wp-image-4886\" src=\"https:\/\/cocinasmetodo.es\/wp-content\/uploads\/2023\/01\/COCINAS-Y-BANOS-N385-interiores.jpg\" alt=\"\" width=\"1800\" height=\"1766\" srcset=\"https:\/\/cocinasmetodo.es\/wp-content\/uploads\/2023\/01\/COCINAS-Y-BANOS-N385-interiores.jpg 1800w, https:\/\/cocinasmetodo.es\/wp-content\/uploads\/2023\/01\/COCINAS-Y-BANOS-N385-interiores-300x294.jpg 300w, https:\/\/cocinasmetodo.es\/wp-content\/uploads\/2023\/01\/COCINAS-Y-BANOS-N385-interiores-1030x1011.jpg 1030w, https:\/\/cocinasmetodo.es\/wp-content\/uploads\/2023\/01\/COCINAS-Y-BANOS-N385-interiores-768x753.jpg 768w, https:\/\/cocinasmetodo.es\/wp-content\/uploads\/2023\/01\/COCINAS-Y-BANOS-N385-interiores-1536x1507.jpg 1536w, https:\/\/cocinasmetodo.es\/wp-content\/uploads\/2023\/01\/COCINAS-Y-BANOS-N385-interiores-36x36.jpg 36w, https:\/\/cocinasmetodo.es\/wp-content\/uploads\/2023\/01\/COCINAS-Y-BANOS-N385-interiores-1500x1472.jpg 1500w, https:\/\/cocinasmetodo.es\/wp-content\/uploads\/2023\/01\/COCINAS-Y-BANOS-N385-interiores-705x692.jpg 705w\" sizes=\"auto, (max-width: 1800px) 100vw, 1800px\" \/><\/p>\n<p>&nbsp;<\/p>\n<h3>R\u00c9NOVATION DE CUISINE AVEC ESTUDIO LAURA MASCU\u00d1AN<\/h3>\n<p>Laura est la fondatrice et l\u2019alma mater de l\u2019<strong><a href=\"https:\/\/estudiolauramascunan.com\/\">ESTUDIO LAURA MASCU\u00d1\u00c1N<\/a><\/strong>. Forte d\u2019un parcours professionnel et d\u2019une exp\u00e9rience consid\u00e9rables, apr\u00e8s avoir cofond\u00e9 Estudio una-de-tres avec deux autres associ\u00e9s en 2015, Laura a franchi un cap en cr\u00e9ant son propre studio. Amoureuse des objets charg\u00e9s d\u2019histoire, elle a la chance de pouvoir dire qu\u2019elle a fait de sa passion son m\u00e9tier. Elle est issue d\u2019une famille qui admire l\u2019art et en vit, c\u2019est pourquoi elle s\u2019est toujours sentie \u00e9troitement li\u00e9e au design, ce qui l\u2019a amen\u00e9e \u00e0 suivre une formation d\u2019architecte d\u2019int\u00e9rieur \u00e0 Barcelone (ESDAP, Dei\u00e0).<\/p>\n<p>Laura Mascu\u00f1an a collabor\u00e9 avec Cometa Architects pour la conception de la maison prim\u00e9e Rocksplit sur l\u2019\u00eele de Kea, en Gr\u00e8ce. Cette maison a re\u00e7u plusieurs prix, notamment :\u00a0Mention honorable dans la cat\u00e9gorie \u00ab\u00a0<em>Best New Built\u00a0\u00bb d\u00f4mes architecture grecque, Prix d\u2019argent dans la cat\u00e9gorie Architecture, b\u00e2timent, structure, design dans les A\u2019Design Awards<\/em>.<\/p>\n<p>Les projets d\u00e9velopp\u00e9s par Laura Mascu\u00f1an et INTEGRAL sont nombreux et vari\u00e9s et t\u00e9moignent de leur savoir-faire. Aujourd\u2019hui ils nous pr\u00e9sentent, en \u00e9troite collaboration, une r\u00e9forme int\u00e9grale d\u2019une maison, le <a href=\"https:\/\/estudiolauramascunan.com\/monestir\/\"><strong>PROJECT MONESTIR en Sant Cugat del Vall\u00e9s<\/strong><\/a> , dans lequel l\u2019objectif principal \u00e9tait bas\u00e9 sur l\u2019ouverture et l\u2019int\u00e9gration des espaces.<\/p>\n<h3>Les cl\u00e9s pour planifier l\u2019ouverture des espaces dans une maison<\/h3>\n<ul>\n<li>Sachant que l\u2019id\u00e9e est d\u2019\u00e9viter d\u2019\u00e9riger des murs ou de construire une s\u00e9paration physique concr\u00e8te, il faut faire preuve de cr\u00e9ativit\u00e9 et d\u2019ing\u00e9niosit\u00e9 pour trouver la solution la plus appropri\u00e9e en mati\u00e8re de d\u00e9limitation des espaces et de leurs fonctions.<\/li>\n<li>Ce qui fonctionne le mieux, c\u2019est d\u2019utiliser des meubles, mais pas n\u2019importe lesquels. Il n\u2019est pas conseill\u00e9 d\u2019utiliser des meubles \u00ab\u00a0s\u00e9parateurs\u00a0\u00bb, mais plut\u00f4t d\u2019opter pour des \u00eelots (tables ou grands bars au centre de l\u2019espace) ou des murs, mais en verre ou en un autre mat\u00e9riau transparent qui permet de voir l\u2019espace dans son ensemble.<\/li>\n<li>L\u2019\u00eelot comme point de s\u00e9paration est l\u2019option la plus recommand\u00e9e et la plus utilis\u00e9e, avec de nombreuses variations de forme et de style. C\u2019est un \u00e9l\u00e9ment qui ouvre la cuisine et la relie \u00e0 la salle \u00e0 manger et au salon, un nexus qui peut m\u00eame fonctionner comme un centre ou un noyau de rencontres entre les habitants de la maison, \u00e9tant le principal lieu de r\u00e9union.<\/li>\n<li>Il y a forc\u00e9ment une source de lumi\u00e8re naturelle \u00e0 proximit\u00e9 ou \u00e0 l\u2019int\u00e9rieur de la cuisine. Donnez-lui de l\u2019espace et distribuez la cuisine en fonction de la fa\u00e7on dont la lumi\u00e8re entre. L\u2019impact que ces pi\u00e8ces ouvertes peuvent avoir sur l\u2019augmentation de la lumi\u00e8re et la connexion avec le monde ext\u00e9rieur est indiscutable.<\/li>\n<li>La table devient un \u00e9l\u00e9ment cl\u00e9 pour unifier les espaces. Il peut \u00eatre le compl\u00e9ment d\u2019un bar \u00e0 petit-d\u00e9jeuner sur l\u2019\u00eele. En outre, la table peut \u00e9galement servir de bureau, d\u2019\u00e9tude, de zone d\u2019appui pour la cuisine\u2026<\/li>\n<\/ul>\n<p><img loading=\"lazy\" decoding=\"async\" class=\"alignnone size-full wp-image-2686\" src=\"https:\/\/cocinasmetodo.es\/wp-content\/uploads\/2022\/03\/laura-mascunan-proyecto-monestir-05-scaled.jpg\" alt=\"\" width=\"2560\" height=\"1919\" srcset=\"https:\/\/cocinasmetodo.es\/wp-content\/uploads\/2022\/03\/laura-mascunan-proyecto-monestir-05-scaled.jpg 2560w, https:\/\/cocinasmetodo.es\/wp-content\/uploads\/2022\/03\/laura-mascunan-proyecto-monestir-05-300x225.jpg 300w, https:\/\/cocinasmetodo.es\/wp-content\/uploads\/2022\/03\/laura-mascunan-proyecto-monestir-05-1030x772.jpg 1030w, https:\/\/cocinasmetodo.es\/wp-content\/uploads\/2022\/03\/laura-mascunan-proyecto-monestir-05-768x576.jpg 768w, https:\/\/cocinasmetodo.es\/wp-content\/uploads\/2022\/03\/laura-mascunan-proyecto-monestir-05-1536x1151.jpg 1536w, https:\/\/cocinasmetodo.es\/wp-content\/uploads\/2022\/03\/laura-mascunan-proyecto-monestir-05-2048x1535.jpg 2048w, https:\/\/cocinasmetodo.es\/wp-content\/uploads\/2022\/03\/laura-mascunan-proyecto-monestir-05-1500x1124.jpg 1500w, https:\/\/cocinasmetodo.es\/wp-content\/uploads\/2022\/03\/laura-mascunan-proyecto-monestir-05-705x528.jpg 705w, https:\/\/cocinasmetodo.es\/wp-content\/uploads\/2022\/03\/laura-mascunan-proyecto-monestir-05-scaled-600x450.jpg 600w\" sizes=\"auto, (max-width: 2560px) 100vw, 2560px\" \/> <img loading=\"lazy\" decoding=\"async\" class=\"alignnone size-full wp-image-2695\" src=\"https:\/\/cocinasmetodo.es\/wp-content\/uploads\/2022\/03\/laura-mascunan-proyecto-monestir-07.jpg\" alt=\"\" width=\"1800\" height=\"1349\" srcset=\"https:\/\/cocinasmetodo.es\/wp-content\/uploads\/2022\/03\/laura-mascunan-proyecto-monestir-07.jpg 1800w, https:\/\/cocinasmetodo.es\/wp-content\/uploads\/2022\/03\/laura-mascunan-proyecto-monestir-07-300x225.jpg 300w, https:\/\/cocinasmetodo.es\/wp-content\/uploads\/2022\/03\/laura-mascunan-proyecto-monestir-07-1030x772.jpg 1030w, https:\/\/cocinasmetodo.es\/wp-content\/uploads\/2022\/03\/laura-mascunan-proyecto-monestir-07-768x576.jpg 768w, https:\/\/cocinasmetodo.es\/wp-content\/uploads\/2022\/03\/laura-mascunan-proyecto-monestir-07-1536x1151.jpg 1536w, https:\/\/cocinasmetodo.es\/wp-content\/uploads\/2022\/03\/laura-mascunan-proyecto-monestir-07-1500x1124.jpg 1500w, https:\/\/cocinasmetodo.es\/wp-content\/uploads\/2022\/03\/laura-mascunan-proyecto-monestir-07-705x528.jpg 705w, https:\/\/cocinasmetodo.es\/wp-content\/uploads\/2022\/03\/laura-mascunan-proyecto-monestir-07-600x450-600x450.jpg 600w\" sizes=\"auto, (max-width: 1800px) 100vw, 1800px\" \/> <img loading=\"lazy\" decoding=\"async\" class=\"alignnone size-full wp-image-2688\" src=\"https:\/\/cocinasmetodo.es\/wp-content\/uploads\/2022\/03\/laura-mascunan-proyecto-monestir.jpg\" alt=\"\" width=\"1290\" height=\"1724\" srcset=\"https:\/\/cocinasmetodo.es\/wp-content\/uploads\/2022\/03\/laura-mascunan-proyecto-monestir.jpg 1290w, https:\/\/cocinasmetodo.es\/wp-content\/uploads\/2022\/03\/laura-mascunan-proyecto-monestir-224x300.jpg 224w, https:\/\/cocinasmetodo.es\/wp-content\/uploads\/2022\/03\/laura-mascunan-proyecto-monestir-771x1030.jpg 771w, https:\/\/cocinasmetodo.es\/wp-content\/uploads\/2022\/03\/laura-mascunan-proyecto-monestir-768x1026.jpg 768w, https:\/\/cocinasmetodo.es\/wp-content\/uploads\/2022\/03\/laura-mascunan-proyecto-monestir-1149x1536.jpg 1149w, https:\/\/cocinasmetodo.es\/wp-content\/uploads\/2022\/03\/laura-mascunan-proyecto-monestir-1122x1500.jpg 1122w, https:\/\/cocinasmetodo.es\/wp-content\/uploads\/2022\/03\/laura-mascunan-proyecto-monestir-528x705.jpg 528w, https:\/\/cocinasmetodo.es\/wp-content\/uploads\/2022\/03\/laura-mascunan-proyecto-monestir-600x802-600x802-600x802.jpg 600w\" sizes=\"auto, (max-width: 1290px) 100vw, 1290px\" \/><\/p>\n<div  class='avia-button-wrap avia-button-center  avia-builder-el-0  el_before_av_buttonrow  avia-builder-el-first '>\n<style type=\"text\/css\" data-created_by=\"avia_inline_auto\" id=\"style-css-av-2wb8yc-11e2e0e284a718df8c86509dbbc8172c\">\n#top #wrap_all .avia-button.av-2wb8yc-11e2e0e284a718df8c86509dbbc8172c:hover{\ncolor:white;\ntransition:all 0.4s ease-in-out;\n}\n#top #wrap_all .avia-button.av-2wb8yc-11e2e0e284a718df8c86509dbbc8172c:hover .avia-svg-icon svg:first-child{\nfill:white;\nstroke:white;\n}\n<\/style>\n<a href='https:\/\/cocinasmetodo.es\/cocinas\/' class='avia-color-theme-color avia-font-color-theme-color avia-button avia-button-fullwidth av-2wb8yc-11e2e0e284a718df8c86509dbbc8172c avia-icon_select-no avia-color-theme-color'   aria-label=\"VOIR LES CUISINES\"><span class='avia_iconbox_title' >VOIR LES CUISINES<\/span><span class='avia_button_background avia-button avia-button-fullwidth avia-color-theme-color-highlight'><\/span><\/a><\/div>\n<p>&nbsp;<\/p>\n<hr \/>\n<div  class='avia-buttonrow-wrap av-1y6twi-3e7ea6a37514e6a4fd51ac3049db817d avia-buttonrow-center  avia-builder-el-1  el_after_av_button_big  avia-builder-el-no-sibling '>\n\n<style type=\"text\/css\" data-created_by=\"avia_inline_auto\" id=\"style-css-av-kwnf4ref-d3eeec7100204f0ca80f01b6bc691e05\">\n#top #wrap_all .avia-button.av-kwnf4ref-d3eeec7100204f0ca80f01b6bc691e05{\nmargin-bottom:5px;\nmargin-right:3px;\nmargin-left:3px;\n}\n<\/style>\n<a href='https:\/\/cocinasmetodo.es\/fr\/contacto\/'  class='avia-button av-kwnf4ref-d3eeec7100204f0ca80f01b6bc691e05 avia-icon_select-no avia-size-medium avia-color-theme-color'   aria-label=\"AVEZ-VOUS BESOIN D\u2019UN BUDGET ?\"><span class='avia_iconbox_title' >AVEZ-VOUS BESOIN D\u2019UN BUDGET ?<\/span><\/a>\n\n<style type=\"text\/css\" data-created_by=\"avia_inline_auto\" id=\"style-css-av-kwnf5nlq-6dbd4570cc2c7a1e56ae090b5c0c7c19\">\n#top #wrap_all .avia-button.av-kwnf5nlq-6dbd4570cc2c7a1e56ae090b5c0c7c19{\nmargin-bottom:5px;\nmargin-right:3px;\nmargin-left:3px;\n}\n<\/style>\n<a href='https:\/\/cocinasmetodo.es\/fr\/contacto\/'  class='avia-button av-kwnf5nlq-6dbd4570cc2c7a1e56ae090b5c0c7c19 avia-icon_select-no avia-size-medium avia-color-theme-color'   aria-label=\"VOUS SOUHAITEZ PUBLIER UN PROJET ?\"><span class='avia_iconbox_title' >VOUS SOUHAITEZ PUBLIER UN PROJET ?<\/span><\/a>\n\n<style type=\"text\/css\" data-created_by=\"avia_inline_auto\" id=\"style-css-av-kwnf6k50-9e8dc149f2bac61c5782f6a3b98dfa0e\">\n#top #wrap_all .avia-button.av-kwnf6k50-9e8dc149f2bac61c5782f6a3b98dfa0e{\nmargin-bottom:5px;\nmargin-right:3px;\nmargin-left:3px;\n}\n<\/style>\n<a href='https:\/\/cocinasmetodo.es\/fr\/contacto\/'  class='avia-button av-kwnf6k50-9e8dc149f2bac61c5782f6a3b98dfa0e avia-icon_select-no avia-size-medium avia-color-theme-color'   aria-label=\"VOUS VOULEZ VOIR UNE CUISINE M\u00c9TODO?\"><span class='avia_iconbox_title' >VOUS VOULEZ VOIR UNE CUISINE M\u00c9TODO?<\/span><\/a>\n<\/div>\n<hr \/>\n<p>&nbsp;<\/p>\n","protected":false},"excerpt":{"rendered":"<p>Le prestigieux magazine du secteur de cuisines et bains, , COCINAS Y BA\u00d1OS de Curt Ediciones, pr\u00e9sente dans son NUM\u00c9RO 385 un rapport \u00ab\u00a0ESPACES OUVERTS \u00c0 VIVRE\u00a0\u00bb consacr\u00e9 exclusivement au projet de LAURA MASCU\u00d1AN avec cuisine de M\u00e9thode et qui se concentre sur la mani\u00e8re d&rsquo;int\u00e9grer la cuisine dans les espaces de maison.<\/p>\n","protected":false},"author":1,"featured_media":4889,"comment_status":"open","ping_status":"open","sticky":false,"template":"","format":"standard","meta":{"footnotes":""},"categories":[121],"tags":[208,232,170,60,163],"class_list":["post-4891","post","type-post","status-publish","format-standard","has-post-thumbnail","hentry","category-prensa-fr","tag-curt-ediciones","tag-interiorismo-fr","tag-laura-mascunan-fr","tag-reforma-cocina-fr","tag-revista-cocinas-y-banos-fr"],"yoast_head":"<!-- This site is optimized with the Yoast SEO plugin v27.2 - https:\/\/yoast.com\/product\/yoast-seo-wordpress\/ -->\n<title>COCINAS Y BA\u00d1OS publie le projet de Laura Mascu\u00f1an avec la cuisine de M\u00e9todo - m\u00e9todo<\/title>\n<meta name=\"description\" content=\"Le prestigieux magazine du secteur de cuisines et bains, , COCINAS Y BA\u00d1OS de Curt Ediciones, pr\u00e9sente dans son NUM\u00c9RO 385 un rapport &quot;ESPACES OUVERTS \u00c0 VIVRE&quot; consacr\u00e9 exclusivement au projet de LAURA MASCU\u00d1AN avec cuisine de M\u00e9thode et qui se concentre sur la mani\u00e8re d&#039;int\u00e9grer la cuisine dans les espaces de maison.\" \/>\n<meta name=\"robots\" content=\"index, follow, max-snippet:-1, max-image-preview:large, max-video-preview:-1\" \/>\n<link rel=\"canonical\" href=\"https:\/\/cocinasmetodo.es\/fr\/cocinas-y-banos-publie-le-projet-de-laura-mascunan-avec-la-cuisine-de-metodo\/\" \/>\n<meta property=\"og:locale\" content=\"fr_FR\" \/>\n<meta property=\"og:type\" content=\"article\" \/>\n<meta property=\"og:title\" content=\"COCINAS Y BA\u00d1OS publie le projet de Laura Mascu\u00f1an avec la cuisine de M\u00e9todo - m\u00e9todo\" \/>\n<meta property=\"og:description\" content=\"Le prestigieux magazine du secteur de cuisines et bains, , COCINAS Y BA\u00d1OS de Curt Ediciones, pr\u00e9sente dans son NUM\u00c9RO 385 un rapport &quot;ESPACES OUVERTS \u00c0 VIVRE&quot; consacr\u00e9 exclusivement au projet de LAURA MASCU\u00d1AN avec cuisine de M\u00e9thode et qui se concentre sur la mani\u00e8re d&#039;int\u00e9grer la cuisine dans les espaces de maison.\" \/>\n<meta property=\"og:url\" content=\"https:\/\/cocinasmetodo.es\/fr\/cocinas-y-banos-publie-le-projet-de-laura-mascunan-avec-la-cuisine-de-metodo\/\" \/>\n<meta property=\"og:site_name\" content=\"m\u00e9todo\" \/>\n<meta property=\"article:published_time\" content=\"2023-02-06T08:29:49+00:00\" \/>\n<meta property=\"og:image\" content=\"https:\/\/cocinasmetodo.es\/wp-content\/uploads\/2023\/01\/COCINAS-Y-BANOS-N385.jpg\" \/>\n\t<meta property=\"og:image:width\" content=\"1276\" \/>\n\t<meta property=\"og:image:height\" content=\"2000\" \/>\n\t<meta property=\"og:image:type\" content=\"image\/jpeg\" \/>\n<meta name=\"author\" content=\"admin\" \/>\n<meta name=\"twitter:card\" content=\"summary_large_image\" \/>\n<meta name=\"twitter:label1\" content=\"\u00c9crit par\" \/>\n\t<meta name=\"twitter:data1\" content=\"admin\" \/>\n\t<meta name=\"twitter:label2\" content=\"Dur\u00e9e de lecture estim\u00e9e\" \/>\n\t<meta name=\"twitter:data2\" content=\"5 minutes\" \/>\n<script type=\"application\/ld+json\" class=\"yoast-schema-graph\">{\"@context\":\"https:\/\/schema.org\",\"@graph\":[{\"@type\":\"Article\",\"@id\":\"https:\/\/cocinasmetodo.es\/fr\/cocinas-y-banos-publie-le-projet-de-laura-mascunan-avec-la-cuisine-de-metodo\/#article\",\"isPartOf\":{\"@id\":\"https:\/\/cocinasmetodo.es\/fr\/cocinas-y-banos-publie-le-projet-de-laura-mascunan-avec-la-cuisine-de-metodo\/\"},\"author\":{\"name\":\"admin\",\"@id\":\"https:\/\/cocinasmetodo.es\/#\/schema\/person\/cf74899f07207d3cb6021e2e6f17241f\"},\"headline\":\"COCINAS Y BA\u00d1OS publie le projet de Laura Mascu\u00f1an avec la cuisine de M\u00e9todo\",\"datePublished\":\"2023-02-06T08:29:49+00:00\",\"mainEntityOfPage\":{\"@id\":\"https:\/\/cocinasmetodo.es\/fr\/cocinas-y-banos-publie-le-projet-de-laura-mascunan-avec-la-cuisine-de-metodo\/\"},\"wordCount\":1461,\"commentCount\":0,\"publisher\":{\"@id\":\"https:\/\/cocinasmetodo.es\/#organization\"},\"image\":{\"@id\":\"https:\/\/cocinasmetodo.es\/fr\/cocinas-y-banos-publie-le-projet-de-laura-mascunan-avec-la-cuisine-de-metodo\/#primaryimage\"},\"thumbnailUrl\":\"https:\/\/cocinasmetodo.es\/wp-content\/uploads\/2023\/01\/COCINAS-Y-BANOS-N385.jpg\",\"keywords\":[\"curt ediciones\",\"Interiorismo\",\"Laura Mascu\u00f1an\",\"reforma cocina\",\"revista cocinas y ba\u00f1os\"],\"articleSection\":[\"Prensa\"],\"inLanguage\":\"fr-FR\",\"potentialAction\":[{\"@type\":\"CommentAction\",\"name\":\"Comment\",\"target\":[\"https:\/\/cocinasmetodo.es\/fr\/cocinas-y-banos-publie-le-projet-de-laura-mascunan-avec-la-cuisine-de-metodo\/#respond\"]}]},{\"@type\":\"WebPage\",\"@id\":\"https:\/\/cocinasmetodo.es\/fr\/cocinas-y-banos-publie-le-projet-de-laura-mascunan-avec-la-cuisine-de-metodo\/\",\"url\":\"https:\/\/cocinasmetodo.es\/fr\/cocinas-y-banos-publie-le-projet-de-laura-mascunan-avec-la-cuisine-de-metodo\/\",\"name\":\"COCINAS Y BA\u00d1OS publie le projet de Laura Mascu\u00f1an avec la cuisine de M\u00e9todo - m\u00e9todo\",\"isPartOf\":{\"@id\":\"https:\/\/cocinasmetodo.es\/#website\"},\"primaryImageOfPage\":{\"@id\":\"https:\/\/cocinasmetodo.es\/fr\/cocinas-y-banos-publie-le-projet-de-laura-mascunan-avec-la-cuisine-de-metodo\/#primaryimage\"},\"image\":{\"@id\":\"https:\/\/cocinasmetodo.es\/fr\/cocinas-y-banos-publie-le-projet-de-laura-mascunan-avec-la-cuisine-de-metodo\/#primaryimage\"},\"thumbnailUrl\":\"https:\/\/cocinasmetodo.es\/wp-content\/uploads\/2023\/01\/COCINAS-Y-BANOS-N385.jpg\",\"datePublished\":\"2023-02-06T08:29:49+00:00\",\"description\":\"Le prestigieux magazine du secteur de cuisines et bains, , COCINAS Y BA\u00d1OS de Curt Ediciones, pr\u00e9sente dans son NUM\u00c9RO 385 un rapport \\\"ESPACES OUVERTS \u00c0 VIVRE\\\" consacr\u00e9 exclusivement au projet de LAURA MASCU\u00d1AN avec cuisine de M\u00e9thode et qui se concentre sur la mani\u00e8re d'int\u00e9grer la cuisine dans les espaces de maison.\",\"breadcrumb\":{\"@id\":\"https:\/\/cocinasmetodo.es\/fr\/cocinas-y-banos-publie-le-projet-de-laura-mascunan-avec-la-cuisine-de-metodo\/#breadcrumb\"},\"inLanguage\":\"fr-FR\",\"potentialAction\":[{\"@type\":\"ReadAction\",\"target\":[\"https:\/\/cocinasmetodo.es\/fr\/cocinas-y-banos-publie-le-projet-de-laura-mascunan-avec-la-cuisine-de-metodo\/\"]}]},{\"@type\":\"ImageObject\",\"inLanguage\":\"fr-FR\",\"@id\":\"https:\/\/cocinasmetodo.es\/fr\/cocinas-y-banos-publie-le-projet-de-laura-mascunan-avec-la-cuisine-de-metodo\/#primaryimage\",\"url\":\"https:\/\/cocinasmetodo.es\/wp-content\/uploads\/2023\/01\/COCINAS-Y-BANOS-N385.jpg\",\"contentUrl\":\"https:\/\/cocinasmetodo.es\/wp-content\/uploads\/2023\/01\/COCINAS-Y-BANOS-N385.jpg\",\"width\":1276,\"height\":2000},{\"@type\":\"BreadcrumbList\",\"@id\":\"https:\/\/cocinasmetodo.es\/fr\/cocinas-y-banos-publie-le-projet-de-laura-mascunan-avec-la-cuisine-de-metodo\/#breadcrumb\",\"itemListElement\":[{\"@type\":\"ListItem\",\"position\":1,\"name\":\"Portada\",\"item\":\"https:\/\/cocinasmetodo.es\/fr\/\"},{\"@type\":\"ListItem\",\"position\":2,\"name\":\"COCINAS Y BA\u00d1OS publie le projet de Laura Mascu\u00f1an avec la cuisine de M\u00e9todo\"}]},{\"@type\":\"WebSite\",\"@id\":\"https:\/\/cocinasmetodo.es\/#website\",\"url\":\"https:\/\/cocinasmetodo.es\/\",\"name\":\"m\u00e9todo\",\"description\":\"Daily Kitchens\",\"publisher\":{\"@id\":\"https:\/\/cocinasmetodo.es\/#organization\"},\"potentialAction\":[{\"@type\":\"SearchAction\",\"target\":{\"@type\":\"EntryPoint\",\"urlTemplate\":\"https:\/\/cocinasmetodo.es\/?s={search_term_string}\"},\"query-input\":{\"@type\":\"PropertyValueSpecification\",\"valueRequired\":true,\"valueName\":\"search_term_string\"}}],\"inLanguage\":\"fr-FR\"},{\"@type\":\"Organization\",\"@id\":\"https:\/\/cocinasmetodo.es\/#organization\",\"name\":\"m\u00e9todo\",\"url\":\"https:\/\/cocinasmetodo.es\/\",\"logo\":{\"@type\":\"ImageObject\",\"inLanguage\":\"fr-FR\",\"@id\":\"https:\/\/cocinasmetodo.es\/#\/schema\/logo\/image\/\",\"url\":\"https:\/\/cocinasmetodo.es\/wp-content\/uploads\/2021\/05\/logoweb.png\",\"contentUrl\":\"https:\/\/cocinasmetodo.es\/wp-content\/uploads\/2021\/05\/logoweb.png\",\"width\":1000,\"height\":528,\"caption\":\"m\u00e9todo\"},\"image\":{\"@id\":\"https:\/\/cocinasmetodo.es\/#\/schema\/logo\/image\/\"}},{\"@type\":\"Person\",\"@id\":\"https:\/\/cocinasmetodo.es\/#\/schema\/person\/cf74899f07207d3cb6021e2e6f17241f\",\"name\":\"admin\",\"image\":{\"@type\":\"ImageObject\",\"inLanguage\":\"fr-FR\",\"@id\":\"https:\/\/secure.gravatar.com\/avatar\/f81daeca33be8da0842690f149bc1081f003f3840397028f3faabf244c06927a?s=96&d=mm&r=g\",\"url\":\"https:\/\/secure.gravatar.com\/avatar\/f81daeca33be8da0842690f149bc1081f003f3840397028f3faabf244c06927a?s=96&d=mm&r=g\",\"contentUrl\":\"https:\/\/secure.gravatar.com\/avatar\/f81daeca33be8da0842690f149bc1081f003f3840397028f3faabf244c06927a?s=96&d=mm&r=g\",\"caption\":\"admin\"},\"sameAs\":[\"https:\/\/cocinasmetodo.es\/website2021\"]}]}<\/script>\n<!-- \/ Yoast SEO plugin. -->","yoast_head_json":{"title":"COCINAS Y BA\u00d1OS publie le projet de Laura Mascu\u00f1an avec la cuisine de M\u00e9todo - m\u00e9todo","description":"Le prestigieux magazine du secteur de cuisines et bains, , COCINAS Y BA\u00d1OS de Curt Ediciones, pr\u00e9sente dans son NUM\u00c9RO 385 un rapport \"ESPACES OUVERTS \u00c0 VIVRE\" consacr\u00e9 exclusivement au projet de LAURA MASCU\u00d1AN avec cuisine de M\u00e9thode et qui se concentre sur la mani\u00e8re d'int\u00e9grer la cuisine dans les espaces de maison.","robots":{"index":"index","follow":"follow","max-snippet":"max-snippet:-1","max-image-preview":"max-image-preview:large","max-video-preview":"max-video-preview:-1"},"canonical":"https:\/\/cocinasmetodo.es\/fr\/cocinas-y-banos-publie-le-projet-de-laura-mascunan-avec-la-cuisine-de-metodo\/","og_locale":"fr_FR","og_type":"article","og_title":"COCINAS Y BA\u00d1OS publie le projet de Laura Mascu\u00f1an avec la cuisine de M\u00e9todo - m\u00e9todo","og_description":"Le prestigieux magazine du secteur de cuisines et bains, , COCINAS Y BA\u00d1OS de Curt Ediciones, pr\u00e9sente dans son NUM\u00c9RO 385 un rapport \"ESPACES OUVERTS \u00c0 VIVRE\" consacr\u00e9 exclusivement au projet de LAURA MASCU\u00d1AN avec cuisine de M\u00e9thode et qui se concentre sur la mani\u00e8re d'int\u00e9grer la cuisine dans les espaces de maison.","og_url":"https:\/\/cocinasmetodo.es\/fr\/cocinas-y-banos-publie-le-projet-de-laura-mascunan-avec-la-cuisine-de-metodo\/","og_site_name":"m\u00e9todo","article_published_time":"2023-02-06T08:29:49+00:00","og_image":[{"width":1276,"height":2000,"url":"https:\/\/cocinasmetodo.es\/wp-content\/uploads\/2023\/01\/COCINAS-Y-BANOS-N385.jpg","type":"image\/jpeg"}],"author":"admin","twitter_card":"summary_large_image","twitter_misc":{"\u00c9crit par":"admin","Dur\u00e9e de lecture estim\u00e9e":"5 minutes"},"schema":{"@context":"https:\/\/schema.org","@graph":[{"@type":"Article","@id":"https:\/\/cocinasmetodo.es\/fr\/cocinas-y-banos-publie-le-projet-de-laura-mascunan-avec-la-cuisine-de-metodo\/#article","isPartOf":{"@id":"https:\/\/cocinasmetodo.es\/fr\/cocinas-y-banos-publie-le-projet-de-laura-mascunan-avec-la-cuisine-de-metodo\/"},"author":{"name":"admin","@id":"https:\/\/cocinasmetodo.es\/#\/schema\/person\/cf74899f07207d3cb6021e2e6f17241f"},"headline":"COCINAS Y BA\u00d1OS publie le projet de Laura Mascu\u00f1an avec la cuisine de M\u00e9todo","datePublished":"2023-02-06T08:29:49+00:00","mainEntityOfPage":{"@id":"https:\/\/cocinasmetodo.es\/fr\/cocinas-y-banos-publie-le-projet-de-laura-mascunan-avec-la-cuisine-de-metodo\/"},"wordCount":1461,"commentCount":0,"publisher":{"@id":"https:\/\/cocinasmetodo.es\/#organization"},"image":{"@id":"https:\/\/cocinasmetodo.es\/fr\/cocinas-y-banos-publie-le-projet-de-laura-mascunan-avec-la-cuisine-de-metodo\/#primaryimage"},"thumbnailUrl":"https:\/\/cocinasmetodo.es\/wp-content\/uploads\/2023\/01\/COCINAS-Y-BANOS-N385.jpg","keywords":["curt ediciones","Interiorismo","Laura Mascu\u00f1an","reforma cocina","revista cocinas y ba\u00f1os"],"articleSection":["Prensa"],"inLanguage":"fr-FR","potentialAction":[{"@type":"CommentAction","name":"Comment","target":["https:\/\/cocinasmetodo.es\/fr\/cocinas-y-banos-publie-le-projet-de-laura-mascunan-avec-la-cuisine-de-metodo\/#respond"]}]},{"@type":"WebPage","@id":"https:\/\/cocinasmetodo.es\/fr\/cocinas-y-banos-publie-le-projet-de-laura-mascunan-avec-la-cuisine-de-metodo\/","url":"https:\/\/cocinasmetodo.es\/fr\/cocinas-y-banos-publie-le-projet-de-laura-mascunan-avec-la-cuisine-de-metodo\/","name":"COCINAS Y BA\u00d1OS publie le projet de Laura Mascu\u00f1an avec la cuisine de M\u00e9todo - m\u00e9todo","isPartOf":{"@id":"https:\/\/cocinasmetodo.es\/#website"},"primaryImageOfPage":{"@id":"https:\/\/cocinasmetodo.es\/fr\/cocinas-y-banos-publie-le-projet-de-laura-mascunan-avec-la-cuisine-de-metodo\/#primaryimage"},"image":{"@id":"https:\/\/cocinasmetodo.es\/fr\/cocinas-y-banos-publie-le-projet-de-laura-mascunan-avec-la-cuisine-de-metodo\/#primaryimage"},"thumbnailUrl":"https:\/\/cocinasmetodo.es\/wp-content\/uploads\/2023\/01\/COCINAS-Y-BANOS-N385.jpg","datePublished":"2023-02-06T08:29:49+00:00","description":"Le prestigieux magazine du secteur de cuisines et bains, , COCINAS Y BA\u00d1OS de Curt Ediciones, pr\u00e9sente dans son NUM\u00c9RO 385 un rapport \"ESPACES OUVERTS \u00c0 VIVRE\" consacr\u00e9 exclusivement au projet de LAURA MASCU\u00d1AN avec cuisine de M\u00e9thode et qui se concentre sur la mani\u00e8re d'int\u00e9grer la cuisine dans les espaces de maison.","breadcrumb":{"@id":"https:\/\/cocinasmetodo.es\/fr\/cocinas-y-banos-publie-le-projet-de-laura-mascunan-avec-la-cuisine-de-metodo\/#breadcrumb"},"inLanguage":"fr-FR","potentialAction":[{"@type":"ReadAction","target":["https:\/\/cocinasmetodo.es\/fr\/cocinas-y-banos-publie-le-projet-de-laura-mascunan-avec-la-cuisine-de-metodo\/"]}]},{"@type":"ImageObject","inLanguage":"fr-FR","@id":"https:\/\/cocinasmetodo.es\/fr\/cocinas-y-banos-publie-le-projet-de-laura-mascunan-avec-la-cuisine-de-metodo\/#primaryimage","url":"https:\/\/cocinasmetodo.es\/wp-content\/uploads\/2023\/01\/COCINAS-Y-BANOS-N385.jpg","contentUrl":"https:\/\/cocinasmetodo.es\/wp-content\/uploads\/2023\/01\/COCINAS-Y-BANOS-N385.jpg","width":1276,"height":2000},{"@type":"BreadcrumbList","@id":"https:\/\/cocinasmetodo.es\/fr\/cocinas-y-banos-publie-le-projet-de-laura-mascunan-avec-la-cuisine-de-metodo\/#breadcrumb","itemListElement":[{"@type":"ListItem","position":1,"name":"Portada","item":"https:\/\/cocinasmetodo.es\/fr\/"},{"@type":"ListItem","position":2,"name":"COCINAS Y BA\u00d1OS publie le projet de Laura Mascu\u00f1an avec la cuisine de M\u00e9todo"}]},{"@type":"WebSite","@id":"https:\/\/cocinasmetodo.es\/#website","url":"https:\/\/cocinasmetodo.es\/","name":"m\u00e9todo","description":"Daily Kitchens","publisher":{"@id":"https:\/\/cocinasmetodo.es\/#organization"},"potentialAction":[{"@type":"SearchAction","target":{"@type":"EntryPoint","urlTemplate":"https:\/\/cocinasmetodo.es\/?s={search_term_string}"},"query-input":{"@type":"PropertyValueSpecification","valueRequired":true,"valueName":"search_term_string"}}],"inLanguage":"fr-FR"},{"@type":"Organization","@id":"https:\/\/cocinasmetodo.es\/#organization","name":"m\u00e9todo","url":"https:\/\/cocinasmetodo.es\/","logo":{"@type":"ImageObject","inLanguage":"fr-FR","@id":"https:\/\/cocinasmetodo.es\/#\/schema\/logo\/image\/","url":"https:\/\/cocinasmetodo.es\/wp-content\/uploads\/2021\/05\/logoweb.png","contentUrl":"https:\/\/cocinasmetodo.es\/wp-content\/uploads\/2021\/05\/logoweb.png","width":1000,"height":528,"caption":"m\u00e9todo"},"image":{"@id":"https:\/\/cocinasmetodo.es\/#\/schema\/logo\/image\/"}},{"@type":"Person","@id":"https:\/\/cocinasmetodo.es\/#\/schema\/person\/cf74899f07207d3cb6021e2e6f17241f","name":"admin","image":{"@type":"ImageObject","inLanguage":"fr-FR","@id":"https:\/\/secure.gravatar.com\/avatar\/f81daeca33be8da0842690f149bc1081f003f3840397028f3faabf244c06927a?s=96&d=mm&r=g","url":"https:\/\/secure.gravatar.com\/avatar\/f81daeca33be8da0842690f149bc1081f003f3840397028f3faabf244c06927a?s=96&d=mm&r=g","contentUrl":"https:\/\/secure.gravatar.com\/avatar\/f81daeca33be8da0842690f149bc1081f003f3840397028f3faabf244c06927a?s=96&d=mm&r=g","caption":"admin"},"sameAs":["https:\/\/cocinasmetodo.es\/website2021"]}]}},"_links":{"self":[{"href":"https:\/\/cocinasmetodo.es\/fr\/wp-json\/wp\/v2\/posts\/4891","targetHints":{"allow":["GET"]}}],"collection":[{"href":"https:\/\/cocinasmetodo.es\/fr\/wp-json\/wp\/v2\/posts"}],"about":[{"href":"https:\/\/cocinasmetodo.es\/fr\/wp-json\/wp\/v2\/types\/post"}],"author":[{"embeddable":true,"href":"https:\/\/cocinasmetodo.es\/fr\/wp-json\/wp\/v2\/users\/1"}],"replies":[{"embeddable":true,"href":"https:\/\/cocinasmetodo.es\/fr\/wp-json\/wp\/v2\/comments?post=4891"}],"version-history":[{"count":5,"href":"https:\/\/cocinasmetodo.es\/fr\/wp-json\/wp\/v2\/posts\/4891\/revisions"}],"predecessor-version":[{"id":9075,"href":"https:\/\/cocinasmetodo.es\/fr\/wp-json\/wp\/v2\/posts\/4891\/revisions\/9075"}],"wp:featuredmedia":[{"embeddable":true,"href":"https:\/\/cocinasmetodo.es\/fr\/wp-json\/wp\/v2\/media\/4889"}],"wp:attachment":[{"href":"https:\/\/cocinasmetodo.es\/fr\/wp-json\/wp\/v2\/media?parent=4891"}],"wp:term":[{"taxonomy":"category","embeddable":true,"href":"https:\/\/cocinasmetodo.es\/fr\/wp-json\/wp\/v2\/categories?post=4891"},{"taxonomy":"post_tag","embeddable":true,"href":"https:\/\/cocinasmetodo.es\/fr\/wp-json\/wp\/v2\/tags?post=4891"}],"curies":[{"name":"wp","href":"https:\/\/api.w.org\/{rel}","templated":true}]}}