{"id":4712,"date":"2022-12-13T09:14:08","date_gmt":"2022-12-13T08:14:08","guid":{"rendered":"https:\/\/cocinasmetodo.es\/el-nuevo-modelo-602-destacado-en-la-revista-im-instalaciones-y-montaje-en-cocinas-y-banos\/"},"modified":"2022-12-13T10:00:33","modified_gmt":"2022-12-13T09:00:33","slug":"el-nuevo-modelo-602-destacado-en-la-revista-im-instalaciones-y-montaje-en-cocinas-y-banos","status":"publish","type":"post","link":"https:\/\/cocinasmetodo.es\/fr\/el-nuevo-modelo-602-destacado-en-la-revista-im-instalaciones-y-montaje-en-cocinas-y-banos\/","title":{"rendered":"Le nouveau mod\u00e8le 602 est pr\u00e9sent\u00e9 dans le magazine  IM INSTALACIONES Y MONTAJE EN COCINAS Y BA\u00d1OS"},"content":{"rendered":"<h3><strong>\u00ab\u00a0Des fa\u00e7ades encadr\u00e9es pour une cuisine intemporelle\u00a0\u00bb.<\/strong><\/h3>\n<p><strong><a href=\"https:\/\/www.imcb.info\/\">IMCB<\/a> Cocinas y Ba\u00f1os (Instalaciones y Montajes en Cocinas y Ba\u00f1os)<\/strong>: est une revue sp\u00e9cialis\u00e9e dans l&rsquo;environnement de la cuisine et de la salle de bain cr\u00e9\u00e9e pour les professionnels de l&rsquo;installation et le vendeur professionnel.Les derni\u00e8res nouvelles du secteur, les propositions de design et d&rsquo;installation, les \u00e9tudes de march\u00e9 et les tendances d\u00e9coratives et fonctionnelles permettent aux lecteurs d&rsquo;IM en Cocinas y Ba\u00f1os d&rsquo;\u00eatre pr\u00e9par\u00e9s pour donner une r\u00e9ponse efficace \u00e0 leurs clients, le consommateur final, et d&rsquo;\u00eatre au courant de tout ce qui concerne les produits et les designs des fabricants&#8230;..<\/p>\n<blockquote><p><strong>Dans l&rsquo;une de ses derni\u00e8res publications, le magazine num\u00e9rique IMCB souligne que \u00ab\u00a0Cocinas M\u00e9todo pr\u00e9sente M602, un espace culinaire qui se caract\u00e9rise par ses fa\u00e7ades laqu\u00e9es d&rsquo;un bleu intense qui incorporent un stratifi\u00e9 de bois d\u00e9coratif, donnant lieu \u00e0 une pi\u00e8ce accueillante avec beaucoup de personnalit\u00e9. Le design int\u00e9rieur est compl\u00e9t\u00e9 par des carreaux hydrauliques qui se combinent parfaitement avec le mobilier\u00a0\u00bb.<\/strong><\/p><\/blockquote>\n<p><strong>L&rsquo;entreprise Cocinas M\u00e9todo<\/strong> nous pr\u00e9sente des cuisines aux fa\u00e7ades encadr\u00e9es, au style intemporel, qui s&rsquo;int\u00e8grent parfaitement \u00e0 la nouvelle d\u00e9coration int\u00e9rieure chaleureuse.\u00a0La combinaison des motifs de la fa\u00e7ade moul\u00e9e avec la couleur offre tout un monde de nouvelles possibilit\u00e9s pour la d\u00e9coration de la cuisine. Le d\u00e9tail de la porte donne une impression d&rsquo;espace confortable.<\/p>\n<p>Et lorsqu&rsquo;il s&rsquo;agit de choisir une couleur, laquelle est la plus appropri\u00e9e ? Beaucoup sont appropri\u00e9s et avec certains d&rsquo;entre eux, nous pouvons obtenir un effet unique qui fera de notre cuisine un espace singulier.<\/p>\n<p>Dans cette cuisine, <strong>une fa\u00e7ade en laque bleu intense a \u00e9t\u00e9 associ\u00e9e \u00e0 des d\u00e9corations apparentes en bois stratifi\u00e9.\u00a0Le d\u00e9tail du spot LED ins\u00e9r\u00e9 dans les \u00e9tag\u00e8res cr\u00e9e une atmosph\u00e8re stimulante.<\/strong><\/p>\n<h3><strong>LIRE L&rsquo;ARTICLE<\/strong><\/h3>\n<h3><\/h3>\n<p><img loading=\"lazy\" decoding=\"async\" class=\"alignnone size-full wp-image-4695\" src=\"https:\/\/cocinasmetodo.es\/wp-content\/uploads\/2022\/12\/METODO-Stories-IMCB-12-2022.gif\" alt=\"\" width=\"648\" height=\"1152\" \/><\/p>\n<p>&nbsp;<\/p>\n<hr \/>\n<div  class='avia-buttonrow-wrap av-1y6twi-3e7ea6a37514e6a4fd51ac3049db817d avia-buttonrow-center  avia-builder-el-0  avia-builder-el-no-sibling '>\n\n<style type=\"text\/css\" data-created_by=\"avia_inline_auto\" id=\"style-css-av-kwnf4ref-d3eeec7100204f0ca80f01b6bc691e05\">\n#top #wrap_all .avia-button.av-kwnf4ref-d3eeec7100204f0ca80f01b6bc691e05{\nmargin-bottom:5px;\nmargin-right:3px;\nmargin-left:3px;\n}\n<\/style>\n<a href='https:\/\/cocinasmetodo.es\/fr\/contacto\/'  class='avia-button av-kwnf4ref-d3eeec7100204f0ca80f01b6bc691e05 avia-icon_select-no avia-size-medium avia-color-theme-color'   aria-label=\"AVEZ-VOUS BESOIN D\u2019UN BUDGET ?\"><span class='avia_iconbox_title' >AVEZ-VOUS BESOIN D\u2019UN BUDGET ?<\/span><\/a>\n\n<style type=\"text\/css\" data-created_by=\"avia_inline_auto\" id=\"style-css-av-kwnf5nlq-6dbd4570cc2c7a1e56ae090b5c0c7c19\">\n#top #wrap_all .avia-button.av-kwnf5nlq-6dbd4570cc2c7a1e56ae090b5c0c7c19{\nmargin-bottom:5px;\nmargin-right:3px;\nmargin-left:3px;\n}\n<\/style>\n<a href='https:\/\/cocinasmetodo.es\/fr\/contacto\/'  class='avia-button av-kwnf5nlq-6dbd4570cc2c7a1e56ae090b5c0c7c19 avia-icon_select-no avia-size-medium avia-color-theme-color'   aria-label=\"VOUS SOUHAITEZ PUBLIER UN PROJET ?\"><span class='avia_iconbox_title' >VOUS SOUHAITEZ PUBLIER UN PROJET ?<\/span><\/a>\n\n<style type=\"text\/css\" data-created_by=\"avia_inline_auto\" id=\"style-css-av-kwnf6k50-9e8dc149f2bac61c5782f6a3b98dfa0e\">\n#top #wrap_all .avia-button.av-kwnf6k50-9e8dc149f2bac61c5782f6a3b98dfa0e{\nmargin-bottom:5px;\nmargin-right:3px;\nmargin-left:3px;\n}\n<\/style>\n<a href='https:\/\/cocinasmetodo.es\/fr\/contacto\/'  class='avia-button av-kwnf6k50-9e8dc149f2bac61c5782f6a3b98dfa0e avia-icon_select-no avia-size-medium avia-color-theme-color'   aria-label=\"VOUS VOULEZ VOIR UNE CUISINE M\u00c9TODO?\"><span class='avia_iconbox_title' >VOUS VOULEZ VOIR UNE CUISINE M\u00c9TODO?<\/span><\/a>\n<\/div>\n<hr \/>\n<p>&nbsp;<\/p>\n","protected":false},"excerpt":{"rendered":"<p>Dans l&rsquo;une de ses derni\u00e8res publications, le magazine num\u00e9rique IMCB souligne que \u00ab\u00a0Cocinas M\u00e9todo pr\u00e9sente M602, un espace culinaire qui se caract\u00e9rise par ses fa\u00e7ades laqu\u00e9es d&rsquo;un bleu intense qui incorporent un stratifi\u00e9 de bois d\u00e9coratif, donnant lieu \u00e0 une pi\u00e8ce accueillante avec beaucoup de personnalit\u00e9. Le design int\u00e9rieur est compl\u00e9t\u00e9 par des carreaux hydrauliques qui se combinent parfaitement avec le mobilier\u00a0\u00bb.<\/p>\n","protected":false},"author":1,"featured_media":4698,"comment_status":"open","ping_status":"open","sticky":false,"template":"","format":"standard","meta":{"footnotes":""},"categories":[121],"tags":[59,243,124,203],"class_list":["post-4712","post","type-post","status-publish","format-standard","has-post-thumbnail","hentry","category-prensa-fr","tag-cocinas-fr","tag-instalaciones-y-montajes-de-cocinas-y-banos-fr","tag-prensa-interiorismo-fr","tag-revista-imcb-fr"],"yoast_head":"<!-- This site is optimized with the Yoast SEO plugin v27.2 - https:\/\/yoast.com\/product\/yoast-seo-wordpress\/ -->\n<title>Le nouveau mod\u00e8le 602 est pr\u00e9sent\u00e9 dans le magazine IM INSTALACIONES Y MONTAJE EN COCINAS Y BA\u00d1OS - m\u00e9todo<\/title>\n<meta name=\"description\" content=\"Dans l&#039;une de ses derni\u00e8res publications, le magazine num\u00e9rique IMCB souligne que &quot;Cocinas M\u00e9todo pr\u00e9sente M602, un espace culinaire qui se caract\u00e9rise par ses fa\u00e7ades laqu\u00e9es d&#039;un bleu intense qui incorporent un stratifi\u00e9 de bois d\u00e9coratif, donnant lieu \u00e0 une pi\u00e8ce accueillante avec beaucoup de personnalit\u00e9. Le design int\u00e9rieur est compl\u00e9t\u00e9 par des carreaux hydrauliques qui se combinent parfaitement avec le mobilier&quot;.\" \/>\n<meta name=\"robots\" content=\"index, follow, max-snippet:-1, max-image-preview:large, max-video-preview:-1\" \/>\n<link rel=\"canonical\" href=\"https:\/\/cocinasmetodo.es\/fr\/el-nuevo-modelo-602-destacado-en-la-revista-im-instalaciones-y-montaje-en-cocinas-y-banos\/\" \/>\n<meta property=\"og:locale\" content=\"fr_FR\" \/>\n<meta property=\"og:type\" content=\"article\" \/>\n<meta property=\"og:title\" content=\"Le nouveau mod\u00e8le 602 est pr\u00e9sent\u00e9 dans le magazine IM INSTALACIONES Y MONTAJE EN COCINAS Y BA\u00d1OS - m\u00e9todo\" \/>\n<meta property=\"og:description\" content=\"Dans l&#039;une de ses derni\u00e8res publications, le magazine num\u00e9rique IMCB souligne que &quot;Cocinas M\u00e9todo pr\u00e9sente M602, un espace culinaire qui se caract\u00e9rise par ses fa\u00e7ades laqu\u00e9es d&#039;un bleu intense qui incorporent un stratifi\u00e9 de bois d\u00e9coratif, donnant lieu \u00e0 une pi\u00e8ce accueillante avec beaucoup de personnalit\u00e9. Le design int\u00e9rieur est compl\u00e9t\u00e9 par des carreaux hydrauliques qui se combinent parfaitement avec le mobilier&quot;.\" \/>\n<meta property=\"og:url\" content=\"https:\/\/cocinasmetodo.es\/fr\/el-nuevo-modelo-602-destacado-en-la-revista-im-instalaciones-y-montaje-en-cocinas-y-banos\/\" \/>\n<meta property=\"og:site_name\" content=\"m\u00e9todo\" \/>\n<meta property=\"article:published_time\" content=\"2022-12-13T08:14:08+00:00\" \/>\n<meta property=\"article:modified_time\" content=\"2022-12-13T09:00:33+00:00\" \/>\n<meta property=\"og:image\" content=\"https:\/\/cocinasmetodo.es\/wp-content\/uploads\/2022\/12\/imcb-cocinas-metodo-dic-2022.jpg\" \/>\n\t<meta property=\"og:image:width\" content=\"1124\" \/>\n\t<meta property=\"og:image:height\" content=\"2000\" \/>\n\t<meta property=\"og:image:type\" content=\"image\/jpeg\" \/>\n<meta name=\"author\" content=\"admin\" \/>\n<meta name=\"twitter:card\" content=\"summary_large_image\" \/>\n<meta name=\"twitter:label1\" content=\"\u00c9crit par\" \/>\n\t<meta name=\"twitter:data1\" content=\"admin\" \/>\n\t<meta name=\"twitter:label2\" content=\"Dur\u00e9e de lecture estim\u00e9e\" \/>\n\t<meta name=\"twitter:data2\" content=\"3 minutes\" \/>\n<script type=\"application\/ld+json\" class=\"yoast-schema-graph\">{\"@context\":\"https:\/\/schema.org\",\"@graph\":[{\"@type\":\"Article\",\"@id\":\"https:\/\/cocinasmetodo.es\/fr\/el-nuevo-modelo-602-destacado-en-la-revista-im-instalaciones-y-montaje-en-cocinas-y-banos\/#article\",\"isPartOf\":{\"@id\":\"https:\/\/cocinasmetodo.es\/fr\/el-nuevo-modelo-602-destacado-en-la-revista-im-instalaciones-y-montaje-en-cocinas-y-banos\/\"},\"author\":{\"name\":\"admin\",\"@id\":\"https:\/\/cocinasmetodo.es\/#\/schema\/person\/cf74899f07207d3cb6021e2e6f17241f\"},\"headline\":\"Le nouveau mod\u00e8le 602 est pr\u00e9sent\u00e9 dans le magazine IM INSTALACIONES Y MONTAJE EN COCINAS Y BA\u00d1OS\",\"datePublished\":\"2022-12-13T08:14:08+00:00\",\"dateModified\":\"2022-12-13T09:00:33+00:00\",\"mainEntityOfPage\":{\"@id\":\"https:\/\/cocinasmetodo.es\/fr\/el-nuevo-modelo-602-destacado-en-la-revista-im-instalaciones-y-montaje-en-cocinas-y-banos\/\"},\"wordCount\":822,\"commentCount\":0,\"publisher\":{\"@id\":\"https:\/\/cocinasmetodo.es\/#organization\"},\"image\":{\"@id\":\"https:\/\/cocinasmetodo.es\/fr\/el-nuevo-modelo-602-destacado-en-la-revista-im-instalaciones-y-montaje-en-cocinas-y-banos\/#primaryimage\"},\"thumbnailUrl\":\"https:\/\/cocinasmetodo.es\/wp-content\/uploads\/2022\/12\/imcb-cocinas-metodo-dic-2022.jpg\",\"keywords\":[\"cocinas\",\"Instalaciones y Montajes de cocinas y ba\u00f1os\",\"prensa interiorismo\",\"revista IMCB\"],\"articleSection\":[\"Prensa\"],\"inLanguage\":\"fr-FR\",\"potentialAction\":[{\"@type\":\"CommentAction\",\"name\":\"Comment\",\"target\":[\"https:\/\/cocinasmetodo.es\/fr\/el-nuevo-modelo-602-destacado-en-la-revista-im-instalaciones-y-montaje-en-cocinas-y-banos\/#respond\"]}]},{\"@type\":\"WebPage\",\"@id\":\"https:\/\/cocinasmetodo.es\/fr\/el-nuevo-modelo-602-destacado-en-la-revista-im-instalaciones-y-montaje-en-cocinas-y-banos\/\",\"url\":\"https:\/\/cocinasmetodo.es\/fr\/el-nuevo-modelo-602-destacado-en-la-revista-im-instalaciones-y-montaje-en-cocinas-y-banos\/\",\"name\":\"Le nouveau mod\u00e8le 602 est pr\u00e9sent\u00e9 dans le magazine IM INSTALACIONES Y MONTAJE EN COCINAS Y BA\u00d1OS - m\u00e9todo\",\"isPartOf\":{\"@id\":\"https:\/\/cocinasmetodo.es\/#website\"},\"primaryImageOfPage\":{\"@id\":\"https:\/\/cocinasmetodo.es\/fr\/el-nuevo-modelo-602-destacado-en-la-revista-im-instalaciones-y-montaje-en-cocinas-y-banos\/#primaryimage\"},\"image\":{\"@id\":\"https:\/\/cocinasmetodo.es\/fr\/el-nuevo-modelo-602-destacado-en-la-revista-im-instalaciones-y-montaje-en-cocinas-y-banos\/#primaryimage\"},\"thumbnailUrl\":\"https:\/\/cocinasmetodo.es\/wp-content\/uploads\/2022\/12\/imcb-cocinas-metodo-dic-2022.jpg\",\"datePublished\":\"2022-12-13T08:14:08+00:00\",\"dateModified\":\"2022-12-13T09:00:33+00:00\",\"description\":\"Dans l'une de ses derni\u00e8res publications, le magazine num\u00e9rique IMCB souligne que \\\"Cocinas M\u00e9todo pr\u00e9sente M602, un espace culinaire qui se caract\u00e9rise par ses fa\u00e7ades laqu\u00e9es d'un bleu intense qui incorporent un stratifi\u00e9 de bois d\u00e9coratif, donnant lieu \u00e0 une pi\u00e8ce accueillante avec beaucoup de personnalit\u00e9. Le design int\u00e9rieur est compl\u00e9t\u00e9 par des carreaux hydrauliques qui se combinent parfaitement avec le mobilier\\\".\",\"breadcrumb\":{\"@id\":\"https:\/\/cocinasmetodo.es\/fr\/el-nuevo-modelo-602-destacado-en-la-revista-im-instalaciones-y-montaje-en-cocinas-y-banos\/#breadcrumb\"},\"inLanguage\":\"fr-FR\",\"potentialAction\":[{\"@type\":\"ReadAction\",\"target\":[\"https:\/\/cocinasmetodo.es\/fr\/el-nuevo-modelo-602-destacado-en-la-revista-im-instalaciones-y-montaje-en-cocinas-y-banos\/\"]}]},{\"@type\":\"ImageObject\",\"inLanguage\":\"fr-FR\",\"@id\":\"https:\/\/cocinasmetodo.es\/fr\/el-nuevo-modelo-602-destacado-en-la-revista-im-instalaciones-y-montaje-en-cocinas-y-banos\/#primaryimage\",\"url\":\"https:\/\/cocinasmetodo.es\/wp-content\/uploads\/2022\/12\/imcb-cocinas-metodo-dic-2022.jpg\",\"contentUrl\":\"https:\/\/cocinasmetodo.es\/wp-content\/uploads\/2022\/12\/imcb-cocinas-metodo-dic-2022.jpg\",\"width\":1124,\"height\":2000},{\"@type\":\"BreadcrumbList\",\"@id\":\"https:\/\/cocinasmetodo.es\/fr\/el-nuevo-modelo-602-destacado-en-la-revista-im-instalaciones-y-montaje-en-cocinas-y-banos\/#breadcrumb\",\"itemListElement\":[{\"@type\":\"ListItem\",\"position\":1,\"name\":\"Portada\",\"item\":\"https:\/\/cocinasmetodo.es\/fr\/\"},{\"@type\":\"ListItem\",\"position\":2,\"name\":\"Le nouveau mod\u00e8le 602 est pr\u00e9sent\u00e9 dans le magazine IM INSTALACIONES Y MONTAJE EN COCINAS Y BA\u00d1OS\"}]},{\"@type\":\"WebSite\",\"@id\":\"https:\/\/cocinasmetodo.es\/#website\",\"url\":\"https:\/\/cocinasmetodo.es\/\",\"name\":\"m\u00e9todo\",\"description\":\"Daily Kitchens\",\"publisher\":{\"@id\":\"https:\/\/cocinasmetodo.es\/#organization\"},\"potentialAction\":[{\"@type\":\"SearchAction\",\"target\":{\"@type\":\"EntryPoint\",\"urlTemplate\":\"https:\/\/cocinasmetodo.es\/?s={search_term_string}\"},\"query-input\":{\"@type\":\"PropertyValueSpecification\",\"valueRequired\":true,\"valueName\":\"search_term_string\"}}],\"inLanguage\":\"fr-FR\"},{\"@type\":\"Organization\",\"@id\":\"https:\/\/cocinasmetodo.es\/#organization\",\"name\":\"m\u00e9todo\",\"url\":\"https:\/\/cocinasmetodo.es\/\",\"logo\":{\"@type\":\"ImageObject\",\"inLanguage\":\"fr-FR\",\"@id\":\"https:\/\/cocinasmetodo.es\/#\/schema\/logo\/image\/\",\"url\":\"https:\/\/cocinasmetodo.es\/wp-content\/uploads\/2021\/05\/logoweb.png\",\"contentUrl\":\"https:\/\/cocinasmetodo.es\/wp-content\/uploads\/2021\/05\/logoweb.png\",\"width\":1000,\"height\":528,\"caption\":\"m\u00e9todo\"},\"image\":{\"@id\":\"https:\/\/cocinasmetodo.es\/#\/schema\/logo\/image\/\"}},{\"@type\":\"Person\",\"@id\":\"https:\/\/cocinasmetodo.es\/#\/schema\/person\/cf74899f07207d3cb6021e2e6f17241f\",\"name\":\"admin\",\"image\":{\"@type\":\"ImageObject\",\"inLanguage\":\"fr-FR\",\"@id\":\"https:\/\/secure.gravatar.com\/avatar\/f81daeca33be8da0842690f149bc1081f003f3840397028f3faabf244c06927a?s=96&d=mm&r=g\",\"url\":\"https:\/\/secure.gravatar.com\/avatar\/f81daeca33be8da0842690f149bc1081f003f3840397028f3faabf244c06927a?s=96&d=mm&r=g\",\"contentUrl\":\"https:\/\/secure.gravatar.com\/avatar\/f81daeca33be8da0842690f149bc1081f003f3840397028f3faabf244c06927a?s=96&d=mm&r=g\",\"caption\":\"admin\"},\"sameAs\":[\"https:\/\/cocinasmetodo.es\/website2021\"]}]}<\/script>\n<!-- \/ Yoast SEO plugin. -->","yoast_head_json":{"title":"Le nouveau mod\u00e8le 602 est pr\u00e9sent\u00e9 dans le magazine IM INSTALACIONES Y MONTAJE EN COCINAS Y BA\u00d1OS - m\u00e9todo","description":"Dans l'une de ses derni\u00e8res publications, le magazine num\u00e9rique IMCB souligne que \"Cocinas M\u00e9todo pr\u00e9sente M602, un espace culinaire qui se caract\u00e9rise par ses fa\u00e7ades laqu\u00e9es d'un bleu intense qui incorporent un stratifi\u00e9 de bois d\u00e9coratif, donnant lieu \u00e0 une pi\u00e8ce accueillante avec beaucoup de personnalit\u00e9. Le design int\u00e9rieur est compl\u00e9t\u00e9 par des carreaux hydrauliques qui se combinent parfaitement avec le mobilier\".","robots":{"index":"index","follow":"follow","max-snippet":"max-snippet:-1","max-image-preview":"max-image-preview:large","max-video-preview":"max-video-preview:-1"},"canonical":"https:\/\/cocinasmetodo.es\/fr\/el-nuevo-modelo-602-destacado-en-la-revista-im-instalaciones-y-montaje-en-cocinas-y-banos\/","og_locale":"fr_FR","og_type":"article","og_title":"Le nouveau mod\u00e8le 602 est pr\u00e9sent\u00e9 dans le magazine IM INSTALACIONES Y MONTAJE EN COCINAS Y BA\u00d1OS - m\u00e9todo","og_description":"Dans l'une de ses derni\u00e8res publications, le magazine num\u00e9rique IMCB souligne que \"Cocinas M\u00e9todo pr\u00e9sente M602, un espace culinaire qui se caract\u00e9rise par ses fa\u00e7ades laqu\u00e9es d'un bleu intense qui incorporent un stratifi\u00e9 de bois d\u00e9coratif, donnant lieu \u00e0 une pi\u00e8ce accueillante avec beaucoup de personnalit\u00e9. Le design int\u00e9rieur est compl\u00e9t\u00e9 par des carreaux hydrauliques qui se combinent parfaitement avec le mobilier\".","og_url":"https:\/\/cocinasmetodo.es\/fr\/el-nuevo-modelo-602-destacado-en-la-revista-im-instalaciones-y-montaje-en-cocinas-y-banos\/","og_site_name":"m\u00e9todo","article_published_time":"2022-12-13T08:14:08+00:00","article_modified_time":"2022-12-13T09:00:33+00:00","og_image":[{"width":1124,"height":2000,"url":"https:\/\/cocinasmetodo.es\/wp-content\/uploads\/2022\/12\/imcb-cocinas-metodo-dic-2022.jpg","type":"image\/jpeg"}],"author":"admin","twitter_card":"summary_large_image","twitter_misc":{"\u00c9crit par":"admin","Dur\u00e9e de lecture estim\u00e9e":"3 minutes"},"schema":{"@context":"https:\/\/schema.org","@graph":[{"@type":"Article","@id":"https:\/\/cocinasmetodo.es\/fr\/el-nuevo-modelo-602-destacado-en-la-revista-im-instalaciones-y-montaje-en-cocinas-y-banos\/#article","isPartOf":{"@id":"https:\/\/cocinasmetodo.es\/fr\/el-nuevo-modelo-602-destacado-en-la-revista-im-instalaciones-y-montaje-en-cocinas-y-banos\/"},"author":{"name":"admin","@id":"https:\/\/cocinasmetodo.es\/#\/schema\/person\/cf74899f07207d3cb6021e2e6f17241f"},"headline":"Le nouveau mod\u00e8le 602 est pr\u00e9sent\u00e9 dans le magazine IM INSTALACIONES Y MONTAJE EN COCINAS Y BA\u00d1OS","datePublished":"2022-12-13T08:14:08+00:00","dateModified":"2022-12-13T09:00:33+00:00","mainEntityOfPage":{"@id":"https:\/\/cocinasmetodo.es\/fr\/el-nuevo-modelo-602-destacado-en-la-revista-im-instalaciones-y-montaje-en-cocinas-y-banos\/"},"wordCount":822,"commentCount":0,"publisher":{"@id":"https:\/\/cocinasmetodo.es\/#organization"},"image":{"@id":"https:\/\/cocinasmetodo.es\/fr\/el-nuevo-modelo-602-destacado-en-la-revista-im-instalaciones-y-montaje-en-cocinas-y-banos\/#primaryimage"},"thumbnailUrl":"https:\/\/cocinasmetodo.es\/wp-content\/uploads\/2022\/12\/imcb-cocinas-metodo-dic-2022.jpg","keywords":["cocinas","Instalaciones y Montajes de cocinas y ba\u00f1os","prensa interiorismo","revista IMCB"],"articleSection":["Prensa"],"inLanguage":"fr-FR","potentialAction":[{"@type":"CommentAction","name":"Comment","target":["https:\/\/cocinasmetodo.es\/fr\/el-nuevo-modelo-602-destacado-en-la-revista-im-instalaciones-y-montaje-en-cocinas-y-banos\/#respond"]}]},{"@type":"WebPage","@id":"https:\/\/cocinasmetodo.es\/fr\/el-nuevo-modelo-602-destacado-en-la-revista-im-instalaciones-y-montaje-en-cocinas-y-banos\/","url":"https:\/\/cocinasmetodo.es\/fr\/el-nuevo-modelo-602-destacado-en-la-revista-im-instalaciones-y-montaje-en-cocinas-y-banos\/","name":"Le nouveau mod\u00e8le 602 est pr\u00e9sent\u00e9 dans le magazine IM INSTALACIONES Y MONTAJE EN COCINAS Y BA\u00d1OS - m\u00e9todo","isPartOf":{"@id":"https:\/\/cocinasmetodo.es\/#website"},"primaryImageOfPage":{"@id":"https:\/\/cocinasmetodo.es\/fr\/el-nuevo-modelo-602-destacado-en-la-revista-im-instalaciones-y-montaje-en-cocinas-y-banos\/#primaryimage"},"image":{"@id":"https:\/\/cocinasmetodo.es\/fr\/el-nuevo-modelo-602-destacado-en-la-revista-im-instalaciones-y-montaje-en-cocinas-y-banos\/#primaryimage"},"thumbnailUrl":"https:\/\/cocinasmetodo.es\/wp-content\/uploads\/2022\/12\/imcb-cocinas-metodo-dic-2022.jpg","datePublished":"2022-12-13T08:14:08+00:00","dateModified":"2022-12-13T09:00:33+00:00","description":"Dans l'une de ses derni\u00e8res publications, le magazine num\u00e9rique IMCB souligne que \"Cocinas M\u00e9todo pr\u00e9sente M602, un espace culinaire qui se caract\u00e9rise par ses fa\u00e7ades laqu\u00e9es d'un bleu intense qui incorporent un stratifi\u00e9 de bois d\u00e9coratif, donnant lieu \u00e0 une pi\u00e8ce accueillante avec beaucoup de personnalit\u00e9. Le design int\u00e9rieur est compl\u00e9t\u00e9 par des carreaux hydrauliques qui se combinent parfaitement avec le mobilier\".","breadcrumb":{"@id":"https:\/\/cocinasmetodo.es\/fr\/el-nuevo-modelo-602-destacado-en-la-revista-im-instalaciones-y-montaje-en-cocinas-y-banos\/#breadcrumb"},"inLanguage":"fr-FR","potentialAction":[{"@type":"ReadAction","target":["https:\/\/cocinasmetodo.es\/fr\/el-nuevo-modelo-602-destacado-en-la-revista-im-instalaciones-y-montaje-en-cocinas-y-banos\/"]}]},{"@type":"ImageObject","inLanguage":"fr-FR","@id":"https:\/\/cocinasmetodo.es\/fr\/el-nuevo-modelo-602-destacado-en-la-revista-im-instalaciones-y-montaje-en-cocinas-y-banos\/#primaryimage","url":"https:\/\/cocinasmetodo.es\/wp-content\/uploads\/2022\/12\/imcb-cocinas-metodo-dic-2022.jpg","contentUrl":"https:\/\/cocinasmetodo.es\/wp-content\/uploads\/2022\/12\/imcb-cocinas-metodo-dic-2022.jpg","width":1124,"height":2000},{"@type":"BreadcrumbList","@id":"https:\/\/cocinasmetodo.es\/fr\/el-nuevo-modelo-602-destacado-en-la-revista-im-instalaciones-y-montaje-en-cocinas-y-banos\/#breadcrumb","itemListElement":[{"@type":"ListItem","position":1,"name":"Portada","item":"https:\/\/cocinasmetodo.es\/fr\/"},{"@type":"ListItem","position":2,"name":"Le nouveau mod\u00e8le 602 est pr\u00e9sent\u00e9 dans le magazine IM INSTALACIONES Y MONTAJE EN COCINAS Y BA\u00d1OS"}]},{"@type":"WebSite","@id":"https:\/\/cocinasmetodo.es\/#website","url":"https:\/\/cocinasmetodo.es\/","name":"m\u00e9todo","description":"Daily Kitchens","publisher":{"@id":"https:\/\/cocinasmetodo.es\/#organization"},"potentialAction":[{"@type":"SearchAction","target":{"@type":"EntryPoint","urlTemplate":"https:\/\/cocinasmetodo.es\/?s={search_term_string}"},"query-input":{"@type":"PropertyValueSpecification","valueRequired":true,"valueName":"search_term_string"}}],"inLanguage":"fr-FR"},{"@type":"Organization","@id":"https:\/\/cocinasmetodo.es\/#organization","name":"m\u00e9todo","url":"https:\/\/cocinasmetodo.es\/","logo":{"@type":"ImageObject","inLanguage":"fr-FR","@id":"https:\/\/cocinasmetodo.es\/#\/schema\/logo\/image\/","url":"https:\/\/cocinasmetodo.es\/wp-content\/uploads\/2021\/05\/logoweb.png","contentUrl":"https:\/\/cocinasmetodo.es\/wp-content\/uploads\/2021\/05\/logoweb.png","width":1000,"height":528,"caption":"m\u00e9todo"},"image":{"@id":"https:\/\/cocinasmetodo.es\/#\/schema\/logo\/image\/"}},{"@type":"Person","@id":"https:\/\/cocinasmetodo.es\/#\/schema\/person\/cf74899f07207d3cb6021e2e6f17241f","name":"admin","image":{"@type":"ImageObject","inLanguage":"fr-FR","@id":"https:\/\/secure.gravatar.com\/avatar\/f81daeca33be8da0842690f149bc1081f003f3840397028f3faabf244c06927a?s=96&d=mm&r=g","url":"https:\/\/secure.gravatar.com\/avatar\/f81daeca33be8da0842690f149bc1081f003f3840397028f3faabf244c06927a?s=96&d=mm&r=g","contentUrl":"https:\/\/secure.gravatar.com\/avatar\/f81daeca33be8da0842690f149bc1081f003f3840397028f3faabf244c06927a?s=96&d=mm&r=g","caption":"admin"},"sameAs":["https:\/\/cocinasmetodo.es\/website2021"]}]}},"_links":{"self":[{"href":"https:\/\/cocinasmetodo.es\/fr\/wp-json\/wp\/v2\/posts\/4712","targetHints":{"allow":["GET"]}}],"collection":[{"href":"https:\/\/cocinasmetodo.es\/fr\/wp-json\/wp\/v2\/posts"}],"about":[{"href":"https:\/\/cocinasmetodo.es\/fr\/wp-json\/wp\/v2\/types\/post"}],"author":[{"embeddable":true,"href":"https:\/\/cocinasmetodo.es\/fr\/wp-json\/wp\/v2\/users\/1"}],"replies":[{"embeddable":true,"href":"https:\/\/cocinasmetodo.es\/fr\/wp-json\/wp\/v2\/comments?post=4712"}],"version-history":[{"count":2,"href":"https:\/\/cocinasmetodo.es\/fr\/wp-json\/wp\/v2\/posts\/4712\/revisions"}],"predecessor-version":[{"id":4715,"href":"https:\/\/cocinasmetodo.es\/fr\/wp-json\/wp\/v2\/posts\/4712\/revisions\/4715"}],"wp:featuredmedia":[{"embeddable":true,"href":"https:\/\/cocinasmetodo.es\/fr\/wp-json\/wp\/v2\/media\/4698"}],"wp:attachment":[{"href":"https:\/\/cocinasmetodo.es\/fr\/wp-json\/wp\/v2\/media?parent=4712"}],"wp:term":[{"taxonomy":"category","embeddable":true,"href":"https:\/\/cocinasmetodo.es\/fr\/wp-json\/wp\/v2\/categories?post=4712"},{"taxonomy":"post_tag","embeddable":true,"href":"https:\/\/cocinasmetodo.es\/fr\/wp-json\/wp\/v2\/tags?post=4712"}],"curies":[{"name":"wp","href":"https:\/\/api.w.org\/{rel}","templated":true}]}}