{"id":4555,"date":"2022-10-14T16:00:11","date_gmt":"2022-10-14T14:00:11","guid":{"rendered":"https:\/\/cocinasmetodo.es\/proyecto-de-reactyf-agencement-maison-des-collines\/"},"modified":"2022-11-09T12:21:21","modified_gmt":"2022-11-09T11:21:21","slug":"proyecto-de-reactyf-agencement-maison-des-collines","status":"publish","type":"post","link":"https:\/\/cocinasmetodo.es\/fr\/proyecto-de-reactyf-agencement-maison-des-collines\/","title":{"rendered":"Projet bordelais (France), la Maison des Collines"},"content":{"rendered":"<h3>\u00ab\u00a0Des cuisines flexibles qui s&rsquo;adaptent aux personnes\u00a0\u00bb.<\/h3>\n<p style=\"font-weight: 400;\">Depuis la France, nous recevons le projet <strong>d\u2019un studio de d\u00e9coration d\u2019int\u00e9rieur sp\u00e9cialis\u00e9 dans les cuisines, salles de bain, dressing et toutes les solutions sur mesure, proche de Bordeaux<\/strong>. Es projets montrent le savoir-faire et surtout, la capacit\u00e9 \u00e0 chercher des solutions \u00e0 chacune des casuistiques qui se posent. Ils accompagnent leurs clients dans le processus int\u00e9gral d\u2019une r\u00e9novation pour r\u00e9ussir \u00e0 atteindre l\u2019espace de vie qu\u2019ils souhaitent.<\/p>\n<blockquote><p><strong>Le processus de r\u00e9forme est un chemin sem\u00e9 de d\u00e9cisions avec une multitude de propositions qui peuvent \u00eatre d\u00e9routantes. Avec l&rsquo;aide de sp\u00e9cialistes, il est plus facile de progresser dans la prise de tant de d\u00e9cisions et de clarifier les doutes qui peuvent surgir au cours du processus. La r\u00e9novation d&rsquo;une cuisine ne doit pas devenir un casse-t\u00eate. Elle doit \u00eatre la transition vers une vie meilleure pour les personnes qui occupent l&rsquo;espace.<\/strong><\/p><\/blockquote>\n<p>Aujourd&rsquo;hui, nous examinons l&rsquo;un des derniers projets r\u00e9alis\u00e9s par ce studio dans lequel le concept de la cuisine ouverte pr\u00e9vaut. L&rsquo;ouverture des espaces est un th\u00e8me r\u00e9current lorsqu&rsquo;il s&rsquo;agit de la cuisine. La distribution du foyer a subi des changements importants ces derni\u00e8res ann\u00e9es. Il n&rsquo;est pas facile de trouver des projets d&rsquo;am\u00e9nagement int\u00e9rieur actuels dans lesquels les espaces ne sont pas ouverts. Des salons et des cuisines qui s&rsquo;entrem\u00ealent, des espaces de travail int\u00e9gr\u00e9s aux salles \u00e0 manger, plus que jamais le t\u00e9l\u00e9travail \u00e0 domicile&#8230; Est-ce une mode ? Est-ce un nouveau concept d&rsquo;am\u00e9nagement int\u00e9rieur qui est l\u00e0 pour rester ? Est-ce mieux ? Est-ce moins bien ?&#8230; Il n&rsquo;y a pas de solution unique pour concevoir des espaces car chaque personne vit d&rsquo;une mani\u00e8re diff\u00e9rente et ce sont les espaces qui doivent s&rsquo;adapter \u00e0 cette mani\u00e8re et non l&rsquo;inverse.\u00a0Le plus important est d&rsquo;\u00eatre clair sur la fa\u00e7on dont nous voulons vivre.<\/p>\n<h3>PROJET MAISON DES COLLINES<\/h3>\n<p>R\u00e9novation d&rsquo;une cuisine ouverte dans une villa individuelle avec de grandes fen\u00eatres donnant \u00e0 la cuisine une vue sur le jardin. La proximit\u00e9 de l&rsquo;\u00eelot avec les fen\u00eatres donne l&rsquo;impression d&rsquo;une cuisine int\u00e9rieure\/ext\u00e9rieure. Ce grand \u00eelot sert \u00e0 la fois de zone de cuisson et de pr\u00e9paration. Au-dessus de cet \u00eelot, un faux plafond a \u00e9t\u00e9 cr\u00e9\u00e9 pour accueillir une hotte aspirante mont\u00e9e au plafond.<\/p>\n<h3><img loading=\"lazy\" decoding=\"async\" class=\"alignnone size-full wp-image-4236\" style=\"font-size: 16px;\" src=\"https:\/\/cocinasmetodo.es\/wp-content\/uploads\/2022\/10\/cocinas-metodo-reactif-2022-13.jpg\" alt=\"\" width=\"1500\" height=\"1501\" srcset=\"https:\/\/cocinasmetodo.es\/wp-content\/uploads\/2022\/10\/cocinas-metodo-reactif-2022-13.jpg 1500w, https:\/\/cocinasmetodo.es\/wp-content\/uploads\/2022\/10\/cocinas-metodo-reactif-2022-13-300x300.jpg 300w, https:\/\/cocinasmetodo.es\/wp-content\/uploads\/2022\/10\/cocinas-metodo-reactif-2022-13-1030x1030.jpg 1030w, https:\/\/cocinasmetodo.es\/wp-content\/uploads\/2022\/10\/cocinas-metodo-reactif-2022-13-80x80.jpg 80w, https:\/\/cocinasmetodo.es\/wp-content\/uploads\/2022\/10\/cocinas-metodo-reactif-2022-13-768x769.jpg 768w, https:\/\/cocinasmetodo.es\/wp-content\/uploads\/2022\/10\/cocinas-metodo-reactif-2022-13-36x36.jpg 36w, https:\/\/cocinasmetodo.es\/wp-content\/uploads\/2022\/10\/cocinas-metodo-reactif-2022-13-180x180.jpg 180w, https:\/\/cocinasmetodo.es\/wp-content\/uploads\/2022\/10\/cocinas-metodo-reactif-2022-13-705x705.jpg 705w, https:\/\/cocinasmetodo.es\/wp-content\/uploads\/2022\/10\/cocinas-metodo-reactif-2022-13-290x290-290x290.jpg 290w\" sizes=\"auto, (max-width: 1500px) 100vw, 1500px\" \/><\/h3>\n<blockquote><p><strong>C&rsquo;est ainsi que le projet s&rsquo;est d\u00e9velopp\u00e9.\u00a0L&rsquo;objectif :<\/strong><\/p><\/blockquote>\n<ul>\n<li>Avoir une cuisine simple, \u00e9pur\u00e9e, avec un maximum d&rsquo;espaces de rangement cach\u00e9s.\u00a0La solution :<\/li>\n<li>Cr\u00e9er un lien entre la cuisine et l&rsquo;espace ext\u00e9rieur.<\/li>\n<li>Cr\u00e9ation d&rsquo;un grand \u00eelot de pr\u00e9paration et de cuisson.<\/li>\n<li>Cr\u00e9ation d&rsquo;un espace snack sur une partie de l&rsquo;\u00eelot vers le salon.<\/li>\n<li>Cr\u00e9ation d&rsquo;un mur de colonnes de rangement avec une niche en bois pour le petit \u00e9lectrom\u00e9nager et l&rsquo;\u00e9vier.<\/li>\n<\/ul>\n<p><img loading=\"lazy\" decoding=\"async\" class=\"alignnone size-full wp-image-4219\" src=\"https:\/\/cocinasmetodo.es\/wp-content\/uploads\/2022\/10\/cocinas-metodo-reactif-2022-3.jpg\" alt=\"\" width=\"2000\" height=\"1993\" srcset=\"https:\/\/cocinasmetodo.es\/wp-content\/uploads\/2022\/10\/cocinas-metodo-reactif-2022-3.jpg 2000w, https:\/\/cocinasmetodo.es\/wp-content\/uploads\/2022\/10\/cocinas-metodo-reactif-2022-3-300x300.jpg 300w, https:\/\/cocinasmetodo.es\/wp-content\/uploads\/2022\/10\/cocinas-metodo-reactif-2022-3-1030x1026.jpg 1030w, https:\/\/cocinasmetodo.es\/wp-content\/uploads\/2022\/10\/cocinas-metodo-reactif-2022-3-80x80.jpg 80w, https:\/\/cocinasmetodo.es\/wp-content\/uploads\/2022\/10\/cocinas-metodo-reactif-2022-3-768x765.jpg 768w, https:\/\/cocinasmetodo.es\/wp-content\/uploads\/2022\/10\/cocinas-metodo-reactif-2022-3-1536x1531.jpg 1536w, https:\/\/cocinasmetodo.es\/wp-content\/uploads\/2022\/10\/cocinas-metodo-reactif-2022-3-36x36.jpg 36w, https:\/\/cocinasmetodo.es\/wp-content\/uploads\/2022\/10\/cocinas-metodo-reactif-2022-3-180x180.jpg 180w, https:\/\/cocinasmetodo.es\/wp-content\/uploads\/2022\/10\/cocinas-metodo-reactif-2022-3-1500x1495.jpg 1500w, https:\/\/cocinasmetodo.es\/wp-content\/uploads\/2022\/10\/cocinas-metodo-reactif-2022-3-705x703.jpg 705w, https:\/\/cocinasmetodo.es\/wp-content\/uploads\/2022\/10\/cocinas-metodo-reactif-2022-3-600x598-600x598-600x598.jpg 600w\" sizes=\"auto, (max-width: 2000px) 100vw, 2000px\" \/><\/p>\n<h3>Les cl\u00e9s pour planifier l&rsquo;ouverture des espaces dans une maison<\/h3>\n<ul>\n<li>Sachant que l&rsquo;id\u00e9e est d&rsquo;\u00e9viter d&rsquo;\u00e9riger des murs ou de construire une s\u00e9paration physique concr\u00e8te, il faut faire preuve de cr\u00e9ativit\u00e9 et d&rsquo;ing\u00e9niosit\u00e9 pour trouver la solution la plus appropri\u00e9e en mati\u00e8re de d\u00e9limitation des espaces et de leurs fonctions.<\/li>\n<li>Ce qui fonctionne le mieux, c&rsquo;est d&rsquo;utiliser des meubles, mais pas n&rsquo;importe lesquels. Il n&rsquo;est pas conseill\u00e9 d&rsquo;utiliser des meubles \u00ab\u00a0s\u00e9parateurs\u00a0\u00bb, mais plut\u00f4t d&rsquo;opter pour des \u00eelots (tables ou grands bars au centre de l&rsquo;espace) ou des murs, mais en verre ou en un autre mat\u00e9riau transparent qui permet de voir l&rsquo;espace dans son ensemble.<\/li>\n<li>L&rsquo;\u00eelot comme point de s\u00e9paration est l&rsquo;option la plus recommand\u00e9e et la plus utilis\u00e9e, avec de nombreuses variations de forme et de style. C&rsquo;est un \u00e9l\u00e9ment qui ouvre la cuisine et la relie \u00e0 la salle \u00e0 manger et au salon, un nexus qui peut m\u00eame fonctionner comme un centre ou un noyau de rencontres entre les habitants de la maison, \u00e9tant le principal lieu de r\u00e9union.<\/li>\n<li>Il y a forc\u00e9ment une source de lumi\u00e8re naturelle \u00e0 proximit\u00e9 ou \u00e0 l&rsquo;int\u00e9rieur de la cuisine. Donnez-lui de l&rsquo;espace et distribuez la cuisine en fonction de la fa\u00e7on dont la lumi\u00e8re entre. L&rsquo;impact que ces pi\u00e8ces ouvertes peuvent avoir sur l&rsquo;augmentation de la lumi\u00e8re et la connexion avec le monde ext\u00e9rieur est indiscutable.<\/li>\n<li>La table devient un \u00e9l\u00e9ment cl\u00e9 pour unifier les espaces. Il peut compl\u00e9ter un bar \u00e0 petit-d\u00e9jeuner sur l&rsquo;\u00eele. En outre, la table peut \u00e9galement servir de bureau, d&rsquo;\u00e9tude, de zone d&rsquo;appui pour la cuisine&#8230;<\/li>\n<\/ul>\n<p><img loading=\"lazy\" decoding=\"async\" class=\"alignnone size-full wp-image-4221\" src=\"https:\/\/cocinasmetodo.es\/wp-content\/uploads\/2022\/10\/cocinas-metodo-reactif-2022-4.jpg\" alt=\"\" width=\"2000\" height=\"1990\" srcset=\"https:\/\/cocinasmetodo.es\/wp-content\/uploads\/2022\/10\/cocinas-metodo-reactif-2022-4.jpg 2000w, https:\/\/cocinasmetodo.es\/wp-content\/uploads\/2022\/10\/cocinas-metodo-reactif-2022-4-300x300.jpg 300w, https:\/\/cocinasmetodo.es\/wp-content\/uploads\/2022\/10\/cocinas-metodo-reactif-2022-4-1030x1025.jpg 1030w, https:\/\/cocinasmetodo.es\/wp-content\/uploads\/2022\/10\/cocinas-metodo-reactif-2022-4-80x80.jpg 80w, https:\/\/cocinasmetodo.es\/wp-content\/uploads\/2022\/10\/cocinas-metodo-reactif-2022-4-768x764.jpg 768w, https:\/\/cocinasmetodo.es\/wp-content\/uploads\/2022\/10\/cocinas-metodo-reactif-2022-4-1536x1528.jpg 1536w, https:\/\/cocinasmetodo.es\/wp-content\/uploads\/2022\/10\/cocinas-metodo-reactif-2022-4-36x36.jpg 36w, https:\/\/cocinasmetodo.es\/wp-content\/uploads\/2022\/10\/cocinas-metodo-reactif-2022-4-180x180.jpg 180w, https:\/\/cocinasmetodo.es\/wp-content\/uploads\/2022\/10\/cocinas-metodo-reactif-2022-4-1500x1493.jpg 1500w, https:\/\/cocinasmetodo.es\/wp-content\/uploads\/2022\/10\/cocinas-metodo-reactif-2022-4-705x701.jpg 705w, https:\/\/cocinasmetodo.es\/wp-content\/uploads\/2022\/10\/cocinas-metodo-reactif-2022-4-600x597.jpg 600w\" sizes=\"auto, (max-width: 2000px) 100vw, 2000px\" \/><\/p>\n<p><img loading=\"lazy\" decoding=\"async\" class=\"alignnone wp-image-4228 size-full\" src=\"https:\/\/cocinasmetodo.es\/wp-content\/uploads\/2022\/10\/cocinas-metodo-reactif-2022-7.jpeg\" alt=\"\" width=\"1080\" height=\"608\" srcset=\"https:\/\/cocinasmetodo.es\/wp-content\/uploads\/2022\/10\/cocinas-metodo-reactif-2022-7.jpeg 1080w, https:\/\/cocinasmetodo.es\/wp-content\/uploads\/2022\/10\/cocinas-metodo-reactif-2022-7-300x169.jpeg 300w, https:\/\/cocinasmetodo.es\/wp-content\/uploads\/2022\/10\/cocinas-metodo-reactif-2022-7-1030x580.jpeg 1030w, https:\/\/cocinasmetodo.es\/wp-content\/uploads\/2022\/10\/cocinas-metodo-reactif-2022-7-768x432.jpeg 768w, https:\/\/cocinasmetodo.es\/wp-content\/uploads\/2022\/10\/cocinas-metodo-reactif-2022-7-705x397.jpeg 705w\" sizes=\"auto, (max-width: 1080px) 100vw, 1080px\" \/><\/p>\n<p><strong>D\u00c9FINITION ET AVANTAGES DES ESPACES OUVERTS<\/strong><\/p>\n<p>Le terme original est open-plan &#8211; courant chez les architectes &#8211; le dictionnaire Collins de la langue anglaise le d\u00e9finit comme un espace \u00ab\u00a0dont les zones sont s\u00e9par\u00e9es par peu ou pas de murs\u00a0\u00bb. Dans la section anglais-espagnol, on peut lire : \u00ab\u00a0sans cloisons, plan ouvert\u00a0\u00bb. Les chambres et les salles de bains peuvent \u00e9galement \u00eatre consid\u00e9r\u00e9es comme des espaces ouverts, mais en g\u00e9n\u00e9ral, lorsque cette terminologie est utilis\u00e9e, c&rsquo;est pour faire r\u00e9f\u00e9rence aux principaux espaces de vie de la maison, c&rsquo;est-\u00e0-dire ceux qui sont utilis\u00e9s couramment, comme la cuisine, le salon, l&rsquo;acc\u00e8s \u00e0 la maison, etc.<\/p>\n<p><strong>LES ESPACES OUVERTS R\u00c9PONDENT AU MODE DE VIE D&rsquo;AUJOURD&rsquo;HUI.\u00a0<\/strong><\/p>\n<p>L&rsquo;\u00e9poque o\u00f9 une salle \u00e0 manger ressemblait \u00e0 un mus\u00e9e arch\u00e9ologique et n&rsquo;\u00e9tait utilis\u00e9e que pour des visites sp\u00e9ciales ou des f\u00eates est r\u00e9volue.\u00a0 C&rsquo;\u00e9tait un espace inutilis\u00e9. Au Royaume-Uni, o\u00f9 l&rsquo;espace a tendance \u00e0 \u00eatre limit\u00e9, les architectes sont souvent charg\u00e9s de cette t\u00e2che : dans les maisons victoriennes ou g\u00e9orgiennes, les murs int\u00e9rieurs sont abattus pour relier les pi\u00e8ces entre elles et cr\u00e9er des espaces plus grands et plus lumineux. Le fait est que l&rsquo;enfermement de cet espace majestueux impliquait de sacrifier certains avantages pour d&rsquo;autres espaces rel\u00e9gu\u00e9s \u00e0 un niveau plus quotidien. Par exemple, les cloisons ont priv\u00e9 de lumi\u00e8re les pi\u00e8ces les plus utilis\u00e9es.<\/p>\n<p>&nbsp;<\/p>\n<p><img loading=\"lazy\" decoding=\"async\" class=\"alignnone size-full wp-image-4230\" src=\"https:\/\/cocinasmetodo.es\/wp-content\/uploads\/2022\/10\/cocinas-metodo-reactif-2022-8.jpeg\" alt=\"\" width=\"960\" height=\"960\" srcset=\"https:\/\/cocinasmetodo.es\/wp-content\/uploads\/2022\/10\/cocinas-metodo-reactif-2022-8.jpeg 960w, https:\/\/cocinasmetodo.es\/wp-content\/uploads\/2022\/10\/cocinas-metodo-reactif-2022-8-300x300.jpeg 300w, https:\/\/cocinasmetodo.es\/wp-content\/uploads\/2022\/10\/cocinas-metodo-reactif-2022-8-80x80.jpeg 80w, https:\/\/cocinasmetodo.es\/wp-content\/uploads\/2022\/10\/cocinas-metodo-reactif-2022-8-768x768.jpeg 768w, https:\/\/cocinasmetodo.es\/wp-content\/uploads\/2022\/10\/cocinas-metodo-reactif-2022-8-36x36.jpeg 36w, https:\/\/cocinasmetodo.es\/wp-content\/uploads\/2022\/10\/cocinas-metodo-reactif-2022-8-180x180.jpeg 180w, https:\/\/cocinasmetodo.es\/wp-content\/uploads\/2022\/10\/cocinas-metodo-reactif-2022-8-705x705.jpeg 705w\" sizes=\"auto, (max-width: 960px) 100vw, 960px\" \/><\/p>\n<p>&nbsp;<\/p>\n<p><strong>OUVRE DES VOIES DE LUMI\u00c8RE<\/strong><\/p>\n<p>L&rsquo;impact que ces pi\u00e8ces ouvertes peuvent avoir sur l&rsquo;augmentation de la lumi\u00e8re et la connexion avec l&rsquo;ext\u00e9rieur est indiscutable.\u00a0 En substance, ce concept permet \u00e0 tous les occupants de profiter d&rsquo;une lumi\u00e8re magnifique et d&rsquo;une connexion avec d&rsquo;autres espaces de la maison qui \u00e9taient auparavant invisibles. Dans de nombreux projets, les habitants eux-m\u00eames, lorsqu&rsquo;ils d\u00e9couvrent la m\u00eame maison apr\u00e8s l&rsquo;ouverture des fronti\u00e8res visuelles, disent qu&rsquo;ils ont l&rsquo;impression de se trouver dans un espace qui leur est \u00ab\u00a0\u00e9tranger\u00a0\u00bb.<\/p>\n<p><strong>IL AM\u00c9LIORE LES RELATIONS ENTRE LES HABITANTS<\/strong><\/p>\n<p>C&rsquo;est sans doute son principal avantage. Les espaces communs invitent au partage et, m\u00eame si nous effectuons des t\u00e2ches diff\u00e9rentes dans les diff\u00e9rents espaces ouverts, nous sommes tous ensemble et proches. Et, dans un moment social o\u00f9 nous nous regardons tous \u00e0 travers l&rsquo;\u00e9cran, vous \u00eates-vous d\u00e9j\u00e0 demand\u00e9 quel genre de relation nous aurions \u00e0 la maison si nous \u00e9tions tous s\u00e9par\u00e9s par des cloisons ?<\/p>\n<p><strong>QUELQUES M\u00c8TRES, DES ESPACES OUVERTS<\/strong><\/p>\n<p>Une astuce bien connue pour cr\u00e9er une sensation d&rsquo;espace dans les petites maisons consiste \u00e0 abattre quelques murs. \u00ab\u00a0Dans les endroits o\u00f9 le march\u00e9 immobilier est tr\u00e8s comp\u00e9titif, les petites maisons sont plus susceptibles d&rsquo;\u00eatre optimis\u00e9es, car il y a moins d&rsquo;espace disponible\u00a0\u00bb, explique Bernhard Kurz. Mais nous pouvons aussi retourner ce concept dans tous les sens. Une petite salle de bains avec des cloisons en verre, par exemple, para\u00eetra plus grande et plus ordonn\u00e9e. Alors ? vous en direz long. L&rsquo;astuce consiste \u00e0 savoir quand chaque option est la bonne.<\/p>\n<p>&nbsp;<\/p>\n<p><img loading=\"lazy\" decoding=\"async\" class=\"alignnone size-full wp-image-4238\" src=\"https:\/\/cocinasmetodo.es\/wp-content\/uploads\/2022\/10\/cocinas-metodo-reactif-2022-14.jpg\" alt=\"\" width=\"1500\" height=\"1492\" srcset=\"https:\/\/cocinasmetodo.es\/wp-content\/uploads\/2022\/10\/cocinas-metodo-reactif-2022-14.jpg 1500w, https:\/\/cocinasmetodo.es\/wp-content\/uploads\/2022\/10\/cocinas-metodo-reactif-2022-14-300x298.jpg 300w, https:\/\/cocinasmetodo.es\/wp-content\/uploads\/2022\/10\/cocinas-metodo-reactif-2022-14-1030x1025.jpg 1030w, https:\/\/cocinasmetodo.es\/wp-content\/uploads\/2022\/10\/cocinas-metodo-reactif-2022-14-80x80.jpg 80w, https:\/\/cocinasmetodo.es\/wp-content\/uploads\/2022\/10\/cocinas-metodo-reactif-2022-14-768x764.jpg 768w, https:\/\/cocinasmetodo.es\/wp-content\/uploads\/2022\/10\/cocinas-metodo-reactif-2022-14-36x36.jpg 36w, https:\/\/cocinasmetodo.es\/wp-content\/uploads\/2022\/10\/cocinas-metodo-reactif-2022-14-180x180.jpg 180w, https:\/\/cocinasmetodo.es\/wp-content\/uploads\/2022\/10\/cocinas-metodo-reactif-2022-14-705x701.jpg 705w, https:\/\/cocinasmetodo.es\/wp-content\/uploads\/2022\/10\/cocinas-metodo-reactif-2022-14-600x597-600x597.jpg 600w\" sizes=\"auto, (max-width: 1500px) 100vw, 1500px\" \/><\/p>\n<blockquote><p><strong>L&rsquo;\u00e9vier doubl\u00e9 est un bassin en acier inoxydable recouvert d&rsquo;un plateau stratifi\u00e9 compact d\u00e9coratif. Il peut s&rsquo;agir d&rsquo;un effet bois, comme dans cette cuisine, ou d&rsquo;un effet b\u00e9ton, par exemple.\u00a0Le stratifi\u00e9 compact est un m\u00e9lange de feuilles de m\u00e9lamine compress\u00e9es avec une r\u00e9sine imperm\u00e9able noire ou blanche, selon la couleur. Ce m\u00e9lange hydrofuge dans les plans de travail nous permet de cr\u00e9er des \u00e9gouttoirs rainur\u00e9s ou toute autre d\u00e9coupe qui laisse transpara\u00eetre la couleur du c\u0153ur du plan de travail.<\/strong><\/p><\/blockquote>\n<p><img loading=\"lazy\" decoding=\"async\" class=\"alignnone size-full wp-image-4232\" src=\"https:\/\/cocinasmetodo.es\/wp-content\/uploads\/2022\/10\/cocinas-metodo-reactif-2022-9.jpeg\" alt=\"\" width=\"960\" height=\"960\" srcset=\"https:\/\/cocinasmetodo.es\/wp-content\/uploads\/2022\/10\/cocinas-metodo-reactif-2022-9.jpeg 960w, https:\/\/cocinasmetodo.es\/wp-content\/uploads\/2022\/10\/cocinas-metodo-reactif-2022-9-300x300.jpeg 300w, https:\/\/cocinasmetodo.es\/wp-content\/uploads\/2022\/10\/cocinas-metodo-reactif-2022-9-80x80.jpeg 80w, https:\/\/cocinasmetodo.es\/wp-content\/uploads\/2022\/10\/cocinas-metodo-reactif-2022-9-768x768.jpeg 768w, https:\/\/cocinasmetodo.es\/wp-content\/uploads\/2022\/10\/cocinas-metodo-reactif-2022-9-36x36.jpeg 36w, https:\/\/cocinasmetodo.es\/wp-content\/uploads\/2022\/10\/cocinas-metodo-reactif-2022-9-180x180.jpeg 180w, https:\/\/cocinasmetodo.es\/wp-content\/uploads\/2022\/10\/cocinas-metodo-reactif-2022-9-705x705.jpeg 705w\" sizes=\"auto, (max-width: 960px) 100vw, 960px\" \/><\/p>\n<p>&nbsp;<\/p>\n<p>&nbsp;<\/p>\n<hr \/>\n<div  class='avia-buttonrow-wrap av-1y6twi-3e7ea6a37514e6a4fd51ac3049db817d avia-buttonrow-center  avia-builder-el-0  avia-builder-el-no-sibling '>\n\n<style type=\"text\/css\" data-created_by=\"avia_inline_auto\" id=\"style-css-av-kwnf4ref-d3eeec7100204f0ca80f01b6bc691e05\">\n#top #wrap_all .avia-button.av-kwnf4ref-d3eeec7100204f0ca80f01b6bc691e05{\nmargin-bottom:5px;\nmargin-right:3px;\nmargin-left:3px;\n}\n<\/style>\n<a href='https:\/\/cocinasmetodo.es\/fr\/contacto\/'  class='avia-button av-kwnf4ref-d3eeec7100204f0ca80f01b6bc691e05 avia-icon_select-no avia-size-medium avia-color-theme-color'   aria-label=\"AVEZ-VOUS BESOIN D\u2019UN BUDGET ?\"><span class='avia_iconbox_title' >AVEZ-VOUS BESOIN D\u2019UN BUDGET ?<\/span><\/a>\n\n<style type=\"text\/css\" data-created_by=\"avia_inline_auto\" id=\"style-css-av-kwnf5nlq-6dbd4570cc2c7a1e56ae090b5c0c7c19\">\n#top #wrap_all .avia-button.av-kwnf5nlq-6dbd4570cc2c7a1e56ae090b5c0c7c19{\nmargin-bottom:5px;\nmargin-right:3px;\nmargin-left:3px;\n}\n<\/style>\n<a href='https:\/\/cocinasmetodo.es\/fr\/contacto\/'  class='avia-button av-kwnf5nlq-6dbd4570cc2c7a1e56ae090b5c0c7c19 avia-icon_select-no avia-size-medium avia-color-theme-color'   aria-label=\"VOUS SOUHAITEZ PUBLIER UN PROJET ?\"><span class='avia_iconbox_title' >VOUS SOUHAITEZ PUBLIER UN PROJET ?<\/span><\/a>\n\n<style type=\"text\/css\" data-created_by=\"avia_inline_auto\" id=\"style-css-av-kwnf6k50-9e8dc149f2bac61c5782f6a3b98dfa0e\">\n#top #wrap_all .avia-button.av-kwnf6k50-9e8dc149f2bac61c5782f6a3b98dfa0e{\nmargin-bottom:5px;\nmargin-right:3px;\nmargin-left:3px;\n}\n<\/style>\n<a href='https:\/\/cocinasmetodo.es\/fr\/contacto\/'  class='avia-button av-kwnf6k50-9e8dc149f2bac61c5782f6a3b98dfa0e avia-icon_select-no avia-size-medium avia-color-theme-color'   aria-label=\"VOUS VOULEZ VOIR UNE CUISINE M\u00c9TODO?\"><span class='avia_iconbox_title' >VOUS VOULEZ VOIR UNE CUISINE M\u00c9TODO?<\/span><\/a>\n<\/div>\n<hr \/>\n<p>&nbsp;<\/p>\n<p>&nbsp;<\/p>\n<hr \/>\n<p>&nbsp;<\/p>\n","protected":false},"excerpt":{"rendered":"<p>Depuis la France, nous recevons le projet d\u2019un studio de d\u00e9coration d\u2019int\u00e9rieur sp\u00e9cialis\u00e9 dans les cuisines, salles de bain, dressing et toutes les solutions sur mesure, proche de Bordeaux. Es projets montrent le savoir-faire et surtout, la capacit\u00e9 \u00e0 chercher des solutions \u00e0 chacune des casuistiques qui se posent. Ils accompagnent leurs clients dans le processus int\u00e9gral d\u2019une r\u00e9novation pour r\u00e9ussir \u00e0 atteindre l\u2019espace de vie qu\u2019ils souhaitent.<\/p>\n","protected":false},"author":1,"featured_media":4220,"comment_status":"open","ping_status":"open","sticky":false,"template":"","format":"standard","meta":{"footnotes":""},"categories":[53,55],"tags":[59,232,233,234],"class_list":["post-4555","post","type-post","status-publish","format-standard","has-post-thumbnail","hentry","category-cuisines","category-projets","tag-cocinas-fr","tag-interiorismo-fr","tag-reactif-agencement-fr","tag-reformas-fr"],"yoast_head":"<!-- This site is optimized with the Yoast SEO plugin v27.2 - https:\/\/yoast.com\/product\/yoast-seo-wordpress\/ -->\n<title>Projet bordelais (France), la Maison des Collines - m\u00e9todo<\/title>\n<meta name=\"description\" content=\"Depuis la France, nous recevons le projet d\u2019un studio de d\u00e9coration d\u2019int\u00e9rieur sp\u00e9cialis\u00e9 dans les cuisines, salles de bain, dressing et toutes les solutions sur mesure, proche de Bordeaux. Es projets montrent le savoir-faire et surtout, la capacit\u00e9 \u00e0 chercher des solutions \u00e0 chacune des casuistiques qui se posent. Ils accompagnent leurs clients dans le processus int\u00e9gral d\u2019une r\u00e9novation pour r\u00e9ussir \u00e0 atteindre l\u2019espace de vie qu\u2019ils souhaitent.\" \/>\n<meta name=\"robots\" content=\"index, follow, max-snippet:-1, max-image-preview:large, max-video-preview:-1\" \/>\n<link rel=\"canonical\" href=\"https:\/\/cocinasmetodo.es\/proyecto-de-reactyf-agencement-maison-des-collines\/\" \/>\n<meta property=\"og:locale\" content=\"fr_FR\" \/>\n<meta property=\"og:type\" content=\"article\" \/>\n<meta property=\"og:title\" content=\"Projet bordelais (France), la Maison des Collines - m\u00e9todo\" \/>\n<meta property=\"og:description\" content=\"Depuis la France, nous recevons le projet d\u2019un studio de d\u00e9coration d\u2019int\u00e9rieur sp\u00e9cialis\u00e9 dans les cuisines, salles de bain, dressing et toutes les solutions sur mesure, proche de Bordeaux. Es projets montrent le savoir-faire et surtout, la capacit\u00e9 \u00e0 chercher des solutions \u00e0 chacune des casuistiques qui se posent. Ils accompagnent leurs clients dans le processus int\u00e9gral d\u2019une r\u00e9novation pour r\u00e9ussir \u00e0 atteindre l\u2019espace de vie qu\u2019ils souhaitent.\" \/>\n<meta property=\"og:url\" content=\"https:\/\/cocinasmetodo.es\/proyecto-de-reactyf-agencement-maison-des-collines\/\" \/>\n<meta property=\"og:site_name\" content=\"m\u00e9todo\" \/>\n<meta property=\"article:published_time\" content=\"2022-10-14T14:00:11+00:00\" \/>\n<meta property=\"article:modified_time\" content=\"2022-11-09T11:21:21+00:00\" \/>\n<meta property=\"og:image\" content=\"https:\/\/cocinasmetodo.es\/wp-content\/uploads\/2022\/10\/cocinas-metodo-reactif-2022-3.jpg\" \/>\n\t<meta property=\"og:image:width\" content=\"2000\" \/>\n\t<meta property=\"og:image:height\" content=\"1993\" \/>\n\t<meta property=\"og:image:type\" content=\"image\/jpeg\" \/>\n<meta name=\"author\" content=\"admin\" \/>\n<meta name=\"twitter:card\" content=\"summary_large_image\" \/>\n<meta name=\"twitter:label1\" content=\"\u00c9crit par\" \/>\n\t<meta name=\"twitter:data1\" content=\"admin\" \/>\n\t<meta name=\"twitter:label2\" content=\"Dur\u00e9e de lecture estim\u00e9e\" \/>\n\t<meta name=\"twitter:data2\" content=\"8 minutes\" \/>\n<script type=\"application\/ld+json\" class=\"yoast-schema-graph\">{\"@context\":\"https:\/\/schema.org\",\"@graph\":[{\"@type\":\"Article\",\"@id\":\"https:\/\/cocinasmetodo.es\/proyecto-de-reactyf-agencement-maison-des-collines\/#article\",\"isPartOf\":{\"@id\":\"https:\/\/cocinasmetodo.es\/proyecto-de-reactyf-agencement-maison-des-collines\/\"},\"author\":{\"name\":\"admin\",\"@id\":\"https:\/\/cocinasmetodo.es\/#\/schema\/person\/cf74899f07207d3cb6021e2e6f17241f\"},\"headline\":\"Projet bordelais (France), la Maison des Collines\",\"datePublished\":\"2022-10-14T14:00:11+00:00\",\"dateModified\":\"2022-11-09T11:21:21+00:00\",\"mainEntityOfPage\":{\"@id\":\"https:\/\/cocinasmetodo.es\/proyecto-de-reactyf-agencement-maison-des-collines\/\"},\"wordCount\":1937,\"commentCount\":0,\"publisher\":{\"@id\":\"https:\/\/cocinasmetodo.es\/#organization\"},\"image\":{\"@id\":\"https:\/\/cocinasmetodo.es\/proyecto-de-reactyf-agencement-maison-des-collines\/#primaryimage\"},\"thumbnailUrl\":\"https:\/\/cocinasmetodo.es\/wp-content\/uploads\/2022\/10\/cocinas-metodo-reactif-2022-3.jpg\",\"keywords\":[\"cocinas\",\"Interiorismo\",\"R\u00e9actif Agencement\",\"reformas\"],\"articleSection\":[\"Cuisines\",\"Projets\"],\"inLanguage\":\"fr-FR\",\"potentialAction\":[{\"@type\":\"CommentAction\",\"name\":\"Comment\",\"target\":[\"https:\/\/cocinasmetodo.es\/proyecto-de-reactyf-agencement-maison-des-collines\/#respond\"]}]},{\"@type\":\"WebPage\",\"@id\":\"https:\/\/cocinasmetodo.es\/proyecto-de-reactyf-agencement-maison-des-collines\/\",\"url\":\"https:\/\/cocinasmetodo.es\/proyecto-de-reactyf-agencement-maison-des-collines\/\",\"name\":\"Projet bordelais (France), la Maison des Collines - m\u00e9todo\",\"isPartOf\":{\"@id\":\"https:\/\/cocinasmetodo.es\/#website\"},\"primaryImageOfPage\":{\"@id\":\"https:\/\/cocinasmetodo.es\/proyecto-de-reactyf-agencement-maison-des-collines\/#primaryimage\"},\"image\":{\"@id\":\"https:\/\/cocinasmetodo.es\/proyecto-de-reactyf-agencement-maison-des-collines\/#primaryimage\"},\"thumbnailUrl\":\"https:\/\/cocinasmetodo.es\/wp-content\/uploads\/2022\/10\/cocinas-metodo-reactif-2022-3.jpg\",\"datePublished\":\"2022-10-14T14:00:11+00:00\",\"dateModified\":\"2022-11-09T11:21:21+00:00\",\"description\":\"Depuis la France, nous recevons le projet d\u2019un studio de d\u00e9coration d\u2019int\u00e9rieur sp\u00e9cialis\u00e9 dans les cuisines, salles de bain, dressing et toutes les solutions sur mesure, proche de Bordeaux. Es projets montrent le savoir-faire et surtout, la capacit\u00e9 \u00e0 chercher des solutions \u00e0 chacune des casuistiques qui se posent. Ils accompagnent leurs clients dans le processus int\u00e9gral d\u2019une r\u00e9novation pour r\u00e9ussir \u00e0 atteindre l\u2019espace de vie qu\u2019ils souhaitent.\",\"breadcrumb\":{\"@id\":\"https:\/\/cocinasmetodo.es\/proyecto-de-reactyf-agencement-maison-des-collines\/#breadcrumb\"},\"inLanguage\":\"fr-FR\",\"potentialAction\":[{\"@type\":\"ReadAction\",\"target\":[\"https:\/\/cocinasmetodo.es\/proyecto-de-reactyf-agencement-maison-des-collines\/\"]}]},{\"@type\":\"ImageObject\",\"inLanguage\":\"fr-FR\",\"@id\":\"https:\/\/cocinasmetodo.es\/proyecto-de-reactyf-agencement-maison-des-collines\/#primaryimage\",\"url\":\"https:\/\/cocinasmetodo.es\/wp-content\/uploads\/2022\/10\/cocinas-metodo-reactif-2022-3.jpg\",\"contentUrl\":\"https:\/\/cocinasmetodo.es\/wp-content\/uploads\/2022\/10\/cocinas-metodo-reactif-2022-3.jpg\",\"width\":2000,\"height\":1993},{\"@type\":\"BreadcrumbList\",\"@id\":\"https:\/\/cocinasmetodo.es\/proyecto-de-reactyf-agencement-maison-des-collines\/#breadcrumb\",\"itemListElement\":[{\"@type\":\"ListItem\",\"position\":1,\"name\":\"Portada\",\"item\":\"https:\/\/cocinasmetodo.es\/fr\/\"},{\"@type\":\"ListItem\",\"position\":2,\"name\":\"Projet bordelais (France), la Maison des Collines\"}]},{\"@type\":\"WebSite\",\"@id\":\"https:\/\/cocinasmetodo.es\/#website\",\"url\":\"https:\/\/cocinasmetodo.es\/\",\"name\":\"m\u00e9todo\",\"description\":\"Daily Kitchens\",\"publisher\":{\"@id\":\"https:\/\/cocinasmetodo.es\/#organization\"},\"potentialAction\":[{\"@type\":\"SearchAction\",\"target\":{\"@type\":\"EntryPoint\",\"urlTemplate\":\"https:\/\/cocinasmetodo.es\/?s={search_term_string}\"},\"query-input\":{\"@type\":\"PropertyValueSpecification\",\"valueRequired\":true,\"valueName\":\"search_term_string\"}}],\"inLanguage\":\"fr-FR\"},{\"@type\":\"Organization\",\"@id\":\"https:\/\/cocinasmetodo.es\/#organization\",\"name\":\"m\u00e9todo\",\"url\":\"https:\/\/cocinasmetodo.es\/\",\"logo\":{\"@type\":\"ImageObject\",\"inLanguage\":\"fr-FR\",\"@id\":\"https:\/\/cocinasmetodo.es\/#\/schema\/logo\/image\/\",\"url\":\"https:\/\/cocinasmetodo.es\/wp-content\/uploads\/2021\/05\/logoweb.png\",\"contentUrl\":\"https:\/\/cocinasmetodo.es\/wp-content\/uploads\/2021\/05\/logoweb.png\",\"width\":1000,\"height\":528,\"caption\":\"m\u00e9todo\"},\"image\":{\"@id\":\"https:\/\/cocinasmetodo.es\/#\/schema\/logo\/image\/\"}},{\"@type\":\"Person\",\"@id\":\"https:\/\/cocinasmetodo.es\/#\/schema\/person\/cf74899f07207d3cb6021e2e6f17241f\",\"name\":\"admin\",\"image\":{\"@type\":\"ImageObject\",\"inLanguage\":\"fr-FR\",\"@id\":\"https:\/\/secure.gravatar.com\/avatar\/f81daeca33be8da0842690f149bc1081f003f3840397028f3faabf244c06927a?s=96&d=mm&r=g\",\"url\":\"https:\/\/secure.gravatar.com\/avatar\/f81daeca33be8da0842690f149bc1081f003f3840397028f3faabf244c06927a?s=96&d=mm&r=g\",\"contentUrl\":\"https:\/\/secure.gravatar.com\/avatar\/f81daeca33be8da0842690f149bc1081f003f3840397028f3faabf244c06927a?s=96&d=mm&r=g\",\"caption\":\"admin\"},\"sameAs\":[\"https:\/\/cocinasmetodo.es\/website2021\"]}]}<\/script>\n<!-- \/ Yoast SEO plugin. -->","yoast_head_json":{"title":"Projet bordelais (France), la Maison des Collines - m\u00e9todo","description":"Depuis la France, nous recevons le projet d\u2019un studio de d\u00e9coration d\u2019int\u00e9rieur sp\u00e9cialis\u00e9 dans les cuisines, salles de bain, dressing et toutes les solutions sur mesure, proche de Bordeaux. Es projets montrent le savoir-faire et surtout, la capacit\u00e9 \u00e0 chercher des solutions \u00e0 chacune des casuistiques qui se posent. Ils accompagnent leurs clients dans le processus int\u00e9gral d\u2019une r\u00e9novation pour r\u00e9ussir \u00e0 atteindre l\u2019espace de vie qu\u2019ils souhaitent.","robots":{"index":"index","follow":"follow","max-snippet":"max-snippet:-1","max-image-preview":"max-image-preview:large","max-video-preview":"max-video-preview:-1"},"canonical":"https:\/\/cocinasmetodo.es\/proyecto-de-reactyf-agencement-maison-des-collines\/","og_locale":"fr_FR","og_type":"article","og_title":"Projet bordelais (France), la Maison des Collines - m\u00e9todo","og_description":"Depuis la France, nous recevons le projet d\u2019un studio de d\u00e9coration d\u2019int\u00e9rieur sp\u00e9cialis\u00e9 dans les cuisines, salles de bain, dressing et toutes les solutions sur mesure, proche de Bordeaux. Es projets montrent le savoir-faire et surtout, la capacit\u00e9 \u00e0 chercher des solutions \u00e0 chacune des casuistiques qui se posent. Ils accompagnent leurs clients dans le processus int\u00e9gral d\u2019une r\u00e9novation pour r\u00e9ussir \u00e0 atteindre l\u2019espace de vie qu\u2019ils souhaitent.","og_url":"https:\/\/cocinasmetodo.es\/proyecto-de-reactyf-agencement-maison-des-collines\/","og_site_name":"m\u00e9todo","article_published_time":"2022-10-14T14:00:11+00:00","article_modified_time":"2022-11-09T11:21:21+00:00","og_image":[{"width":2000,"height":1993,"url":"https:\/\/cocinasmetodo.es\/wp-content\/uploads\/2022\/10\/cocinas-metodo-reactif-2022-3.jpg","type":"image\/jpeg"}],"author":"admin","twitter_card":"summary_large_image","twitter_misc":{"\u00c9crit par":"admin","Dur\u00e9e de lecture estim\u00e9e":"8 minutes"},"schema":{"@context":"https:\/\/schema.org","@graph":[{"@type":"Article","@id":"https:\/\/cocinasmetodo.es\/proyecto-de-reactyf-agencement-maison-des-collines\/#article","isPartOf":{"@id":"https:\/\/cocinasmetodo.es\/proyecto-de-reactyf-agencement-maison-des-collines\/"},"author":{"name":"admin","@id":"https:\/\/cocinasmetodo.es\/#\/schema\/person\/cf74899f07207d3cb6021e2e6f17241f"},"headline":"Projet bordelais (France), la Maison des Collines","datePublished":"2022-10-14T14:00:11+00:00","dateModified":"2022-11-09T11:21:21+00:00","mainEntityOfPage":{"@id":"https:\/\/cocinasmetodo.es\/proyecto-de-reactyf-agencement-maison-des-collines\/"},"wordCount":1937,"commentCount":0,"publisher":{"@id":"https:\/\/cocinasmetodo.es\/#organization"},"image":{"@id":"https:\/\/cocinasmetodo.es\/proyecto-de-reactyf-agencement-maison-des-collines\/#primaryimage"},"thumbnailUrl":"https:\/\/cocinasmetodo.es\/wp-content\/uploads\/2022\/10\/cocinas-metodo-reactif-2022-3.jpg","keywords":["cocinas","Interiorismo","R\u00e9actif Agencement","reformas"],"articleSection":["Cuisines","Projets"],"inLanguage":"fr-FR","potentialAction":[{"@type":"CommentAction","name":"Comment","target":["https:\/\/cocinasmetodo.es\/proyecto-de-reactyf-agencement-maison-des-collines\/#respond"]}]},{"@type":"WebPage","@id":"https:\/\/cocinasmetodo.es\/proyecto-de-reactyf-agencement-maison-des-collines\/","url":"https:\/\/cocinasmetodo.es\/proyecto-de-reactyf-agencement-maison-des-collines\/","name":"Projet bordelais (France), la Maison des Collines - m\u00e9todo","isPartOf":{"@id":"https:\/\/cocinasmetodo.es\/#website"},"primaryImageOfPage":{"@id":"https:\/\/cocinasmetodo.es\/proyecto-de-reactyf-agencement-maison-des-collines\/#primaryimage"},"image":{"@id":"https:\/\/cocinasmetodo.es\/proyecto-de-reactyf-agencement-maison-des-collines\/#primaryimage"},"thumbnailUrl":"https:\/\/cocinasmetodo.es\/wp-content\/uploads\/2022\/10\/cocinas-metodo-reactif-2022-3.jpg","datePublished":"2022-10-14T14:00:11+00:00","dateModified":"2022-11-09T11:21:21+00:00","description":"Depuis la France, nous recevons le projet d\u2019un studio de d\u00e9coration d\u2019int\u00e9rieur sp\u00e9cialis\u00e9 dans les cuisines, salles de bain, dressing et toutes les solutions sur mesure, proche de Bordeaux. Es projets montrent le savoir-faire et surtout, la capacit\u00e9 \u00e0 chercher des solutions \u00e0 chacune des casuistiques qui se posent. Ils accompagnent leurs clients dans le processus int\u00e9gral d\u2019une r\u00e9novation pour r\u00e9ussir \u00e0 atteindre l\u2019espace de vie qu\u2019ils souhaitent.","breadcrumb":{"@id":"https:\/\/cocinasmetodo.es\/proyecto-de-reactyf-agencement-maison-des-collines\/#breadcrumb"},"inLanguage":"fr-FR","potentialAction":[{"@type":"ReadAction","target":["https:\/\/cocinasmetodo.es\/proyecto-de-reactyf-agencement-maison-des-collines\/"]}]},{"@type":"ImageObject","inLanguage":"fr-FR","@id":"https:\/\/cocinasmetodo.es\/proyecto-de-reactyf-agencement-maison-des-collines\/#primaryimage","url":"https:\/\/cocinasmetodo.es\/wp-content\/uploads\/2022\/10\/cocinas-metodo-reactif-2022-3.jpg","contentUrl":"https:\/\/cocinasmetodo.es\/wp-content\/uploads\/2022\/10\/cocinas-metodo-reactif-2022-3.jpg","width":2000,"height":1993},{"@type":"BreadcrumbList","@id":"https:\/\/cocinasmetodo.es\/proyecto-de-reactyf-agencement-maison-des-collines\/#breadcrumb","itemListElement":[{"@type":"ListItem","position":1,"name":"Portada","item":"https:\/\/cocinasmetodo.es\/fr\/"},{"@type":"ListItem","position":2,"name":"Projet bordelais (France), la Maison des Collines"}]},{"@type":"WebSite","@id":"https:\/\/cocinasmetodo.es\/#website","url":"https:\/\/cocinasmetodo.es\/","name":"m\u00e9todo","description":"Daily Kitchens","publisher":{"@id":"https:\/\/cocinasmetodo.es\/#organization"},"potentialAction":[{"@type":"SearchAction","target":{"@type":"EntryPoint","urlTemplate":"https:\/\/cocinasmetodo.es\/?s={search_term_string}"},"query-input":{"@type":"PropertyValueSpecification","valueRequired":true,"valueName":"search_term_string"}}],"inLanguage":"fr-FR"},{"@type":"Organization","@id":"https:\/\/cocinasmetodo.es\/#organization","name":"m\u00e9todo","url":"https:\/\/cocinasmetodo.es\/","logo":{"@type":"ImageObject","inLanguage":"fr-FR","@id":"https:\/\/cocinasmetodo.es\/#\/schema\/logo\/image\/","url":"https:\/\/cocinasmetodo.es\/wp-content\/uploads\/2021\/05\/logoweb.png","contentUrl":"https:\/\/cocinasmetodo.es\/wp-content\/uploads\/2021\/05\/logoweb.png","width":1000,"height":528,"caption":"m\u00e9todo"},"image":{"@id":"https:\/\/cocinasmetodo.es\/#\/schema\/logo\/image\/"}},{"@type":"Person","@id":"https:\/\/cocinasmetodo.es\/#\/schema\/person\/cf74899f07207d3cb6021e2e6f17241f","name":"admin","image":{"@type":"ImageObject","inLanguage":"fr-FR","@id":"https:\/\/secure.gravatar.com\/avatar\/f81daeca33be8da0842690f149bc1081f003f3840397028f3faabf244c06927a?s=96&d=mm&r=g","url":"https:\/\/secure.gravatar.com\/avatar\/f81daeca33be8da0842690f149bc1081f003f3840397028f3faabf244c06927a?s=96&d=mm&r=g","contentUrl":"https:\/\/secure.gravatar.com\/avatar\/f81daeca33be8da0842690f149bc1081f003f3840397028f3faabf244c06927a?s=96&d=mm&r=g","caption":"admin"},"sameAs":["https:\/\/cocinasmetodo.es\/website2021"]}]}},"_links":{"self":[{"href":"https:\/\/cocinasmetodo.es\/fr\/wp-json\/wp\/v2\/posts\/4555","targetHints":{"allow":["GET"]}}],"collection":[{"href":"https:\/\/cocinasmetodo.es\/fr\/wp-json\/wp\/v2\/posts"}],"about":[{"href":"https:\/\/cocinasmetodo.es\/fr\/wp-json\/wp\/v2\/types\/post"}],"author":[{"embeddable":true,"href":"https:\/\/cocinasmetodo.es\/fr\/wp-json\/wp\/v2\/users\/1"}],"replies":[{"embeddable":true,"href":"https:\/\/cocinasmetodo.es\/fr\/wp-json\/wp\/v2\/comments?post=4555"}],"version-history":[{"count":3,"href":"https:\/\/cocinasmetodo.es\/fr\/wp-json\/wp\/v2\/posts\/4555\/revisions"}],"predecessor-version":[{"id":4669,"href":"https:\/\/cocinasmetodo.es\/fr\/wp-json\/wp\/v2\/posts\/4555\/revisions\/4669"}],"wp:featuredmedia":[{"embeddable":true,"href":"https:\/\/cocinasmetodo.es\/fr\/wp-json\/wp\/v2\/media\/4220"}],"wp:attachment":[{"href":"https:\/\/cocinasmetodo.es\/fr\/wp-json\/wp\/v2\/media?parent=4555"}],"wp:term":[{"taxonomy":"category","embeddable":true,"href":"https:\/\/cocinasmetodo.es\/fr\/wp-json\/wp\/v2\/categories?post=4555"},{"taxonomy":"post_tag","embeddable":true,"href":"https:\/\/cocinasmetodo.es\/fr\/wp-json\/wp\/v2\/tags?post=4555"}],"curies":[{"name":"wp","href":"https:\/\/api.w.org\/{rel}","templated":true}]}}