{"id":4122,"date":"2022-09-13T12:30:33","date_gmt":"2022-09-13T10:30:33","guid":{"rendered":"https:\/\/cocinasmetodo.es\/la-revista-im-instalaciones-y-montaje-en-cocinas-y-banos-destaca-el-proyecto-de-cocinas-metodo\/"},"modified":"2022-09-13T12:34:32","modified_gmt":"2022-09-13T10:34:32","slug":"la-revista-im-instalaciones-y-montaje-en-cocinas-y-banos-destaca-el-proyecto-de-cocinas-metodo","status":"publish","type":"post","link":"https:\/\/cocinasmetodo.es\/fr\/la-revista-im-instalaciones-y-montaje-en-cocinas-y-banos-destaca-el-proyecto-de-cocinas-metodo\/","title":{"rendered":"Le magazine IM INSTALACIONES Y MONTAJE EN COCINAS Y BA\u00d1OS met en avant le projet Cocinas M\u00e9todo."},"content":{"rendered":"<h3>\u201cCocinas M\u00e9todo ouvre la porte d&rsquo;un espace culinaire plein de secrets\u201d<\/h3>\n<p><strong><a href=\"https:\/\/www.imcb.info\/\">IMCB<\/a> Cocinas y Ba\u00f1os (Instalaciones y Montajes en Cocinas y Ba\u00f1os)<\/strong>:\u00a0est une revue sp\u00e9cialis\u00e9e dans l&rsquo;environnement de la cuisine et de la salle de bains cr\u00e9\u00e9e pour les professionnels de l&rsquo;installation et les vendeurs professionnels. Les derni\u00e8res nouvelles du secteur, les propositions de design et d&rsquo;installation, les \u00e9tudes de march\u00e9 et les tendances d\u00e9coratives et fonctionnelles permettent aux lecteurs d&rsquo;IM en Cocinas y Ba\u00f1os d&rsquo;\u00eatre pr\u00e9par\u00e9s \u00e0 donner une r\u00e9ponse efficace \u00e0 leurs clients, le consommateur final, et d&rsquo;\u00eatre au courant de tout ce qui concerne les produits et les designs des fabricants&#8230;..<\/p>\n<blockquote><p><strong>Dans l&rsquo;une de ses derni\u00e8res publications, le magazine num\u00e9rique IMCB met en avant le projet de cuisine M\u00e9thode avec meubles, caract\u00e9ris\u00e9 par le minimalisme et la puret\u00e9 des couleurs, permettant de tout avoir \u00e0 port\u00e9e de main et de tout ranger.\u00a0La lumi\u00e8re naturelle revendique \u00e9galement sa place \u00e0 travers la couleur blanche et les hautes portes vitr\u00e9es.\u00a0Un autre point fort est l&rsquo;\u00e9clairage LED, qui contribue \u00e0 renforcer l&rsquo;atmosph\u00e8re chaleureuse et \u00e0 donner de l&rsquo;espace \u00e0 la pi\u00e8ce.<\/strong><\/p><\/blockquote>\n<p>La cuisine devient un espace dans lequel nous pouvons exprimer notre glamour, avec des combinaisons qui apportent du bien-\u00eatre, sans renoncer au bon go\u00fbt. La sophistication, apport\u00e9e \u00e0 la cuisine, se traduit par des mat\u00e9riaux exquis et des couleurs neutres, pour cr\u00e9er une atmosph\u00e8re agr\u00e9able.\u00a0Ce projet de r\u00e9novation avec COCINAS M\u00c9TODO pr\u00e9sente une distribution parall\u00e8le, offrant une collection de r\u00e9ussites et de surprises dans une cuisine \u00e9l\u00e9gante et accueillante.<\/p>\n<h3>Un design int\u00e9rieur sophistiqu\u00e9Une cuisine multifonctionnelle qui se fond dans la d\u00e9coration int\u00e9rieure de la maison.\u00a0Il convient de souligner l&rsquo;espace ouvert pour la t\u00e9l\u00e9vision, dont la partie inf\u00e9rieure a \u00e9t\u00e9 utilis\u00e9e pour cr\u00e9er plus de tiroirs de rangement et une \u00e9tag\u00e8re. Dans toute la cuisine, des mat\u00e9riaux lisses de couleur beige-vison et la chaleur du bois ont \u00e9t\u00e9 combin\u00e9s.<\/h3>\n<h3><a href=\"https:\/\/www.imcb.info\/noticia\/23760\/cocinas-metodo-abre-la-puerta-a-un-espacio-culinario-repleto-de-secre.html\"><strong>LIRE L&rsquo;ARTICLE<\/strong><\/a><\/h3>\n<p><img loading=\"lazy\" decoding=\"async\" class=\"alignnone size-full wp-image-4118\" src=\"https:\/\/cocinasmetodo.es\/wp-content\/uploads\/2022\/09\/METODO-IMCB-SEP-2022.gif\" alt=\"\" width=\"810\" height=\"1440\" \/><\/p>\n<hr \/>\n<p>&nbsp;<\/p>\n<div  class='avia-buttonrow-wrap av-1y6twi-3e7ea6a37514e6a4fd51ac3049db817d avia-buttonrow-center  avia-builder-el-0  avia-builder-el-no-sibling '>\n\n<style type=\"text\/css\" data-created_by=\"avia_inline_auto\" id=\"style-css-av-kwnf4ref-d3eeec7100204f0ca80f01b6bc691e05\">\n#top #wrap_all .avia-button.av-kwnf4ref-d3eeec7100204f0ca80f01b6bc691e05{\nmargin-bottom:5px;\nmargin-right:3px;\nmargin-left:3px;\n}\n<\/style>\n<a href='https:\/\/cocinasmetodo.es\/fr\/contacto\/'  class='avia-button av-kwnf4ref-d3eeec7100204f0ca80f01b6bc691e05 avia-icon_select-no avia-size-medium avia-color-theme-color'   aria-label=\"AVEZ-VOUS BESOIN D\u2019UN BUDGET ?\"><span class='avia_iconbox_title' >AVEZ-VOUS BESOIN D\u2019UN BUDGET ?<\/span><\/a>\n\n<style type=\"text\/css\" data-created_by=\"avia_inline_auto\" id=\"style-css-av-kwnf5nlq-6dbd4570cc2c7a1e56ae090b5c0c7c19\">\n#top #wrap_all .avia-button.av-kwnf5nlq-6dbd4570cc2c7a1e56ae090b5c0c7c19{\nmargin-bottom:5px;\nmargin-right:3px;\nmargin-left:3px;\n}\n<\/style>\n<a href='https:\/\/cocinasmetodo.es\/fr\/contacto\/'  class='avia-button av-kwnf5nlq-6dbd4570cc2c7a1e56ae090b5c0c7c19 avia-icon_select-no avia-size-medium avia-color-theme-color'   aria-label=\"VOUS SOUHAITEZ PUBLIER UN PROJET ?\"><span class='avia_iconbox_title' >VOUS SOUHAITEZ PUBLIER UN PROJET ?<\/span><\/a>\n\n<style type=\"text\/css\" data-created_by=\"avia_inline_auto\" id=\"style-css-av-kwnf6k50-9e8dc149f2bac61c5782f6a3b98dfa0e\">\n#top #wrap_all .avia-button.av-kwnf6k50-9e8dc149f2bac61c5782f6a3b98dfa0e{\nmargin-bottom:5px;\nmargin-right:3px;\nmargin-left:3px;\n}\n<\/style>\n<a href='https:\/\/cocinasmetodo.es\/fr\/contacto\/'  class='avia-button av-kwnf6k50-9e8dc149f2bac61c5782f6a3b98dfa0e avia-icon_select-no avia-size-medium avia-color-theme-color'   aria-label=\"VOUS VOULEZ VOIR UNE CUISINE M\u00c9TODO?\"><span class='avia_iconbox_title' >VOUS VOULEZ VOIR UNE CUISINE M\u00c9TODO?<\/span><\/a>\n<\/div>\n<hr \/>\n<p>&nbsp;<\/p>\n","protected":false},"excerpt":{"rendered":"<p>Dans l&rsquo;une de ses derni\u00e8res publications, le magazine num\u00e9rique IMCB met en avant le projet de cuisine M\u00e9thode avec meubles, caract\u00e9ris\u00e9 par le minimalisme et la puret\u00e9 des couleurs, permettant de tout avoir \u00e0 port\u00e9e de main et de tout ranger.\u00a0La lumi\u00e8re naturelle revendique \u00e9galement sa place \u00e0 travers la couleur blanche et les hautes portes vitr\u00e9es.\u00a0Un autre point fort est l&rsquo;\u00e9clairage LED, qui contribue \u00e0 renforcer l&rsquo;atmosph\u00e8re chaleureuse et \u00e0 donner de l&rsquo;espace \u00e0 la pi\u00e8ce.<\/p>\n","protected":false},"author":1,"featured_media":4117,"comment_status":"open","ping_status":"open","sticky":false,"template":"","format":"standard","meta":{"footnotes":""},"categories":[121],"tags":[202,162,203],"class_list":["post-4122","post","type-post","status-publish","format-standard","has-post-thumbnail","hentry","category-prensa-fr","tag-im-cocinas-y-banos-fr","tag-revista-cocinas-fr","tag-revista-imcb-fr"],"yoast_head":"<!-- This site is optimized with the Yoast SEO plugin v27.2 - https:\/\/yoast.com\/product\/yoast-seo-wordpress\/ -->\n<title>Le magazine IM INSTALACIONES Y MONTAJE EN COCINAS Y BA\u00d1OS met en avant le projet Cocinas M\u00e9todo. - m\u00e9todo<\/title>\n<meta name=\"description\" content=\"Dans l&#039;une de ses derni\u00e8res publications, le magazine num\u00e9rique IMCB met en avant le projet de cuisine M\u00e9thode avec meubles, caract\u00e9ris\u00e9 par le minimalisme et la puret\u00e9 des couleurs, permettant de tout avoir \u00e0 port\u00e9e de main et de tout ranger.\u00a0La lumi\u00e8re naturelle revendique \u00e9galement sa place \u00e0 travers la couleur blanche et les hautes portes vitr\u00e9es.\u00a0Un autre point fort est l&#039;\u00e9clairage LED, qui contribue \u00e0 renforcer l&#039;atmosph\u00e8re chaleureuse et \u00e0 donner de l&#039;espace \u00e0 la pi\u00e8ce.\" \/>\n<meta name=\"robots\" content=\"index, follow, max-snippet:-1, max-image-preview:large, max-video-preview:-1\" \/>\n<link rel=\"canonical\" href=\"https:\/\/cocinasmetodo.es\/la-revista-im-instalaciones-y-montaje-en-cocinas-y-banos-destaca-el-proyecto-de-cocinas-metodo\/\" \/>\n<meta property=\"og:locale\" content=\"fr_FR\" \/>\n<meta property=\"og:type\" content=\"article\" \/>\n<meta property=\"og:title\" content=\"Le magazine IM INSTALACIONES Y MONTAJE EN COCINAS Y BA\u00d1OS met en avant le projet Cocinas M\u00e9todo. - m\u00e9todo\" \/>\n<meta property=\"og:description\" content=\"Dans l&#039;une de ses derni\u00e8res publications, le magazine num\u00e9rique IMCB met en avant le projet de cuisine M\u00e9thode avec meubles, caract\u00e9ris\u00e9 par le minimalisme et la puret\u00e9 des couleurs, permettant de tout avoir \u00e0 port\u00e9e de main et de tout ranger.\u00a0La lumi\u00e8re naturelle revendique \u00e9galement sa place \u00e0 travers la couleur blanche et les hautes portes vitr\u00e9es.\u00a0Un autre point fort est l&#039;\u00e9clairage LED, qui contribue \u00e0 renforcer l&#039;atmosph\u00e8re chaleureuse et \u00e0 donner de l&#039;espace \u00e0 la pi\u00e8ce.\" \/>\n<meta property=\"og:url\" content=\"https:\/\/cocinasmetodo.es\/la-revista-im-instalaciones-y-montaje-en-cocinas-y-banos-destaca-el-proyecto-de-cocinas-metodo\/\" \/>\n<meta property=\"og:site_name\" content=\"m\u00e9todo\" \/>\n<meta property=\"article:published_time\" content=\"2022-09-13T10:30:33+00:00\" \/>\n<meta property=\"article:modified_time\" content=\"2022-09-13T10:34:32+00:00\" \/>\n<meta property=\"og:image\" content=\"https:\/\/cocinasmetodo.es\/wp-content\/uploads\/2022\/09\/imcb-cocinas-metodo-sep-2022.jpg\" \/>\n\t<meta property=\"og:image:width\" content=\"1300\" \/>\n\t<meta property=\"og:image:height\" content=\"2314\" \/>\n\t<meta property=\"og:image:type\" content=\"image\/jpeg\" \/>\n<meta name=\"author\" content=\"admin\" \/>\n<meta name=\"twitter:card\" content=\"summary_large_image\" \/>\n<meta name=\"twitter:label1\" content=\"\u00c9crit par\" \/>\n\t<meta name=\"twitter:data1\" content=\"admin\" \/>\n\t<meta name=\"twitter:label2\" content=\"Dur\u00e9e de lecture estim\u00e9e\" \/>\n\t<meta name=\"twitter:data2\" content=\"3 minutes\" \/>\n<script type=\"application\/ld+json\" class=\"yoast-schema-graph\">{\"@context\":\"https:\/\/schema.org\",\"@graph\":[{\"@type\":\"Article\",\"@id\":\"https:\/\/cocinasmetodo.es\/la-revista-im-instalaciones-y-montaje-en-cocinas-y-banos-destaca-el-proyecto-de-cocinas-metodo\/#article\",\"isPartOf\":{\"@id\":\"https:\/\/cocinasmetodo.es\/la-revista-im-instalaciones-y-montaje-en-cocinas-y-banos-destaca-el-proyecto-de-cocinas-metodo\/\"},\"author\":{\"name\":\"admin\",\"@id\":\"https:\/\/cocinasmetodo.es\/#\/schema\/person\/cf74899f07207d3cb6021e2e6f17241f\"},\"headline\":\"Le magazine IM INSTALACIONES Y MONTAJE EN COCINAS Y BA\u00d1OS met en avant le projet Cocinas M\u00e9todo.\",\"datePublished\":\"2022-09-13T10:30:33+00:00\",\"dateModified\":\"2022-09-13T10:34:32+00:00\",\"mainEntityOfPage\":{\"@id\":\"https:\/\/cocinasmetodo.es\/la-revista-im-instalaciones-y-montaje-en-cocinas-y-banos-destaca-el-proyecto-de-cocinas-metodo\/\"},\"wordCount\":845,\"commentCount\":0,\"publisher\":{\"@id\":\"https:\/\/cocinasmetodo.es\/#organization\"},\"image\":{\"@id\":\"https:\/\/cocinasmetodo.es\/la-revista-im-instalaciones-y-montaje-en-cocinas-y-banos-destaca-el-proyecto-de-cocinas-metodo\/#primaryimage\"},\"thumbnailUrl\":\"https:\/\/cocinasmetodo.es\/wp-content\/uploads\/2022\/09\/imcb-cocinas-metodo-sep-2022.jpg\",\"keywords\":[\"IM Cocinas y Ba\u00f1os\",\"revista cocinas\",\"revista IMCB\"],\"articleSection\":[\"Prensa\"],\"inLanguage\":\"fr-FR\",\"potentialAction\":[{\"@type\":\"CommentAction\",\"name\":\"Comment\",\"target\":[\"https:\/\/cocinasmetodo.es\/la-revista-im-instalaciones-y-montaje-en-cocinas-y-banos-destaca-el-proyecto-de-cocinas-metodo\/#respond\"]}]},{\"@type\":\"WebPage\",\"@id\":\"https:\/\/cocinasmetodo.es\/la-revista-im-instalaciones-y-montaje-en-cocinas-y-banos-destaca-el-proyecto-de-cocinas-metodo\/\",\"url\":\"https:\/\/cocinasmetodo.es\/la-revista-im-instalaciones-y-montaje-en-cocinas-y-banos-destaca-el-proyecto-de-cocinas-metodo\/\",\"name\":\"Le magazine IM INSTALACIONES Y MONTAJE EN COCINAS Y BA\u00d1OS met en avant le projet Cocinas M\u00e9todo. - m\u00e9todo\",\"isPartOf\":{\"@id\":\"https:\/\/cocinasmetodo.es\/#website\"},\"primaryImageOfPage\":{\"@id\":\"https:\/\/cocinasmetodo.es\/la-revista-im-instalaciones-y-montaje-en-cocinas-y-banos-destaca-el-proyecto-de-cocinas-metodo\/#primaryimage\"},\"image\":{\"@id\":\"https:\/\/cocinasmetodo.es\/la-revista-im-instalaciones-y-montaje-en-cocinas-y-banos-destaca-el-proyecto-de-cocinas-metodo\/#primaryimage\"},\"thumbnailUrl\":\"https:\/\/cocinasmetodo.es\/wp-content\/uploads\/2022\/09\/imcb-cocinas-metodo-sep-2022.jpg\",\"datePublished\":\"2022-09-13T10:30:33+00:00\",\"dateModified\":\"2022-09-13T10:34:32+00:00\",\"description\":\"Dans l'une de ses derni\u00e8res publications, le magazine num\u00e9rique IMCB met en avant le projet de cuisine M\u00e9thode avec meubles, caract\u00e9ris\u00e9 par le minimalisme et la puret\u00e9 des couleurs, permettant de tout avoir \u00e0 port\u00e9e de main et de tout ranger.\u00a0La lumi\u00e8re naturelle revendique \u00e9galement sa place \u00e0 travers la couleur blanche et les hautes portes vitr\u00e9es.\u00a0Un autre point fort est l'\u00e9clairage LED, qui contribue \u00e0 renforcer l'atmosph\u00e8re chaleureuse et \u00e0 donner de l'espace \u00e0 la pi\u00e8ce.\",\"breadcrumb\":{\"@id\":\"https:\/\/cocinasmetodo.es\/la-revista-im-instalaciones-y-montaje-en-cocinas-y-banos-destaca-el-proyecto-de-cocinas-metodo\/#breadcrumb\"},\"inLanguage\":\"fr-FR\",\"potentialAction\":[{\"@type\":\"ReadAction\",\"target\":[\"https:\/\/cocinasmetodo.es\/la-revista-im-instalaciones-y-montaje-en-cocinas-y-banos-destaca-el-proyecto-de-cocinas-metodo\/\"]}]},{\"@type\":\"ImageObject\",\"inLanguage\":\"fr-FR\",\"@id\":\"https:\/\/cocinasmetodo.es\/la-revista-im-instalaciones-y-montaje-en-cocinas-y-banos-destaca-el-proyecto-de-cocinas-metodo\/#primaryimage\",\"url\":\"https:\/\/cocinasmetodo.es\/wp-content\/uploads\/2022\/09\/imcb-cocinas-metodo-sep-2022.jpg\",\"contentUrl\":\"https:\/\/cocinasmetodo.es\/wp-content\/uploads\/2022\/09\/imcb-cocinas-metodo-sep-2022.jpg\",\"width\":1300,\"height\":2314},{\"@type\":\"BreadcrumbList\",\"@id\":\"https:\/\/cocinasmetodo.es\/la-revista-im-instalaciones-y-montaje-en-cocinas-y-banos-destaca-el-proyecto-de-cocinas-metodo\/#breadcrumb\",\"itemListElement\":[{\"@type\":\"ListItem\",\"position\":1,\"name\":\"Portada\",\"item\":\"https:\/\/cocinasmetodo.es\/fr\/\"},{\"@type\":\"ListItem\",\"position\":2,\"name\":\"Le magazine IM INSTALACIONES Y MONTAJE EN COCINAS Y BA\u00d1OS met en avant le projet Cocinas M\u00e9todo.\"}]},{\"@type\":\"WebSite\",\"@id\":\"https:\/\/cocinasmetodo.es\/#website\",\"url\":\"https:\/\/cocinasmetodo.es\/\",\"name\":\"m\u00e9todo\",\"description\":\"Daily Kitchens\",\"publisher\":{\"@id\":\"https:\/\/cocinasmetodo.es\/#organization\"},\"potentialAction\":[{\"@type\":\"SearchAction\",\"target\":{\"@type\":\"EntryPoint\",\"urlTemplate\":\"https:\/\/cocinasmetodo.es\/?s={search_term_string}\"},\"query-input\":{\"@type\":\"PropertyValueSpecification\",\"valueRequired\":true,\"valueName\":\"search_term_string\"}}],\"inLanguage\":\"fr-FR\"},{\"@type\":\"Organization\",\"@id\":\"https:\/\/cocinasmetodo.es\/#organization\",\"name\":\"m\u00e9todo\",\"url\":\"https:\/\/cocinasmetodo.es\/\",\"logo\":{\"@type\":\"ImageObject\",\"inLanguage\":\"fr-FR\",\"@id\":\"https:\/\/cocinasmetodo.es\/#\/schema\/logo\/image\/\",\"url\":\"https:\/\/cocinasmetodo.es\/wp-content\/uploads\/2021\/05\/logoweb.png\",\"contentUrl\":\"https:\/\/cocinasmetodo.es\/wp-content\/uploads\/2021\/05\/logoweb.png\",\"width\":1000,\"height\":528,\"caption\":\"m\u00e9todo\"},\"image\":{\"@id\":\"https:\/\/cocinasmetodo.es\/#\/schema\/logo\/image\/\"}},{\"@type\":\"Person\",\"@id\":\"https:\/\/cocinasmetodo.es\/#\/schema\/person\/cf74899f07207d3cb6021e2e6f17241f\",\"name\":\"admin\",\"image\":{\"@type\":\"ImageObject\",\"inLanguage\":\"fr-FR\",\"@id\":\"https:\/\/secure.gravatar.com\/avatar\/f81daeca33be8da0842690f149bc1081f003f3840397028f3faabf244c06927a?s=96&d=mm&r=g\",\"url\":\"https:\/\/secure.gravatar.com\/avatar\/f81daeca33be8da0842690f149bc1081f003f3840397028f3faabf244c06927a?s=96&d=mm&r=g\",\"contentUrl\":\"https:\/\/secure.gravatar.com\/avatar\/f81daeca33be8da0842690f149bc1081f003f3840397028f3faabf244c06927a?s=96&d=mm&r=g\",\"caption\":\"admin\"},\"sameAs\":[\"https:\/\/cocinasmetodo.es\/website2021\"]}]}<\/script>\n<!-- \/ Yoast SEO plugin. -->","yoast_head_json":{"title":"Le magazine IM INSTALACIONES Y MONTAJE EN COCINAS Y BA\u00d1OS met en avant le projet Cocinas M\u00e9todo. - m\u00e9todo","description":"Dans l'une de ses derni\u00e8res publications, le magazine num\u00e9rique IMCB met en avant le projet de cuisine M\u00e9thode avec meubles, caract\u00e9ris\u00e9 par le minimalisme et la puret\u00e9 des couleurs, permettant de tout avoir \u00e0 port\u00e9e de main et de tout ranger.\u00a0La lumi\u00e8re naturelle revendique \u00e9galement sa place \u00e0 travers la couleur blanche et les hautes portes vitr\u00e9es.\u00a0Un autre point fort est l'\u00e9clairage LED, qui contribue \u00e0 renforcer l'atmosph\u00e8re chaleureuse et \u00e0 donner de l'espace \u00e0 la pi\u00e8ce.","robots":{"index":"index","follow":"follow","max-snippet":"max-snippet:-1","max-image-preview":"max-image-preview:large","max-video-preview":"max-video-preview:-1"},"canonical":"https:\/\/cocinasmetodo.es\/la-revista-im-instalaciones-y-montaje-en-cocinas-y-banos-destaca-el-proyecto-de-cocinas-metodo\/","og_locale":"fr_FR","og_type":"article","og_title":"Le magazine IM INSTALACIONES Y MONTAJE EN COCINAS Y BA\u00d1OS met en avant le projet Cocinas M\u00e9todo. - m\u00e9todo","og_description":"Dans l'une de ses derni\u00e8res publications, le magazine num\u00e9rique IMCB met en avant le projet de cuisine M\u00e9thode avec meubles, caract\u00e9ris\u00e9 par le minimalisme et la puret\u00e9 des couleurs, permettant de tout avoir \u00e0 port\u00e9e de main et de tout ranger.\u00a0La lumi\u00e8re naturelle revendique \u00e9galement sa place \u00e0 travers la couleur blanche et les hautes portes vitr\u00e9es.\u00a0Un autre point fort est l'\u00e9clairage LED, qui contribue \u00e0 renforcer l'atmosph\u00e8re chaleureuse et \u00e0 donner de l'espace \u00e0 la pi\u00e8ce.","og_url":"https:\/\/cocinasmetodo.es\/la-revista-im-instalaciones-y-montaje-en-cocinas-y-banos-destaca-el-proyecto-de-cocinas-metodo\/","og_site_name":"m\u00e9todo","article_published_time":"2022-09-13T10:30:33+00:00","article_modified_time":"2022-09-13T10:34:32+00:00","og_image":[{"width":1300,"height":2314,"url":"https:\/\/cocinasmetodo.es\/wp-content\/uploads\/2022\/09\/imcb-cocinas-metodo-sep-2022.jpg","type":"image\/jpeg"}],"author":"admin","twitter_card":"summary_large_image","twitter_misc":{"\u00c9crit par":"admin","Dur\u00e9e de lecture estim\u00e9e":"3 minutes"},"schema":{"@context":"https:\/\/schema.org","@graph":[{"@type":"Article","@id":"https:\/\/cocinasmetodo.es\/la-revista-im-instalaciones-y-montaje-en-cocinas-y-banos-destaca-el-proyecto-de-cocinas-metodo\/#article","isPartOf":{"@id":"https:\/\/cocinasmetodo.es\/la-revista-im-instalaciones-y-montaje-en-cocinas-y-banos-destaca-el-proyecto-de-cocinas-metodo\/"},"author":{"name":"admin","@id":"https:\/\/cocinasmetodo.es\/#\/schema\/person\/cf74899f07207d3cb6021e2e6f17241f"},"headline":"Le magazine IM INSTALACIONES Y MONTAJE EN COCINAS Y BA\u00d1OS met en avant le projet Cocinas M\u00e9todo.","datePublished":"2022-09-13T10:30:33+00:00","dateModified":"2022-09-13T10:34:32+00:00","mainEntityOfPage":{"@id":"https:\/\/cocinasmetodo.es\/la-revista-im-instalaciones-y-montaje-en-cocinas-y-banos-destaca-el-proyecto-de-cocinas-metodo\/"},"wordCount":845,"commentCount":0,"publisher":{"@id":"https:\/\/cocinasmetodo.es\/#organization"},"image":{"@id":"https:\/\/cocinasmetodo.es\/la-revista-im-instalaciones-y-montaje-en-cocinas-y-banos-destaca-el-proyecto-de-cocinas-metodo\/#primaryimage"},"thumbnailUrl":"https:\/\/cocinasmetodo.es\/wp-content\/uploads\/2022\/09\/imcb-cocinas-metodo-sep-2022.jpg","keywords":["IM Cocinas y Ba\u00f1os","revista cocinas","revista IMCB"],"articleSection":["Prensa"],"inLanguage":"fr-FR","potentialAction":[{"@type":"CommentAction","name":"Comment","target":["https:\/\/cocinasmetodo.es\/la-revista-im-instalaciones-y-montaje-en-cocinas-y-banos-destaca-el-proyecto-de-cocinas-metodo\/#respond"]}]},{"@type":"WebPage","@id":"https:\/\/cocinasmetodo.es\/la-revista-im-instalaciones-y-montaje-en-cocinas-y-banos-destaca-el-proyecto-de-cocinas-metodo\/","url":"https:\/\/cocinasmetodo.es\/la-revista-im-instalaciones-y-montaje-en-cocinas-y-banos-destaca-el-proyecto-de-cocinas-metodo\/","name":"Le magazine IM INSTALACIONES Y MONTAJE EN COCINAS Y BA\u00d1OS met en avant le projet Cocinas M\u00e9todo. - m\u00e9todo","isPartOf":{"@id":"https:\/\/cocinasmetodo.es\/#website"},"primaryImageOfPage":{"@id":"https:\/\/cocinasmetodo.es\/la-revista-im-instalaciones-y-montaje-en-cocinas-y-banos-destaca-el-proyecto-de-cocinas-metodo\/#primaryimage"},"image":{"@id":"https:\/\/cocinasmetodo.es\/la-revista-im-instalaciones-y-montaje-en-cocinas-y-banos-destaca-el-proyecto-de-cocinas-metodo\/#primaryimage"},"thumbnailUrl":"https:\/\/cocinasmetodo.es\/wp-content\/uploads\/2022\/09\/imcb-cocinas-metodo-sep-2022.jpg","datePublished":"2022-09-13T10:30:33+00:00","dateModified":"2022-09-13T10:34:32+00:00","description":"Dans l'une de ses derni\u00e8res publications, le magazine num\u00e9rique IMCB met en avant le projet de cuisine M\u00e9thode avec meubles, caract\u00e9ris\u00e9 par le minimalisme et la puret\u00e9 des couleurs, permettant de tout avoir \u00e0 port\u00e9e de main et de tout ranger.\u00a0La lumi\u00e8re naturelle revendique \u00e9galement sa place \u00e0 travers la couleur blanche et les hautes portes vitr\u00e9es.\u00a0Un autre point fort est l'\u00e9clairage LED, qui contribue \u00e0 renforcer l'atmosph\u00e8re chaleureuse et \u00e0 donner de l'espace \u00e0 la pi\u00e8ce.","breadcrumb":{"@id":"https:\/\/cocinasmetodo.es\/la-revista-im-instalaciones-y-montaje-en-cocinas-y-banos-destaca-el-proyecto-de-cocinas-metodo\/#breadcrumb"},"inLanguage":"fr-FR","potentialAction":[{"@type":"ReadAction","target":["https:\/\/cocinasmetodo.es\/la-revista-im-instalaciones-y-montaje-en-cocinas-y-banos-destaca-el-proyecto-de-cocinas-metodo\/"]}]},{"@type":"ImageObject","inLanguage":"fr-FR","@id":"https:\/\/cocinasmetodo.es\/la-revista-im-instalaciones-y-montaje-en-cocinas-y-banos-destaca-el-proyecto-de-cocinas-metodo\/#primaryimage","url":"https:\/\/cocinasmetodo.es\/wp-content\/uploads\/2022\/09\/imcb-cocinas-metodo-sep-2022.jpg","contentUrl":"https:\/\/cocinasmetodo.es\/wp-content\/uploads\/2022\/09\/imcb-cocinas-metodo-sep-2022.jpg","width":1300,"height":2314},{"@type":"BreadcrumbList","@id":"https:\/\/cocinasmetodo.es\/la-revista-im-instalaciones-y-montaje-en-cocinas-y-banos-destaca-el-proyecto-de-cocinas-metodo\/#breadcrumb","itemListElement":[{"@type":"ListItem","position":1,"name":"Portada","item":"https:\/\/cocinasmetodo.es\/fr\/"},{"@type":"ListItem","position":2,"name":"Le magazine IM INSTALACIONES Y MONTAJE EN COCINAS Y BA\u00d1OS met en avant le projet Cocinas M\u00e9todo."}]},{"@type":"WebSite","@id":"https:\/\/cocinasmetodo.es\/#website","url":"https:\/\/cocinasmetodo.es\/","name":"m\u00e9todo","description":"Daily Kitchens","publisher":{"@id":"https:\/\/cocinasmetodo.es\/#organization"},"potentialAction":[{"@type":"SearchAction","target":{"@type":"EntryPoint","urlTemplate":"https:\/\/cocinasmetodo.es\/?s={search_term_string}"},"query-input":{"@type":"PropertyValueSpecification","valueRequired":true,"valueName":"search_term_string"}}],"inLanguage":"fr-FR"},{"@type":"Organization","@id":"https:\/\/cocinasmetodo.es\/#organization","name":"m\u00e9todo","url":"https:\/\/cocinasmetodo.es\/","logo":{"@type":"ImageObject","inLanguage":"fr-FR","@id":"https:\/\/cocinasmetodo.es\/#\/schema\/logo\/image\/","url":"https:\/\/cocinasmetodo.es\/wp-content\/uploads\/2021\/05\/logoweb.png","contentUrl":"https:\/\/cocinasmetodo.es\/wp-content\/uploads\/2021\/05\/logoweb.png","width":1000,"height":528,"caption":"m\u00e9todo"},"image":{"@id":"https:\/\/cocinasmetodo.es\/#\/schema\/logo\/image\/"}},{"@type":"Person","@id":"https:\/\/cocinasmetodo.es\/#\/schema\/person\/cf74899f07207d3cb6021e2e6f17241f","name":"admin","image":{"@type":"ImageObject","inLanguage":"fr-FR","@id":"https:\/\/secure.gravatar.com\/avatar\/f81daeca33be8da0842690f149bc1081f003f3840397028f3faabf244c06927a?s=96&d=mm&r=g","url":"https:\/\/secure.gravatar.com\/avatar\/f81daeca33be8da0842690f149bc1081f003f3840397028f3faabf244c06927a?s=96&d=mm&r=g","contentUrl":"https:\/\/secure.gravatar.com\/avatar\/f81daeca33be8da0842690f149bc1081f003f3840397028f3faabf244c06927a?s=96&d=mm&r=g","caption":"admin"},"sameAs":["https:\/\/cocinasmetodo.es\/website2021"]}]}},"_links":{"self":[{"href":"https:\/\/cocinasmetodo.es\/fr\/wp-json\/wp\/v2\/posts\/4122","targetHints":{"allow":["GET"]}}],"collection":[{"href":"https:\/\/cocinasmetodo.es\/fr\/wp-json\/wp\/v2\/posts"}],"about":[{"href":"https:\/\/cocinasmetodo.es\/fr\/wp-json\/wp\/v2\/types\/post"}],"author":[{"embeddable":true,"href":"https:\/\/cocinasmetodo.es\/fr\/wp-json\/wp\/v2\/users\/1"}],"replies":[{"embeddable":true,"href":"https:\/\/cocinasmetodo.es\/fr\/wp-json\/wp\/v2\/comments?post=4122"}],"version-history":[{"count":2,"href":"https:\/\/cocinasmetodo.es\/fr\/wp-json\/wp\/v2\/posts\/4122\/revisions"}],"predecessor-version":[{"id":4124,"href":"https:\/\/cocinasmetodo.es\/fr\/wp-json\/wp\/v2\/posts\/4122\/revisions\/4124"}],"wp:featuredmedia":[{"embeddable":true,"href":"https:\/\/cocinasmetodo.es\/fr\/wp-json\/wp\/v2\/media\/4117"}],"wp:attachment":[{"href":"https:\/\/cocinasmetodo.es\/fr\/wp-json\/wp\/v2\/media?parent=4122"}],"wp:term":[{"taxonomy":"category","embeddable":true,"href":"https:\/\/cocinasmetodo.es\/fr\/wp-json\/wp\/v2\/categories?post=4122"},{"taxonomy":"post_tag","embeddable":true,"href":"https:\/\/cocinasmetodo.es\/fr\/wp-json\/wp\/v2\/tags?post=4122"}],"curies":[{"name":"wp","href":"https:\/\/api.w.org\/{rel}","templated":true}]}}