{"id":3382,"date":"2022-05-16T13:52:52","date_gmt":"2022-05-16T11:52:52","guid":{"rendered":"https:\/\/cocinasmetodo.es\/especial-reformas-de-cocina-con-referencia-a-cocinas-metodo\/"},"modified":"2022-05-16T13:59:21","modified_gmt":"2022-05-16T11:59:21","slug":"especial-reformas-de-cocina-con-referencia-a-cocinas-metodo","status":"publish","type":"post","link":"https:\/\/cocinasmetodo.es\/fr\/especial-reformas-de-cocina-con-referencia-a-cocinas-metodo\/","title":{"rendered":"R\u00e9formes sp\u00e9ciales des cuisines en r\u00e9f\u00e9rence aux cuisines  M\u00c9TODO"},"content":{"rendered":"<h3>\u201cLe magazine Cocinas y Ba\u00f1os propose un dossier exhaustif sur tout ce qu&rsquo;il faut prendre en compte.\u201d<\/h3>\n<p><strong>La prestigieuse magazine du secteur des cuisines et des bains,<a href=\"https:\/\/www.revistacasaviva.es\/\"> COCINAS Y BA\u00d1OS de Curt Ediciones<\/a>,<\/strong> de Curt Ediciones, publie un rapport complet sur les cl\u00e9s au moment de r\u00e9former la cuisine : budgets, tendances, objectifs&#8230; Tout un d\u00e9ploiement d&rsquo;informations qui seront d&rsquo;une grande aide si vous pensez \u00e0 r\u00e9former la cuisine. Et les cuisines M\u00c9TODO servent d&rsquo;exemple et de r\u00e9f\u00e9rence.<\/p>\n<blockquote><p><strong>Est-il possible d&rsquo;apporter quelques modifications \u00e0 l&rsquo;am\u00e9nagement int\u00e9rieur afin de maximiser l&rsquo;entr\u00e9e de lumi\u00e8re et d&rsquo;\u00e9liminer les zones d&rsquo;ombre ? Est-il pr\u00e9f\u00e9rable de placer les salles de repos dans la partie la plus sombre et celles destin\u00e9es \u00e0 la journ\u00e9e dans les zones les plus claires ?\u00a0Les d\u00e9penses impr\u00e9vues, les mauvaises finitions et les modifications apport\u00e9es en dehors du projet sont quelques-unes des causes qui peuvent rendre la r\u00e9novation plus co\u00fbteuse ou faire en sorte que les r\u00e9sultats ne soient pas ceux escompt\u00e9s par l&rsquo;utilisateur.<\/strong><\/p><\/blockquote>\n<h3><\/h3>\n<p>\u00ab<em>Certaines r\u00e9flexions avant la conception finale de la nouvelle cuisine peuvent nous donner des indices importants sur les am\u00e9liorations qui peuvent \u00eatre obtenues avec la r\u00e9novation. L&rsquo;une des questions \u00e0 \u00e9tudier est d&rsquo;observer attentivement la lumi\u00e8re naturelle qui entre dans la cuisine et les pi\u00e8ces adjacentes et de voir comment elle se comporte le matin, le midi et l&rsquo;apr\u00e8s-midi. Il est \u00e9galement possible d&rsquo;envisager l&rsquo;option d&rsquo;ajouter plus d&rsquo;espace \u00e0 la cuisine, d&rsquo;int\u00e9grer une buanderie ou une petite toilette de courtoisie qui n&rsquo;est plus utilis\u00e9e. Une autre possibilit\u00e9 consiste \u00e0 d\u00e9molir les cloisons qui s\u00e9parent la cuisine du salon et de la salle \u00e0 manger et \u00e0 incorporer des couloirs et des distributeurs pour cr\u00e9er une pi\u00e8ce plus grande, plus ouverte et plus flexible, dans laquelle chaque zone fonctionnelle est parfaitement d\u00e9finie et \u00e9quip\u00e9e&#8230;.<\/em>\u00bb<\/p>\n<p><img loading=\"lazy\" decoding=\"async\" class=\"alignnone size-full wp-image-282\" src=\"https:\/\/cocinasmetodo.es\/wp-content\/uploads\/2021\/07\/metodo-cocina-modelo-602-1-scaled.jpg\" alt=\"\" width=\"2560\" height=\"1664\" srcset=\"https:\/\/cocinasmetodo.es\/wp-content\/uploads\/2021\/07\/metodo-cocina-modelo-602-1-scaled.jpg 2560w, https:\/\/cocinasmetodo.es\/wp-content\/uploads\/2021\/07\/metodo-cocina-modelo-602-1-300x195.jpg 300w, https:\/\/cocinasmetodo.es\/wp-content\/uploads\/2021\/07\/metodo-cocina-modelo-602-1-1030x670.jpg 1030w, https:\/\/cocinasmetodo.es\/wp-content\/uploads\/2021\/07\/metodo-cocina-modelo-602-1-768x499.jpg 768w, https:\/\/cocinasmetodo.es\/wp-content\/uploads\/2021\/07\/metodo-cocina-modelo-602-1-1536x998.jpg 1536w, https:\/\/cocinasmetodo.es\/wp-content\/uploads\/2021\/07\/metodo-cocina-modelo-602-1-2048x1331.jpg 2048w, https:\/\/cocinasmetodo.es\/wp-content\/uploads\/2021\/07\/metodo-cocina-modelo-602-1-1500x975.jpg 1500w, https:\/\/cocinasmetodo.es\/wp-content\/uploads\/2021\/07\/metodo-cocina-modelo-602-1-705x458.jpg 705w, https:\/\/cocinasmetodo.es\/wp-content\/uploads\/2021\/07\/metodo-cocina-modelo-602-1-scaled-600x390-600x390.jpg 600w, https:\/\/cocinasmetodo.es\/wp-content\/uploads\/2021\/07\/metodo-cocina-modelo-602-1-scaled-1200x780.jpg 1200w\" sizes=\"auto, (max-width: 2560px) 100vw, 2560px\" \/> <img loading=\"lazy\" decoding=\"async\" class=\"alignnone size-full wp-image-283\" src=\"https:\/\/cocinasmetodo.es\/wp-content\/uploads\/2021\/07\/metodo-cocina-modelo-602-2-scaled.jpg\" alt=\"\" width=\"2560\" height=\"1664\" srcset=\"https:\/\/cocinasmetodo.es\/wp-content\/uploads\/2021\/07\/metodo-cocina-modelo-602-2-scaled.jpg 2560w, https:\/\/cocinasmetodo.es\/wp-content\/uploads\/2021\/07\/metodo-cocina-modelo-602-2-300x195.jpg 300w, https:\/\/cocinasmetodo.es\/wp-content\/uploads\/2021\/07\/metodo-cocina-modelo-602-2-1030x670.jpg 1030w, https:\/\/cocinasmetodo.es\/wp-content\/uploads\/2021\/07\/metodo-cocina-modelo-602-2-768x499.jpg 768w, https:\/\/cocinasmetodo.es\/wp-content\/uploads\/2021\/07\/metodo-cocina-modelo-602-2-1536x998.jpg 1536w, https:\/\/cocinasmetodo.es\/wp-content\/uploads\/2021\/07\/metodo-cocina-modelo-602-2-2048x1331.jpg 2048w, https:\/\/cocinasmetodo.es\/wp-content\/uploads\/2021\/07\/metodo-cocina-modelo-602-2-1500x975.jpg 1500w, https:\/\/cocinasmetodo.es\/wp-content\/uploads\/2021\/07\/metodo-cocina-modelo-602-2-705x458.jpg 705w\" sizes=\"auto, (max-width: 2560px) 100vw, 2560px\" \/><\/p>\n<p>&nbsp;<\/p>\n<div  class='avia-button-wrap avia-button-center  avia-builder-el-0  el_before_av_buttonrow  avia-builder-el-first '>\n<style type=\"text\/css\" data-created_by=\"avia_inline_auto\" id=\"style-css-av-2qayam-6046c4ccee301ded07e4f0c3cb75bbb9\">\n#top #wrap_all .avia-button.av-2qayam-6046c4ccee301ded07e4f0c3cb75bbb9:hover{\ncolor:white;\ntransition:all 0.4s ease-in-out;\n}\n#top #wrap_all .avia-button.av-2qayam-6046c4ccee301ded07e4f0c3cb75bbb9:hover .avia-svg-icon svg:first-child{\nfill:white;\nstroke:white;\n}\n<\/style>\n<a href='https:\/\/curtediciones.com\/categoria-producto\/todos\/decoracion\/revista-cocinas-y-banos\/' class='avia-color-theme-color avia-font-color-theme-color avia-button avia-button-fullwidth av-2qayam-6046c4ccee301ded07e4f0c3cb75bbb9 avia-icon_select-no avia-color-theme-color'   aria-label=\"T\u00c9L\u00c9CHARGER LE MAGAZINE\"><span class='avia_iconbox_title' >T\u00c9L\u00c9CHARGER LE MAGAZINE<\/span><span class='avia_button_background avia-button avia-button-fullwidth avia-color-theme-color-highlight'><\/span><\/a><\/div>\n<p>&nbsp;<\/p>\n<p><img loading=\"lazy\" decoding=\"async\" class=\"alignnone size-full wp-image-3377\" src=\"https:\/\/cocinasmetodo.es\/wp-content\/uploads\/2022\/05\/METODO-Stories-cocinas-y-banos-revista-N376.gif\" alt=\"\" width=\"810\" height=\"1440\" \/><\/p>\n<p>&nbsp;<\/p>\n<hr \/>\n<div  class='avia-buttonrow-wrap av-1y6twi-3e7ea6a37514e6a4fd51ac3049db817d avia-buttonrow-center  avia-builder-el-1  el_after_av_button_big  avia-builder-el-no-sibling '>\n\n<style type=\"text\/css\" data-created_by=\"avia_inline_auto\" id=\"style-css-av-kwnf4ref-d3eeec7100204f0ca80f01b6bc691e05\">\n#top #wrap_all .avia-button.av-kwnf4ref-d3eeec7100204f0ca80f01b6bc691e05{\nmargin-bottom:5px;\nmargin-right:3px;\nmargin-left:3px;\n}\n<\/style>\n<a href='https:\/\/cocinasmetodo.es\/fr\/contacto\/'  class='avia-button av-kwnf4ref-d3eeec7100204f0ca80f01b6bc691e05 avia-icon_select-no avia-size-medium avia-color-theme-color'   aria-label=\"AVEZ-VOUS BESOIN D\u2019UN BUDGET ?\"><span class='avia_iconbox_title' >AVEZ-VOUS BESOIN D\u2019UN BUDGET ?<\/span><\/a>\n\n<style type=\"text\/css\" data-created_by=\"avia_inline_auto\" id=\"style-css-av-kwnf5nlq-6dbd4570cc2c7a1e56ae090b5c0c7c19\">\n#top #wrap_all .avia-button.av-kwnf5nlq-6dbd4570cc2c7a1e56ae090b5c0c7c19{\nmargin-bottom:5px;\nmargin-right:3px;\nmargin-left:3px;\n}\n<\/style>\n<a href='https:\/\/cocinasmetodo.es\/fr\/contacto\/'  class='avia-button av-kwnf5nlq-6dbd4570cc2c7a1e56ae090b5c0c7c19 avia-icon_select-no avia-size-medium avia-color-theme-color'   aria-label=\"VOUS SOUHAITEZ PUBLIER UN PROJET ?\"><span class='avia_iconbox_title' >VOUS SOUHAITEZ PUBLIER UN PROJET ?<\/span><\/a>\n\n<style type=\"text\/css\" data-created_by=\"avia_inline_auto\" id=\"style-css-av-kwnf6k50-9e8dc149f2bac61c5782f6a3b98dfa0e\">\n#top #wrap_all .avia-button.av-kwnf6k50-9e8dc149f2bac61c5782f6a3b98dfa0e{\nmargin-bottom:5px;\nmargin-right:3px;\nmargin-left:3px;\n}\n<\/style>\n<a href='https:\/\/cocinasmetodo.es\/fr\/contacto\/'  class='avia-button av-kwnf6k50-9e8dc149f2bac61c5782f6a3b98dfa0e avia-icon_select-no avia-size-medium avia-color-theme-color'   aria-label=\"VOUS VOULEZ VOIR UNE CUISINE M\u00c9TODO?\"><span class='avia_iconbox_title' >VOUS VOULEZ VOIR UNE CUISINE M\u00c9TODO?<\/span><\/a>\n<\/div>\n<hr \/>\n<p>&nbsp;<\/p>\n","protected":false},"excerpt":{"rendered":"<p>La prestigieuse magazine du secteur des cuisines et des bains, COCINAS Y BA\u00d1OS de Curt Ediciones, de Curt Ediciones, publie un rapport complet sur les cl\u00e9s au moment de r\u00e9former la cuisine : budgets, tendances, objectifs&#8230; Tout un d\u00e9ploiement d&rsquo;informations qui seront d&rsquo;une grande aide si vous pensez \u00e0 r\u00e9former la cuisine. Et les cuisines M\u00c9TODO servent d&rsquo;exemple et de r\u00e9f\u00e9rence.<\/p>\n","protected":false},"author":1,"featured_media":3376,"comment_status":"open","ping_status":"open","sticky":false,"template":"","format":"standard","meta":{"footnotes":""},"categories":[121],"tags":[63,162,163],"class_list":["post-3382","post","type-post","status-publish","format-standard","has-post-thumbnail","hentry","category-prensa-fr","tag-reforma-cocinas-fr","tag-revista-cocinas-fr","tag-revista-cocinas-y-banos-fr"],"yoast_head":"<!-- This site is optimized with the Yoast SEO plugin v27.2 - https:\/\/yoast.com\/product\/yoast-seo-wordpress\/ -->\n<title>R\u00e9formes sp\u00e9ciales des cuisines en r\u00e9f\u00e9rence aux cuisines M\u00c9TODO - m\u00e9todo<\/title>\n<meta name=\"description\" content=\"La prestigiosa revista del sector de cocinas y ba\u00f1o, COCINAS Y BA\u00d1OS de Curt Ediciones,\u00a0publica un extenso reportaje de sobre las claves a la hora de reformas la cocina: presupuestos, tendencias, objetivos\u2026Todo un despliegue de informaci\u00f3n que ser\u00e1 de gran ayuda sin est\u00e1s pensando en reformar la cocina. Y las cocinas \u00a0M\u00c9TODO sirven de ejemplo y referencia.\" \/>\n<meta name=\"robots\" content=\"index, follow, max-snippet:-1, max-image-preview:large, max-video-preview:-1\" \/>\n<link rel=\"canonical\" href=\"https:\/\/cocinasmetodo.es\/especial-reformas-de-cocina-con-referencia-a-cocinas-metodo\/\" \/>\n<meta property=\"og:locale\" content=\"fr_FR\" \/>\n<meta property=\"og:type\" content=\"article\" \/>\n<meta property=\"og:title\" content=\"R\u00e9formes sp\u00e9ciales des cuisines en r\u00e9f\u00e9rence aux cuisines M\u00c9TODO - m\u00e9todo\" \/>\n<meta property=\"og:description\" content=\"La prestigiosa revista del sector de cocinas y ba\u00f1o, COCINAS Y BA\u00d1OS de Curt Ediciones,\u00a0publica un extenso reportaje de sobre las claves a la hora de reformas la cocina: presupuestos, tendencias, objetivos\u2026Todo un despliegue de informaci\u00f3n que ser\u00e1 de gran ayuda sin est\u00e1s pensando en reformar la cocina. Y las cocinas \u00a0M\u00c9TODO sirven de ejemplo y referencia.\" \/>\n<meta property=\"og:url\" content=\"https:\/\/cocinasmetodo.es\/especial-reformas-de-cocina-con-referencia-a-cocinas-metodo\/\" \/>\n<meta property=\"og:site_name\" content=\"m\u00e9todo\" \/>\n<meta property=\"article:published_time\" content=\"2022-05-16T11:52:52+00:00\" \/>\n<meta property=\"article:modified_time\" content=\"2022-05-16T11:59:21+00:00\" \/>\n<meta property=\"og:image\" content=\"https:\/\/cocinasmetodo.es\/wp-content\/uploads\/2022\/05\/metodo-cocinas-y-banos-acertar-reformas-cocinas.jpg\" \/>\n\t<meta property=\"og:image:width\" content=\"1395\" \/>\n\t<meta property=\"og:image:height\" content=\"2001\" \/>\n\t<meta property=\"og:image:type\" content=\"image\/jpeg\" \/>\n<meta name=\"author\" content=\"admin\" \/>\n<meta name=\"twitter:card\" content=\"summary_large_image\" \/>\n<meta name=\"twitter:label1\" content=\"\u00c9crit par\" \/>\n\t<meta name=\"twitter:data1\" content=\"admin\" \/>\n\t<meta name=\"twitter:label2\" content=\"Dur\u00e9e de lecture estim\u00e9e\" \/>\n\t<meta name=\"twitter:data2\" content=\"3 minutes\" \/>\n<script type=\"application\/ld+json\" class=\"yoast-schema-graph\">{\"@context\":\"https:\/\/schema.org\",\"@graph\":[{\"@type\":\"Article\",\"@id\":\"https:\/\/cocinasmetodo.es\/especial-reformas-de-cocina-con-referencia-a-cocinas-metodo\/#article\",\"isPartOf\":{\"@id\":\"https:\/\/cocinasmetodo.es\/especial-reformas-de-cocina-con-referencia-a-cocinas-metodo\/\"},\"author\":{\"name\":\"admin\",\"@id\":\"https:\/\/cocinasmetodo.es\/#\/schema\/person\/cf74899f07207d3cb6021e2e6f17241f\"},\"headline\":\"R\u00e9formes sp\u00e9ciales des cuisines en r\u00e9f\u00e9rence aux cuisines M\u00c9TODO\",\"datePublished\":\"2022-05-16T11:52:52+00:00\",\"dateModified\":\"2022-05-16T11:59:21+00:00\",\"mainEntityOfPage\":{\"@id\":\"https:\/\/cocinasmetodo.es\/especial-reformas-de-cocina-con-referencia-a-cocinas-metodo\/\"},\"wordCount\":953,\"commentCount\":0,\"publisher\":{\"@id\":\"https:\/\/cocinasmetodo.es\/#organization\"},\"image\":{\"@id\":\"https:\/\/cocinasmetodo.es\/especial-reformas-de-cocina-con-referencia-a-cocinas-metodo\/#primaryimage\"},\"thumbnailUrl\":\"https:\/\/cocinasmetodo.es\/wp-content\/uploads\/2022\/05\/metodo-cocinas-y-banos-acertar-reformas-cocinas.jpg\",\"keywords\":[\"reforma cocinas\",\"revista cocinas\",\"revista cocinas y ba\u00f1os\"],\"articleSection\":[\"Prensa\"],\"inLanguage\":\"fr-FR\",\"potentialAction\":[{\"@type\":\"CommentAction\",\"name\":\"Comment\",\"target\":[\"https:\/\/cocinasmetodo.es\/especial-reformas-de-cocina-con-referencia-a-cocinas-metodo\/#respond\"]}]},{\"@type\":\"WebPage\",\"@id\":\"https:\/\/cocinasmetodo.es\/especial-reformas-de-cocina-con-referencia-a-cocinas-metodo\/\",\"url\":\"https:\/\/cocinasmetodo.es\/especial-reformas-de-cocina-con-referencia-a-cocinas-metodo\/\",\"name\":\"R\u00e9formes sp\u00e9ciales des cuisines en r\u00e9f\u00e9rence aux cuisines M\u00c9TODO - m\u00e9todo\",\"isPartOf\":{\"@id\":\"https:\/\/cocinasmetodo.es\/#website\"},\"primaryImageOfPage\":{\"@id\":\"https:\/\/cocinasmetodo.es\/especial-reformas-de-cocina-con-referencia-a-cocinas-metodo\/#primaryimage\"},\"image\":{\"@id\":\"https:\/\/cocinasmetodo.es\/especial-reformas-de-cocina-con-referencia-a-cocinas-metodo\/#primaryimage\"},\"thumbnailUrl\":\"https:\/\/cocinasmetodo.es\/wp-content\/uploads\/2022\/05\/metodo-cocinas-y-banos-acertar-reformas-cocinas.jpg\",\"datePublished\":\"2022-05-16T11:52:52+00:00\",\"dateModified\":\"2022-05-16T11:59:21+00:00\",\"description\":\"La prestigiosa revista del sector de cocinas y ba\u00f1o, COCINAS Y BA\u00d1OS de Curt Ediciones,\u00a0publica un extenso reportaje de sobre las claves a la hora de reformas la cocina: presupuestos, tendencias, objetivos\u2026Todo un despliegue de informaci\u00f3n que ser\u00e1 de gran ayuda sin est\u00e1s pensando en reformar la cocina. Y las cocinas \u00a0M\u00c9TODO sirven de ejemplo y referencia.\",\"breadcrumb\":{\"@id\":\"https:\/\/cocinasmetodo.es\/especial-reformas-de-cocina-con-referencia-a-cocinas-metodo\/#breadcrumb\"},\"inLanguage\":\"fr-FR\",\"potentialAction\":[{\"@type\":\"ReadAction\",\"target\":[\"https:\/\/cocinasmetodo.es\/especial-reformas-de-cocina-con-referencia-a-cocinas-metodo\/\"]}]},{\"@type\":\"ImageObject\",\"inLanguage\":\"fr-FR\",\"@id\":\"https:\/\/cocinasmetodo.es\/especial-reformas-de-cocina-con-referencia-a-cocinas-metodo\/#primaryimage\",\"url\":\"https:\/\/cocinasmetodo.es\/wp-content\/uploads\/2022\/05\/metodo-cocinas-y-banos-acertar-reformas-cocinas.jpg\",\"contentUrl\":\"https:\/\/cocinasmetodo.es\/wp-content\/uploads\/2022\/05\/metodo-cocinas-y-banos-acertar-reformas-cocinas.jpg\",\"width\":1395,\"height\":2001},{\"@type\":\"BreadcrumbList\",\"@id\":\"https:\/\/cocinasmetodo.es\/especial-reformas-de-cocina-con-referencia-a-cocinas-metodo\/#breadcrumb\",\"itemListElement\":[{\"@type\":\"ListItem\",\"position\":1,\"name\":\"Portada\",\"item\":\"https:\/\/cocinasmetodo.es\/fr\/\"},{\"@type\":\"ListItem\",\"position\":2,\"name\":\"R\u00e9formes sp\u00e9ciales des cuisines en r\u00e9f\u00e9rence aux cuisines M\u00c9TODO\"}]},{\"@type\":\"WebSite\",\"@id\":\"https:\/\/cocinasmetodo.es\/#website\",\"url\":\"https:\/\/cocinasmetodo.es\/\",\"name\":\"m\u00e9todo\",\"description\":\"Daily Kitchens\",\"publisher\":{\"@id\":\"https:\/\/cocinasmetodo.es\/#organization\"},\"potentialAction\":[{\"@type\":\"SearchAction\",\"target\":{\"@type\":\"EntryPoint\",\"urlTemplate\":\"https:\/\/cocinasmetodo.es\/?s={search_term_string}\"},\"query-input\":{\"@type\":\"PropertyValueSpecification\",\"valueRequired\":true,\"valueName\":\"search_term_string\"}}],\"inLanguage\":\"fr-FR\"},{\"@type\":\"Organization\",\"@id\":\"https:\/\/cocinasmetodo.es\/#organization\",\"name\":\"m\u00e9todo\",\"url\":\"https:\/\/cocinasmetodo.es\/\",\"logo\":{\"@type\":\"ImageObject\",\"inLanguage\":\"fr-FR\",\"@id\":\"https:\/\/cocinasmetodo.es\/#\/schema\/logo\/image\/\",\"url\":\"https:\/\/cocinasmetodo.es\/wp-content\/uploads\/2021\/05\/logoweb.png\",\"contentUrl\":\"https:\/\/cocinasmetodo.es\/wp-content\/uploads\/2021\/05\/logoweb.png\",\"width\":1000,\"height\":528,\"caption\":\"m\u00e9todo\"},\"image\":{\"@id\":\"https:\/\/cocinasmetodo.es\/#\/schema\/logo\/image\/\"}},{\"@type\":\"Person\",\"@id\":\"https:\/\/cocinasmetodo.es\/#\/schema\/person\/cf74899f07207d3cb6021e2e6f17241f\",\"name\":\"admin\",\"image\":{\"@type\":\"ImageObject\",\"inLanguage\":\"fr-FR\",\"@id\":\"https:\/\/secure.gravatar.com\/avatar\/f81daeca33be8da0842690f149bc1081f003f3840397028f3faabf244c06927a?s=96&d=mm&r=g\",\"url\":\"https:\/\/secure.gravatar.com\/avatar\/f81daeca33be8da0842690f149bc1081f003f3840397028f3faabf244c06927a?s=96&d=mm&r=g\",\"contentUrl\":\"https:\/\/secure.gravatar.com\/avatar\/f81daeca33be8da0842690f149bc1081f003f3840397028f3faabf244c06927a?s=96&d=mm&r=g\",\"caption\":\"admin\"},\"sameAs\":[\"https:\/\/cocinasmetodo.es\/website2021\"]}]}<\/script>\n<!-- \/ Yoast SEO plugin. -->","yoast_head_json":{"title":"R\u00e9formes sp\u00e9ciales des cuisines en r\u00e9f\u00e9rence aux cuisines M\u00c9TODO - m\u00e9todo","description":"La prestigiosa revista del sector de cocinas y ba\u00f1o, COCINAS Y BA\u00d1OS de Curt Ediciones,\u00a0publica un extenso reportaje de sobre las claves a la hora de reformas la cocina: presupuestos, tendencias, objetivos\u2026Todo un despliegue de informaci\u00f3n que ser\u00e1 de gran ayuda sin est\u00e1s pensando en reformar la cocina. Y las cocinas \u00a0M\u00c9TODO sirven de ejemplo y referencia.","robots":{"index":"index","follow":"follow","max-snippet":"max-snippet:-1","max-image-preview":"max-image-preview:large","max-video-preview":"max-video-preview:-1"},"canonical":"https:\/\/cocinasmetodo.es\/especial-reformas-de-cocina-con-referencia-a-cocinas-metodo\/","og_locale":"fr_FR","og_type":"article","og_title":"R\u00e9formes sp\u00e9ciales des cuisines en r\u00e9f\u00e9rence aux cuisines M\u00c9TODO - m\u00e9todo","og_description":"La prestigiosa revista del sector de cocinas y ba\u00f1o, COCINAS Y BA\u00d1OS de Curt Ediciones,\u00a0publica un extenso reportaje de sobre las claves a la hora de reformas la cocina: presupuestos, tendencias, objetivos\u2026Todo un despliegue de informaci\u00f3n que ser\u00e1 de gran ayuda sin est\u00e1s pensando en reformar la cocina. Y las cocinas \u00a0M\u00c9TODO sirven de ejemplo y referencia.","og_url":"https:\/\/cocinasmetodo.es\/especial-reformas-de-cocina-con-referencia-a-cocinas-metodo\/","og_site_name":"m\u00e9todo","article_published_time":"2022-05-16T11:52:52+00:00","article_modified_time":"2022-05-16T11:59:21+00:00","og_image":[{"width":1395,"height":2001,"url":"https:\/\/cocinasmetodo.es\/wp-content\/uploads\/2022\/05\/metodo-cocinas-y-banos-acertar-reformas-cocinas.jpg","type":"image\/jpeg"}],"author":"admin","twitter_card":"summary_large_image","twitter_misc":{"\u00c9crit par":"admin","Dur\u00e9e de lecture estim\u00e9e":"3 minutes"},"schema":{"@context":"https:\/\/schema.org","@graph":[{"@type":"Article","@id":"https:\/\/cocinasmetodo.es\/especial-reformas-de-cocina-con-referencia-a-cocinas-metodo\/#article","isPartOf":{"@id":"https:\/\/cocinasmetodo.es\/especial-reformas-de-cocina-con-referencia-a-cocinas-metodo\/"},"author":{"name":"admin","@id":"https:\/\/cocinasmetodo.es\/#\/schema\/person\/cf74899f07207d3cb6021e2e6f17241f"},"headline":"R\u00e9formes sp\u00e9ciales des cuisines en r\u00e9f\u00e9rence aux cuisines M\u00c9TODO","datePublished":"2022-05-16T11:52:52+00:00","dateModified":"2022-05-16T11:59:21+00:00","mainEntityOfPage":{"@id":"https:\/\/cocinasmetodo.es\/especial-reformas-de-cocina-con-referencia-a-cocinas-metodo\/"},"wordCount":953,"commentCount":0,"publisher":{"@id":"https:\/\/cocinasmetodo.es\/#organization"},"image":{"@id":"https:\/\/cocinasmetodo.es\/especial-reformas-de-cocina-con-referencia-a-cocinas-metodo\/#primaryimage"},"thumbnailUrl":"https:\/\/cocinasmetodo.es\/wp-content\/uploads\/2022\/05\/metodo-cocinas-y-banos-acertar-reformas-cocinas.jpg","keywords":["reforma cocinas","revista cocinas","revista cocinas y ba\u00f1os"],"articleSection":["Prensa"],"inLanguage":"fr-FR","potentialAction":[{"@type":"CommentAction","name":"Comment","target":["https:\/\/cocinasmetodo.es\/especial-reformas-de-cocina-con-referencia-a-cocinas-metodo\/#respond"]}]},{"@type":"WebPage","@id":"https:\/\/cocinasmetodo.es\/especial-reformas-de-cocina-con-referencia-a-cocinas-metodo\/","url":"https:\/\/cocinasmetodo.es\/especial-reformas-de-cocina-con-referencia-a-cocinas-metodo\/","name":"R\u00e9formes sp\u00e9ciales des cuisines en r\u00e9f\u00e9rence aux cuisines M\u00c9TODO - m\u00e9todo","isPartOf":{"@id":"https:\/\/cocinasmetodo.es\/#website"},"primaryImageOfPage":{"@id":"https:\/\/cocinasmetodo.es\/especial-reformas-de-cocina-con-referencia-a-cocinas-metodo\/#primaryimage"},"image":{"@id":"https:\/\/cocinasmetodo.es\/especial-reformas-de-cocina-con-referencia-a-cocinas-metodo\/#primaryimage"},"thumbnailUrl":"https:\/\/cocinasmetodo.es\/wp-content\/uploads\/2022\/05\/metodo-cocinas-y-banos-acertar-reformas-cocinas.jpg","datePublished":"2022-05-16T11:52:52+00:00","dateModified":"2022-05-16T11:59:21+00:00","description":"La prestigiosa revista del sector de cocinas y ba\u00f1o, COCINAS Y BA\u00d1OS de Curt Ediciones,\u00a0publica un extenso reportaje de sobre las claves a la hora de reformas la cocina: presupuestos, tendencias, objetivos\u2026Todo un despliegue de informaci\u00f3n que ser\u00e1 de gran ayuda sin est\u00e1s pensando en reformar la cocina. Y las cocinas \u00a0M\u00c9TODO sirven de ejemplo y referencia.","breadcrumb":{"@id":"https:\/\/cocinasmetodo.es\/especial-reformas-de-cocina-con-referencia-a-cocinas-metodo\/#breadcrumb"},"inLanguage":"fr-FR","potentialAction":[{"@type":"ReadAction","target":["https:\/\/cocinasmetodo.es\/especial-reformas-de-cocina-con-referencia-a-cocinas-metodo\/"]}]},{"@type":"ImageObject","inLanguage":"fr-FR","@id":"https:\/\/cocinasmetodo.es\/especial-reformas-de-cocina-con-referencia-a-cocinas-metodo\/#primaryimage","url":"https:\/\/cocinasmetodo.es\/wp-content\/uploads\/2022\/05\/metodo-cocinas-y-banos-acertar-reformas-cocinas.jpg","contentUrl":"https:\/\/cocinasmetodo.es\/wp-content\/uploads\/2022\/05\/metodo-cocinas-y-banos-acertar-reformas-cocinas.jpg","width":1395,"height":2001},{"@type":"BreadcrumbList","@id":"https:\/\/cocinasmetodo.es\/especial-reformas-de-cocina-con-referencia-a-cocinas-metodo\/#breadcrumb","itemListElement":[{"@type":"ListItem","position":1,"name":"Portada","item":"https:\/\/cocinasmetodo.es\/fr\/"},{"@type":"ListItem","position":2,"name":"R\u00e9formes sp\u00e9ciales des cuisines en r\u00e9f\u00e9rence aux cuisines M\u00c9TODO"}]},{"@type":"WebSite","@id":"https:\/\/cocinasmetodo.es\/#website","url":"https:\/\/cocinasmetodo.es\/","name":"m\u00e9todo","description":"Daily Kitchens","publisher":{"@id":"https:\/\/cocinasmetodo.es\/#organization"},"potentialAction":[{"@type":"SearchAction","target":{"@type":"EntryPoint","urlTemplate":"https:\/\/cocinasmetodo.es\/?s={search_term_string}"},"query-input":{"@type":"PropertyValueSpecification","valueRequired":true,"valueName":"search_term_string"}}],"inLanguage":"fr-FR"},{"@type":"Organization","@id":"https:\/\/cocinasmetodo.es\/#organization","name":"m\u00e9todo","url":"https:\/\/cocinasmetodo.es\/","logo":{"@type":"ImageObject","inLanguage":"fr-FR","@id":"https:\/\/cocinasmetodo.es\/#\/schema\/logo\/image\/","url":"https:\/\/cocinasmetodo.es\/wp-content\/uploads\/2021\/05\/logoweb.png","contentUrl":"https:\/\/cocinasmetodo.es\/wp-content\/uploads\/2021\/05\/logoweb.png","width":1000,"height":528,"caption":"m\u00e9todo"},"image":{"@id":"https:\/\/cocinasmetodo.es\/#\/schema\/logo\/image\/"}},{"@type":"Person","@id":"https:\/\/cocinasmetodo.es\/#\/schema\/person\/cf74899f07207d3cb6021e2e6f17241f","name":"admin","image":{"@type":"ImageObject","inLanguage":"fr-FR","@id":"https:\/\/secure.gravatar.com\/avatar\/f81daeca33be8da0842690f149bc1081f003f3840397028f3faabf244c06927a?s=96&d=mm&r=g","url":"https:\/\/secure.gravatar.com\/avatar\/f81daeca33be8da0842690f149bc1081f003f3840397028f3faabf244c06927a?s=96&d=mm&r=g","contentUrl":"https:\/\/secure.gravatar.com\/avatar\/f81daeca33be8da0842690f149bc1081f003f3840397028f3faabf244c06927a?s=96&d=mm&r=g","caption":"admin"},"sameAs":["https:\/\/cocinasmetodo.es\/website2021"]}]}},"_links":{"self":[{"href":"https:\/\/cocinasmetodo.es\/fr\/wp-json\/wp\/v2\/posts\/3382","targetHints":{"allow":["GET"]}}],"collection":[{"href":"https:\/\/cocinasmetodo.es\/fr\/wp-json\/wp\/v2\/posts"}],"about":[{"href":"https:\/\/cocinasmetodo.es\/fr\/wp-json\/wp\/v2\/types\/post"}],"author":[{"embeddable":true,"href":"https:\/\/cocinasmetodo.es\/fr\/wp-json\/wp\/v2\/users\/1"}],"replies":[{"embeddable":true,"href":"https:\/\/cocinasmetodo.es\/fr\/wp-json\/wp\/v2\/comments?post=3382"}],"version-history":[{"count":2,"href":"https:\/\/cocinasmetodo.es\/fr\/wp-json\/wp\/v2\/posts\/3382\/revisions"}],"predecessor-version":[{"id":3384,"href":"https:\/\/cocinasmetodo.es\/fr\/wp-json\/wp\/v2\/posts\/3382\/revisions\/3384"}],"wp:featuredmedia":[{"embeddable":true,"href":"https:\/\/cocinasmetodo.es\/fr\/wp-json\/wp\/v2\/media\/3376"}],"wp:attachment":[{"href":"https:\/\/cocinasmetodo.es\/fr\/wp-json\/wp\/v2\/media?parent=3382"}],"wp:term":[{"taxonomy":"category","embeddable":true,"href":"https:\/\/cocinasmetodo.es\/fr\/wp-json\/wp\/v2\/categories?post=3382"},{"taxonomy":"post_tag","embeddable":true,"href":"https:\/\/cocinasmetodo.es\/fr\/wp-json\/wp\/v2\/tags?post=3382"}],"curies":[{"name":"wp","href":"https:\/\/api.w.org\/{rel}","templated":true}]}}