{"id":3370,"date":"2022-05-16T13:18:02","date_gmt":"2022-05-16T11:18:02","guid":{"rendered":"https:\/\/cocinasmetodo.es\/las-cocinas-metodo-como-ejemlo-de-tendencia-de-colores-crush-pastel\/"},"modified":"2022-05-16T13:23:04","modified_gmt":"2022-05-16T11:23:04","slug":"las-cocinas-metodo-como-ejemlo-de-tendencia-de-colores-crush-pastel","status":"publish","type":"post","link":"https:\/\/cocinasmetodo.es\/fr\/las-cocinas-metodo-como-ejemlo-de-tendencia-de-colores-crush-pastel\/","title":{"rendered":"Les cuisines de M\u00c9TODO comme exemple de la tendance des couleurs \u00ab\u00a0crush pastel\u00a0\u00bb."},"content":{"rendered":"<h3>\u00ab\u00a0Une tendance qui rel\u00e8ve le ton des couleurs pastel\u00a0\u00bb<\/h3>\n<p><a href=\"https:\/\/www.hola.com\/decoracion\/\"><strong>HOLA.COM<\/strong><\/a>\u00a0s&rsquo;est taill\u00e9 une place dans la presse num\u00e9rique de haut niveau dans le domaine de la d\u00e9coration. Ses contenus sont tr\u00e8s illustratifs et int\u00e9ressants lorsque nous recherchons des sujets concrets sur les besoins que nous avons tous au moment de d\u00e9corer, de r\u00e9nover, de ranger&#8230; Dans ce billet publi\u00e9 sur le coup de c\u0153ur des couleurs pastel dans la d\u00e9coration et o\u00f9 les cuisines M\u00e9todo se distinguent, Alejandra Mu\u00f1oz, journaliste sp\u00e9cialis\u00e9e dans la d\u00e9coration int\u00e9rieure, l&rsquo;analyse et nous en parle.<\/p>\n<blockquote><p><strong>Nous vous pr\u00e9sentons une tendance d\u00e9corative pour la saison qui remplira les espaces, tant \u00e0 l&rsquo;int\u00e9rieur qu&rsquo;\u00e0 l&rsquo;ext\u00e9rieur, de couleurs (dans la bonne mesure). Il s&rsquo;agit de d\u00e9corer avec des tons pastels, une variante des tons pastel traditionnels.<\/strong><\/p><\/blockquote>\n<h3>Qu&rsquo;est-ce que les pastels \u00e9cras\u00e9s ?<\/h3>\n<p>Ce sont ces nuances que l&rsquo;on pourrait d\u00e9finir comme d&rsquo;intensit\u00e9 moyenne et qui frappent par la luminosit\u00e9 qu&rsquo;elles procurent. Ils sont de couleurs vives et pastel. Leur pouvoir est de cr\u00e9er des espaces peu stridents mais pleins d&rsquo;\u00e9nergie positive. Le r\u00e9sultat est une d\u00e9coration int\u00e9rieure joyeuse, applicable \u00e0 n&rsquo;importe quel coin de la maison. Cela fonctionne, comme le propose cette salle \u00e0 manger de l&rsquo;entreprise de peinture Jotun, avec l&rsquo;utilisation de crush pastel sur les murs (un ou plusieurs) et des meubles neutres.<\/p>\n<p>&nbsp;<\/p>\n<p><img loading=\"lazy\" decoding=\"async\" class=\"alignnone size-full wp-image-255\" src=\"https:\/\/cocinasmetodo.es\/wp-content\/uploads\/2021\/07\/metodo-cocina-modelo-150-1-scaled.jpg\" alt=\"\" width=\"2560\" height=\"1920\" srcset=\"https:\/\/cocinasmetodo.es\/wp-content\/uploads\/2021\/07\/metodo-cocina-modelo-150-1-scaled.jpg 2560w, https:\/\/cocinasmetodo.es\/wp-content\/uploads\/2021\/07\/metodo-cocina-modelo-150-1-300x225.jpg 300w, https:\/\/cocinasmetodo.es\/wp-content\/uploads\/2021\/07\/metodo-cocina-modelo-150-1-1030x773.jpg 1030w, https:\/\/cocinasmetodo.es\/wp-content\/uploads\/2021\/07\/metodo-cocina-modelo-150-1-768x576.jpg 768w, https:\/\/cocinasmetodo.es\/wp-content\/uploads\/2021\/07\/metodo-cocina-modelo-150-1-1536x1152.jpg 1536w, https:\/\/cocinasmetodo.es\/wp-content\/uploads\/2021\/07\/metodo-cocina-modelo-150-1-2048x1536.jpg 2048w, https:\/\/cocinasmetodo.es\/wp-content\/uploads\/2021\/07\/metodo-cocina-modelo-150-1-1500x1125.jpg 1500w, https:\/\/cocinasmetodo.es\/wp-content\/uploads\/2021\/07\/metodo-cocina-modelo-150-1-705x529.jpg 705w, https:\/\/cocinasmetodo.es\/wp-content\/uploads\/2021\/07\/metodo-cocina-modelo-150-1-scaled-600x450.jpg 600w, https:\/\/cocinasmetodo.es\/wp-content\/uploads\/2021\/07\/metodo-cocina-modelo-150-1-scaled-780x585.jpg 780w, https:\/\/cocinasmetodo.es\/wp-content\/uploads\/2021\/07\/metodo-cocina-modelo-150-1-scaled-1026x770-1026x770.jpg 1026w\" sizes=\"auto, (max-width: 2560px) 100vw, 2560px\" \/> <img loading=\"lazy\" decoding=\"async\" class=\"alignnone size-full wp-image-259\" src=\"https:\/\/cocinasmetodo.es\/wp-content\/uploads\/2021\/07\/metodo-cocina-modelo-150-5.jpg\" alt=\"\" width=\"2000\" height=\"1666\" srcset=\"https:\/\/cocinasmetodo.es\/wp-content\/uploads\/2021\/07\/metodo-cocina-modelo-150-5.jpg 2000w, https:\/\/cocinasmetodo.es\/wp-content\/uploads\/2021\/07\/metodo-cocina-modelo-150-5-300x250.jpg 300w, https:\/\/cocinasmetodo.es\/wp-content\/uploads\/2021\/07\/metodo-cocina-modelo-150-5-1030x858.jpg 1030w, https:\/\/cocinasmetodo.es\/wp-content\/uploads\/2021\/07\/metodo-cocina-modelo-150-5-768x640.jpg 768w, https:\/\/cocinasmetodo.es\/wp-content\/uploads\/2021\/07\/metodo-cocina-modelo-150-5-1536x1279.jpg 1536w, https:\/\/cocinasmetodo.es\/wp-content\/uploads\/2021\/07\/metodo-cocina-modelo-150-5-1500x1250.jpg 1500w, https:\/\/cocinasmetodo.es\/wp-content\/uploads\/2021\/07\/metodo-cocina-modelo-150-5-705x587.jpg 705w, https:\/\/cocinasmetodo.es\/wp-content\/uploads\/2021\/07\/metodo-cocina-modelo-150-5-1200x1000-1200x1000.jpg 1200w, https:\/\/cocinasmetodo.es\/wp-content\/uploads\/2021\/07\/metodo-cocina-modelo-150-5-600x500-600x500.jpg 600w\" sizes=\"auto, (max-width: 2000px) 100vw, 2000px\" \/><\/p>\n<h3>Le rose pastel dans la cuisine<\/h3>\n<p>Cette tendance saisonni\u00e8re de la d\u00e9coration renouvelle le concept des tons pastel que nous avions. De sourds, ils sont maintenant pleins de vie. Ils perdent leur caract\u00e8re d\u00e9licat et deviennent plus avant-gardistes. C&rsquo;est pourquoi il n&rsquo;est pas surprenant de les voir dans plus qu&rsquo;une simple chambre double ou une chambre d&rsquo;enfant. Cette cuisine de Cocinas M\u00e9todo est un exemple de la mani\u00e8re dont un rose pastel \u00e9cras\u00e9 peut personnaliser une cuisine. Ici, l&rsquo;utilisation du gris est une ressource d&rsquo;\u00e9quilibre.<\/p>\n<div  class='avia-button-wrap avia-button-center  avia-builder-el-0  el_before_av_buttonrow  avia-builder-el-first '>\n<style type=\"text\/css\" data-created_by=\"avia_inline_auto\" id=\"style-css-av-1uy1uo-9f16a19edbda3d60ee4c52e0d7f04127\">\n#top #wrap_all .avia-button.av-1uy1uo-9f16a19edbda3d60ee4c52e0d7f04127:hover{\ncolor:white;\ntransition:all 0.4s ease-in-out;\n}\n#top #wrap_all .avia-button.av-1uy1uo-9f16a19edbda3d60ee4c52e0d7f04127:hover .avia-svg-icon svg:first-child{\nfill:white;\nstroke:white;\n}\n<\/style>\n<a href='https:\/\/www.hola.com\/decoracion\/galeria\/20220504208399\/tendencias-decoraracion-colores-pastel-am\/2\/' class='avia-color-theme-color avia-font-color-theme-color avia-button avia-button-fullwidth av-1uy1uo-9f16a19edbda3d60ee4c52e0d7f04127 avia-icon_select-no avia-color-theme-color'   aria-label=\"Click me\"><span class='avia_iconbox_title' >Click me<\/span><span class='avia_button_background avia-button avia-button-fullwidth avia-color-theme-color-highlight'><\/span><\/a><\/div>\n<p><img loading=\"lazy\" decoding=\"async\" class=\"alignnone size-full wp-image-3362\" src=\"https:\/\/cocinasmetodo.es\/wp-content\/uploads\/2022\/05\/METODO-Stories-hola-cocinas-colores-crush-pastel.gif\" alt=\"\" width=\"810\" height=\"1440\" \/><\/p>\n<hr \/>\n<div  class='avia-buttonrow-wrap av-1y6twi-3e7ea6a37514e6a4fd51ac3049db817d avia-buttonrow-center  avia-builder-el-1  el_after_av_button_big  avia-builder-el-no-sibling '>\n\n<style type=\"text\/css\" data-created_by=\"avia_inline_auto\" id=\"style-css-av-kwnf4ref-d3eeec7100204f0ca80f01b6bc691e05\">\n#top #wrap_all .avia-button.av-kwnf4ref-d3eeec7100204f0ca80f01b6bc691e05{\nmargin-bottom:5px;\nmargin-right:3px;\nmargin-left:3px;\n}\n<\/style>\n<a href='https:\/\/cocinasmetodo.es\/fr\/contacto\/'  class='avia-button av-kwnf4ref-d3eeec7100204f0ca80f01b6bc691e05 avia-icon_select-no avia-size-medium avia-color-theme-color'   aria-label=\"AVEZ-VOUS BESOIN D\u2019UN BUDGET ?\"><span class='avia_iconbox_title' >AVEZ-VOUS BESOIN D\u2019UN BUDGET ?<\/span><\/a>\n\n<style type=\"text\/css\" data-created_by=\"avia_inline_auto\" id=\"style-css-av-kwnf5nlq-6dbd4570cc2c7a1e56ae090b5c0c7c19\">\n#top #wrap_all .avia-button.av-kwnf5nlq-6dbd4570cc2c7a1e56ae090b5c0c7c19{\nmargin-bottom:5px;\nmargin-right:3px;\nmargin-left:3px;\n}\n<\/style>\n<a href='https:\/\/cocinasmetodo.es\/fr\/contacto\/'  class='avia-button av-kwnf5nlq-6dbd4570cc2c7a1e56ae090b5c0c7c19 avia-icon_select-no avia-size-medium avia-color-theme-color'   aria-label=\"VOUS SOUHAITEZ PUBLIER UN PROJET ?\"><span class='avia_iconbox_title' >VOUS SOUHAITEZ PUBLIER UN PROJET ?<\/span><\/a>\n\n<style type=\"text\/css\" data-created_by=\"avia_inline_auto\" id=\"style-css-av-kwnf6k50-9e8dc149f2bac61c5782f6a3b98dfa0e\">\n#top #wrap_all .avia-button.av-kwnf6k50-9e8dc149f2bac61c5782f6a3b98dfa0e{\nmargin-bottom:5px;\nmargin-right:3px;\nmargin-left:3px;\n}\n<\/style>\n<a href='https:\/\/cocinasmetodo.es\/fr\/contacto\/'  class='avia-button av-kwnf6k50-9e8dc149f2bac61c5782f6a3b98dfa0e avia-icon_select-no avia-size-medium avia-color-theme-color'   aria-label=\"VOUS VOULEZ VOIR UNE CUISINE M\u00c9TODO?\"><span class='avia_iconbox_title' >VOUS VOULEZ VOIR UNE CUISINE M\u00c9TODO?<\/span><\/a>\n<\/div>\n<hr \/>\n<p>&nbsp;<\/p>\n","protected":false},"excerpt":{"rendered":"<p>HOLA.COM\u00a0s&rsquo;est taill\u00e9 une place dans la presse num\u00e9rique de haut niveau dans le domaine de la d\u00e9coration. Ses contenus sont tr\u00e8s illustratifs et int\u00e9ressants lorsque nous recherchons des sujets concrets sur les besoins que nous avons tous au moment de d\u00e9corer, de r\u00e9nover, de ranger&#8230; Dans ce billet publi\u00e9 sur le coup de c\u0153ur des couleurs pastel dans la d\u00e9coration et o\u00f9 les cuisines M\u00e9todo se distinguent, Alejandra Mu\u00f1oz, journaliste sp\u00e9cialis\u00e9e dans la d\u00e9coration int\u00e9rieure, l&rsquo;analyse et nous en parle<\/p>\n","protected":false},"author":1,"featured_media":3365,"comment_status":"open","ping_status":"open","sticky":false,"template":"","format":"standard","meta":{"footnotes":""},"categories":[121],"tags":[155,156,157,158,159],"class_list":["post-3370","post","type-post","status-publish","format-standard","has-post-thumbnail","hentry","category-prensa-fr","tag-cocinas-en-colores-pastel-fr","tag-colores-crush-pastel-fr","tag-hola-com-fr","tag-revista-decoracion-fr","tag-revista-interiorismo-fr"],"yoast_head":"<!-- This site is optimized with the Yoast SEO plugin v27.2 - https:\/\/yoast.com\/product\/yoast-seo-wordpress\/ -->\n<title>Les cuisines de M\u00c9TODO comme exemple de la tendance des couleurs &quot;crush pastel&quot;. - m\u00e9todo<\/title>\n<meta name=\"robots\" content=\"index, follow, max-snippet:-1, max-image-preview:large, max-video-preview:-1\" \/>\n<link rel=\"canonical\" href=\"https:\/\/cocinasmetodo.es\/las-cocinas-metodo-como-ejemlo-de-tendencia-de-colores-crush-pastel\/\" \/>\n<meta property=\"og:locale\" content=\"fr_FR\" \/>\n<meta property=\"og:type\" content=\"article\" \/>\n<meta property=\"og:title\" content=\"Les cuisines de M\u00c9TODO comme exemple de la tendance des couleurs &quot;crush pastel&quot;. - m\u00e9todo\" \/>\n<meta property=\"og:description\" content=\"HOLA.COM\u00a0s&#039;est taill\u00e9 une place dans la presse num\u00e9rique de haut niveau dans le domaine de la d\u00e9coration. Ses contenus sont tr\u00e8s illustratifs et int\u00e9ressants lorsque nous recherchons des sujets concrets sur les besoins que nous avons tous au moment de d\u00e9corer, de r\u00e9nover, de ranger... Dans ce billet publi\u00e9 sur le coup de c\u0153ur des couleurs pastel dans la d\u00e9coration et o\u00f9 les cuisines M\u00e9todo se distinguent, Alejandra Mu\u00f1oz, journaliste sp\u00e9cialis\u00e9e dans la d\u00e9coration int\u00e9rieure, l&#039;analyse et nous en parle\" \/>\n<meta property=\"og:url\" content=\"https:\/\/cocinasmetodo.es\/las-cocinas-metodo-como-ejemlo-de-tendencia-de-colores-crush-pastel\/\" \/>\n<meta property=\"og:site_name\" content=\"m\u00e9todo\" \/>\n<meta property=\"article:published_time\" content=\"2022-05-16T11:18:02+00:00\" \/>\n<meta property=\"article:modified_time\" content=\"2022-05-16T11:23:04+00:00\" \/>\n<meta property=\"og:image\" content=\"https:\/\/cocinasmetodo.es\/wp-content\/uploads\/2022\/05\/metodo-hola-05-2022.jpg\" \/>\n\t<meta property=\"og:image:width\" content=\"1220\" \/>\n\t<meta property=\"og:image:height\" content=\"2000\" \/>\n\t<meta property=\"og:image:type\" content=\"image\/jpeg\" \/>\n<meta name=\"author\" content=\"admin\" \/>\n<meta name=\"twitter:card\" content=\"summary_large_image\" \/>\n<meta name=\"twitter:label1\" content=\"\u00c9crit par\" \/>\n\t<meta name=\"twitter:data1\" content=\"admin\" \/>\n\t<meta name=\"twitter:label2\" content=\"Dur\u00e9e de lecture estim\u00e9e\" \/>\n\t<meta name=\"twitter:data2\" content=\"3 minutes\" \/>\n<script type=\"application\/ld+json\" class=\"yoast-schema-graph\">{\"@context\":\"https:\/\/schema.org\",\"@graph\":[{\"@type\":\"Article\",\"@id\":\"https:\/\/cocinasmetodo.es\/las-cocinas-metodo-como-ejemlo-de-tendencia-de-colores-crush-pastel\/#article\",\"isPartOf\":{\"@id\":\"https:\/\/cocinasmetodo.es\/las-cocinas-metodo-como-ejemlo-de-tendencia-de-colores-crush-pastel\/\"},\"author\":{\"name\":\"admin\",\"@id\":\"https:\/\/cocinasmetodo.es\/#\/schema\/person\/cf74899f07207d3cb6021e2e6f17241f\"},\"headline\":\"Les cuisines de M\u00c9TODO comme exemple de la tendance des couleurs \u00ab\u00a0crush pastel\u00a0\u00bb.\",\"datePublished\":\"2022-05-16T11:18:02+00:00\",\"dateModified\":\"2022-05-16T11:23:04+00:00\",\"mainEntityOfPage\":{\"@id\":\"https:\/\/cocinasmetodo.es\/las-cocinas-metodo-como-ejemlo-de-tendencia-de-colores-crush-pastel\/\"},\"wordCount\":957,\"commentCount\":0,\"publisher\":{\"@id\":\"https:\/\/cocinasmetodo.es\/#organization\"},\"image\":{\"@id\":\"https:\/\/cocinasmetodo.es\/las-cocinas-metodo-como-ejemlo-de-tendencia-de-colores-crush-pastel\/#primaryimage\"},\"thumbnailUrl\":\"https:\/\/cocinasmetodo.es\/wp-content\/uploads\/2022\/05\/metodo-hola-05-2022.jpg\",\"keywords\":[\"cocinas en colores pastel\",\"colores crush pastel\",\"hola.com\",\"revista decoracion\",\"revista interiorismo\"],\"articleSection\":[\"Prensa\"],\"inLanguage\":\"fr-FR\",\"potentialAction\":[{\"@type\":\"CommentAction\",\"name\":\"Comment\",\"target\":[\"https:\/\/cocinasmetodo.es\/las-cocinas-metodo-como-ejemlo-de-tendencia-de-colores-crush-pastel\/#respond\"]}]},{\"@type\":\"WebPage\",\"@id\":\"https:\/\/cocinasmetodo.es\/las-cocinas-metodo-como-ejemlo-de-tendencia-de-colores-crush-pastel\/\",\"url\":\"https:\/\/cocinasmetodo.es\/las-cocinas-metodo-como-ejemlo-de-tendencia-de-colores-crush-pastel\/\",\"name\":\"Les cuisines de M\u00c9TODO comme exemple de la tendance des couleurs \\\"crush pastel\\\". - m\u00e9todo\",\"isPartOf\":{\"@id\":\"https:\/\/cocinasmetodo.es\/#website\"},\"primaryImageOfPage\":{\"@id\":\"https:\/\/cocinasmetodo.es\/las-cocinas-metodo-como-ejemlo-de-tendencia-de-colores-crush-pastel\/#primaryimage\"},\"image\":{\"@id\":\"https:\/\/cocinasmetodo.es\/las-cocinas-metodo-como-ejemlo-de-tendencia-de-colores-crush-pastel\/#primaryimage\"},\"thumbnailUrl\":\"https:\/\/cocinasmetodo.es\/wp-content\/uploads\/2022\/05\/metodo-hola-05-2022.jpg\",\"datePublished\":\"2022-05-16T11:18:02+00:00\",\"dateModified\":\"2022-05-16T11:23:04+00:00\",\"breadcrumb\":{\"@id\":\"https:\/\/cocinasmetodo.es\/las-cocinas-metodo-como-ejemlo-de-tendencia-de-colores-crush-pastel\/#breadcrumb\"},\"inLanguage\":\"fr-FR\",\"potentialAction\":[{\"@type\":\"ReadAction\",\"target\":[\"https:\/\/cocinasmetodo.es\/las-cocinas-metodo-como-ejemlo-de-tendencia-de-colores-crush-pastel\/\"]}]},{\"@type\":\"ImageObject\",\"inLanguage\":\"fr-FR\",\"@id\":\"https:\/\/cocinasmetodo.es\/las-cocinas-metodo-como-ejemlo-de-tendencia-de-colores-crush-pastel\/#primaryimage\",\"url\":\"https:\/\/cocinasmetodo.es\/wp-content\/uploads\/2022\/05\/metodo-hola-05-2022.jpg\",\"contentUrl\":\"https:\/\/cocinasmetodo.es\/wp-content\/uploads\/2022\/05\/metodo-hola-05-2022.jpg\",\"width\":1220,\"height\":2000},{\"@type\":\"BreadcrumbList\",\"@id\":\"https:\/\/cocinasmetodo.es\/las-cocinas-metodo-como-ejemlo-de-tendencia-de-colores-crush-pastel\/#breadcrumb\",\"itemListElement\":[{\"@type\":\"ListItem\",\"position\":1,\"name\":\"Portada\",\"item\":\"https:\/\/cocinasmetodo.es\/fr\/\"},{\"@type\":\"ListItem\",\"position\":2,\"name\":\"Les cuisines de M\u00c9TODO comme exemple de la tendance des couleurs \u00abcrush pastel\u00bb.\"}]},{\"@type\":\"WebSite\",\"@id\":\"https:\/\/cocinasmetodo.es\/#website\",\"url\":\"https:\/\/cocinasmetodo.es\/\",\"name\":\"m\u00e9todo\",\"description\":\"Daily Kitchens\",\"publisher\":{\"@id\":\"https:\/\/cocinasmetodo.es\/#organization\"},\"potentialAction\":[{\"@type\":\"SearchAction\",\"target\":{\"@type\":\"EntryPoint\",\"urlTemplate\":\"https:\/\/cocinasmetodo.es\/?s={search_term_string}\"},\"query-input\":{\"@type\":\"PropertyValueSpecification\",\"valueRequired\":true,\"valueName\":\"search_term_string\"}}],\"inLanguage\":\"fr-FR\"},{\"@type\":\"Organization\",\"@id\":\"https:\/\/cocinasmetodo.es\/#organization\",\"name\":\"m\u00e9todo\",\"url\":\"https:\/\/cocinasmetodo.es\/\",\"logo\":{\"@type\":\"ImageObject\",\"inLanguage\":\"fr-FR\",\"@id\":\"https:\/\/cocinasmetodo.es\/#\/schema\/logo\/image\/\",\"url\":\"https:\/\/cocinasmetodo.es\/wp-content\/uploads\/2021\/05\/logoweb.png\",\"contentUrl\":\"https:\/\/cocinasmetodo.es\/wp-content\/uploads\/2021\/05\/logoweb.png\",\"width\":1000,\"height\":528,\"caption\":\"m\u00e9todo\"},\"image\":{\"@id\":\"https:\/\/cocinasmetodo.es\/#\/schema\/logo\/image\/\"}},{\"@type\":\"Person\",\"@id\":\"https:\/\/cocinasmetodo.es\/#\/schema\/person\/cf74899f07207d3cb6021e2e6f17241f\",\"name\":\"admin\",\"image\":{\"@type\":\"ImageObject\",\"inLanguage\":\"fr-FR\",\"@id\":\"https:\/\/secure.gravatar.com\/avatar\/f81daeca33be8da0842690f149bc1081f003f3840397028f3faabf244c06927a?s=96&d=mm&r=g\",\"url\":\"https:\/\/secure.gravatar.com\/avatar\/f81daeca33be8da0842690f149bc1081f003f3840397028f3faabf244c06927a?s=96&d=mm&r=g\",\"contentUrl\":\"https:\/\/secure.gravatar.com\/avatar\/f81daeca33be8da0842690f149bc1081f003f3840397028f3faabf244c06927a?s=96&d=mm&r=g\",\"caption\":\"admin\"},\"sameAs\":[\"https:\/\/cocinasmetodo.es\/website2021\"]}]}<\/script>\n<!-- \/ Yoast SEO plugin. -->","yoast_head_json":{"title":"Les cuisines de M\u00c9TODO comme exemple de la tendance des couleurs \"crush pastel\". - m\u00e9todo","robots":{"index":"index","follow":"follow","max-snippet":"max-snippet:-1","max-image-preview":"max-image-preview:large","max-video-preview":"max-video-preview:-1"},"canonical":"https:\/\/cocinasmetodo.es\/las-cocinas-metodo-como-ejemlo-de-tendencia-de-colores-crush-pastel\/","og_locale":"fr_FR","og_type":"article","og_title":"Les cuisines de M\u00c9TODO comme exemple de la tendance des couleurs \"crush pastel\". - m\u00e9todo","og_description":"HOLA.COM\u00a0s'est taill\u00e9 une place dans la presse num\u00e9rique de haut niveau dans le domaine de la d\u00e9coration. Ses contenus sont tr\u00e8s illustratifs et int\u00e9ressants lorsque nous recherchons des sujets concrets sur les besoins que nous avons tous au moment de d\u00e9corer, de r\u00e9nover, de ranger... Dans ce billet publi\u00e9 sur le coup de c\u0153ur des couleurs pastel dans la d\u00e9coration et o\u00f9 les cuisines M\u00e9todo se distinguent, Alejandra Mu\u00f1oz, journaliste sp\u00e9cialis\u00e9e dans la d\u00e9coration int\u00e9rieure, l'analyse et nous en parle","og_url":"https:\/\/cocinasmetodo.es\/las-cocinas-metodo-como-ejemlo-de-tendencia-de-colores-crush-pastel\/","og_site_name":"m\u00e9todo","article_published_time":"2022-05-16T11:18:02+00:00","article_modified_time":"2022-05-16T11:23:04+00:00","og_image":[{"width":1220,"height":2000,"url":"https:\/\/cocinasmetodo.es\/wp-content\/uploads\/2022\/05\/metodo-hola-05-2022.jpg","type":"image\/jpeg"}],"author":"admin","twitter_card":"summary_large_image","twitter_misc":{"\u00c9crit par":"admin","Dur\u00e9e de lecture estim\u00e9e":"3 minutes"},"schema":{"@context":"https:\/\/schema.org","@graph":[{"@type":"Article","@id":"https:\/\/cocinasmetodo.es\/las-cocinas-metodo-como-ejemlo-de-tendencia-de-colores-crush-pastel\/#article","isPartOf":{"@id":"https:\/\/cocinasmetodo.es\/las-cocinas-metodo-como-ejemlo-de-tendencia-de-colores-crush-pastel\/"},"author":{"name":"admin","@id":"https:\/\/cocinasmetodo.es\/#\/schema\/person\/cf74899f07207d3cb6021e2e6f17241f"},"headline":"Les cuisines de M\u00c9TODO comme exemple de la tendance des couleurs \u00ab\u00a0crush pastel\u00a0\u00bb.","datePublished":"2022-05-16T11:18:02+00:00","dateModified":"2022-05-16T11:23:04+00:00","mainEntityOfPage":{"@id":"https:\/\/cocinasmetodo.es\/las-cocinas-metodo-como-ejemlo-de-tendencia-de-colores-crush-pastel\/"},"wordCount":957,"commentCount":0,"publisher":{"@id":"https:\/\/cocinasmetodo.es\/#organization"},"image":{"@id":"https:\/\/cocinasmetodo.es\/las-cocinas-metodo-como-ejemlo-de-tendencia-de-colores-crush-pastel\/#primaryimage"},"thumbnailUrl":"https:\/\/cocinasmetodo.es\/wp-content\/uploads\/2022\/05\/metodo-hola-05-2022.jpg","keywords":["cocinas en colores pastel","colores crush pastel","hola.com","revista decoracion","revista interiorismo"],"articleSection":["Prensa"],"inLanguage":"fr-FR","potentialAction":[{"@type":"CommentAction","name":"Comment","target":["https:\/\/cocinasmetodo.es\/las-cocinas-metodo-como-ejemlo-de-tendencia-de-colores-crush-pastel\/#respond"]}]},{"@type":"WebPage","@id":"https:\/\/cocinasmetodo.es\/las-cocinas-metodo-como-ejemlo-de-tendencia-de-colores-crush-pastel\/","url":"https:\/\/cocinasmetodo.es\/las-cocinas-metodo-como-ejemlo-de-tendencia-de-colores-crush-pastel\/","name":"Les cuisines de M\u00c9TODO comme exemple de la tendance des couleurs \"crush pastel\". - m\u00e9todo","isPartOf":{"@id":"https:\/\/cocinasmetodo.es\/#website"},"primaryImageOfPage":{"@id":"https:\/\/cocinasmetodo.es\/las-cocinas-metodo-como-ejemlo-de-tendencia-de-colores-crush-pastel\/#primaryimage"},"image":{"@id":"https:\/\/cocinasmetodo.es\/las-cocinas-metodo-como-ejemlo-de-tendencia-de-colores-crush-pastel\/#primaryimage"},"thumbnailUrl":"https:\/\/cocinasmetodo.es\/wp-content\/uploads\/2022\/05\/metodo-hola-05-2022.jpg","datePublished":"2022-05-16T11:18:02+00:00","dateModified":"2022-05-16T11:23:04+00:00","breadcrumb":{"@id":"https:\/\/cocinasmetodo.es\/las-cocinas-metodo-como-ejemlo-de-tendencia-de-colores-crush-pastel\/#breadcrumb"},"inLanguage":"fr-FR","potentialAction":[{"@type":"ReadAction","target":["https:\/\/cocinasmetodo.es\/las-cocinas-metodo-como-ejemlo-de-tendencia-de-colores-crush-pastel\/"]}]},{"@type":"ImageObject","inLanguage":"fr-FR","@id":"https:\/\/cocinasmetodo.es\/las-cocinas-metodo-como-ejemlo-de-tendencia-de-colores-crush-pastel\/#primaryimage","url":"https:\/\/cocinasmetodo.es\/wp-content\/uploads\/2022\/05\/metodo-hola-05-2022.jpg","contentUrl":"https:\/\/cocinasmetodo.es\/wp-content\/uploads\/2022\/05\/metodo-hola-05-2022.jpg","width":1220,"height":2000},{"@type":"BreadcrumbList","@id":"https:\/\/cocinasmetodo.es\/las-cocinas-metodo-como-ejemlo-de-tendencia-de-colores-crush-pastel\/#breadcrumb","itemListElement":[{"@type":"ListItem","position":1,"name":"Portada","item":"https:\/\/cocinasmetodo.es\/fr\/"},{"@type":"ListItem","position":2,"name":"Les cuisines de M\u00c9TODO comme exemple de la tendance des couleurs \u00abcrush pastel\u00bb."}]},{"@type":"WebSite","@id":"https:\/\/cocinasmetodo.es\/#website","url":"https:\/\/cocinasmetodo.es\/","name":"m\u00e9todo","description":"Daily Kitchens","publisher":{"@id":"https:\/\/cocinasmetodo.es\/#organization"},"potentialAction":[{"@type":"SearchAction","target":{"@type":"EntryPoint","urlTemplate":"https:\/\/cocinasmetodo.es\/?s={search_term_string}"},"query-input":{"@type":"PropertyValueSpecification","valueRequired":true,"valueName":"search_term_string"}}],"inLanguage":"fr-FR"},{"@type":"Organization","@id":"https:\/\/cocinasmetodo.es\/#organization","name":"m\u00e9todo","url":"https:\/\/cocinasmetodo.es\/","logo":{"@type":"ImageObject","inLanguage":"fr-FR","@id":"https:\/\/cocinasmetodo.es\/#\/schema\/logo\/image\/","url":"https:\/\/cocinasmetodo.es\/wp-content\/uploads\/2021\/05\/logoweb.png","contentUrl":"https:\/\/cocinasmetodo.es\/wp-content\/uploads\/2021\/05\/logoweb.png","width":1000,"height":528,"caption":"m\u00e9todo"},"image":{"@id":"https:\/\/cocinasmetodo.es\/#\/schema\/logo\/image\/"}},{"@type":"Person","@id":"https:\/\/cocinasmetodo.es\/#\/schema\/person\/cf74899f07207d3cb6021e2e6f17241f","name":"admin","image":{"@type":"ImageObject","inLanguage":"fr-FR","@id":"https:\/\/secure.gravatar.com\/avatar\/f81daeca33be8da0842690f149bc1081f003f3840397028f3faabf244c06927a?s=96&d=mm&r=g","url":"https:\/\/secure.gravatar.com\/avatar\/f81daeca33be8da0842690f149bc1081f003f3840397028f3faabf244c06927a?s=96&d=mm&r=g","contentUrl":"https:\/\/secure.gravatar.com\/avatar\/f81daeca33be8da0842690f149bc1081f003f3840397028f3faabf244c06927a?s=96&d=mm&r=g","caption":"admin"},"sameAs":["https:\/\/cocinasmetodo.es\/website2021"]}]}},"_links":{"self":[{"href":"https:\/\/cocinasmetodo.es\/fr\/wp-json\/wp\/v2\/posts\/3370","targetHints":{"allow":["GET"]}}],"collection":[{"href":"https:\/\/cocinasmetodo.es\/fr\/wp-json\/wp\/v2\/posts"}],"about":[{"href":"https:\/\/cocinasmetodo.es\/fr\/wp-json\/wp\/v2\/types\/post"}],"author":[{"embeddable":true,"href":"https:\/\/cocinasmetodo.es\/fr\/wp-json\/wp\/v2\/users\/1"}],"replies":[{"embeddable":true,"href":"https:\/\/cocinasmetodo.es\/fr\/wp-json\/wp\/v2\/comments?post=3370"}],"version-history":[{"count":2,"href":"https:\/\/cocinasmetodo.es\/fr\/wp-json\/wp\/v2\/posts\/3370\/revisions"}],"predecessor-version":[{"id":3371,"href":"https:\/\/cocinasmetodo.es\/fr\/wp-json\/wp\/v2\/posts\/3370\/revisions\/3371"}],"wp:featuredmedia":[{"embeddable":true,"href":"https:\/\/cocinasmetodo.es\/fr\/wp-json\/wp\/v2\/media\/3365"}],"wp:attachment":[{"href":"https:\/\/cocinasmetodo.es\/fr\/wp-json\/wp\/v2\/media?parent=3370"}],"wp:term":[{"taxonomy":"category","embeddable":true,"href":"https:\/\/cocinasmetodo.es\/fr\/wp-json\/wp\/v2\/categories?post=3370"},{"taxonomy":"post_tag","embeddable":true,"href":"https:\/\/cocinasmetodo.es\/fr\/wp-json\/wp\/v2\/tags?post=3370"}],"curies":[{"name":"wp","href":"https:\/\/api.w.org\/{rel}","templated":true}]}}