{"id":19270,"date":"2026-09-03T12:29:36","date_gmt":"2026-09-03T10:29:36","guid":{"rendered":"https:\/\/cocinasmetodo.es\/?p=19270"},"modified":"2026-09-03T12:29:36","modified_gmt":"2026-09-03T10:29:36","slug":"proyectos-ikuchen-cocinas-blancas","status":"publish","type":"post","link":"https:\/\/cocinasmetodo.es\/fr\/proyectos-ikuchen-cocinas-blancas\/","title":{"rendered":"Le blanc, une solution pour les cuisines de quelques m\u00e8tres carr\u00e9s ? Les projets d&rsquo;iKuchen nous confirment que la r\u00e9ponse est \u00aboui\u00bb."},"content":{"rendered":"\n<style type=\"text\/css\" data-created_by=\"avia_inline_auto\" id=\"style-css-av-xdze1jn-cdcbd7338364cf59133bc299ced49b26\">\n.avia-section.av-xdze1jn-cdcbd7338364cf59133bc299ced49b26{\nbackground-repeat:repeat-x;\nbackground-image:url(https:\/\/cocinasmetodo.es\/wp-content\/uploads\/2021\/07\/fondo-naranja-graficos-1200px.png);\nbackground-position:50% 50%;\nbackground-attachment:scroll;\n}\n<\/style>\n<div id='av_section_1'  class='avia-section av-xdze1jn-cdcbd7338364cf59133bc299ced49b26 main_color avia-section-default avia-no-border-styling  avia-builder-el-0  el_before_av_horizontal_gallery  avia-builder-el-first  avia-bg-style-scroll container_wrap sidebar_right'  data-section-bg-repeat='repeat-x'><div class='container av-section-cont-open' ><main  role=\"main\" itemprop=\"mainContentOfPage\"  class='template-page content  av-content-small alpha units'><div class='post-entry post-entry-type-page post-entry-19270'><div class='entry-content-wrapper clearfix'>\n\n<style type=\"text\/css\" data-created_by=\"avia_inline_auto\" id=\"style-css-av-x17p9df-c32bb605face84ba13177260196197c0\">\n#top .hr.hr-invisible.av-x17p9df-c32bb605face84ba13177260196197c0{\nheight:15px;\n}\n<\/style>\n<div  class='hr av-x17p9df-c32bb605face84ba13177260196197c0 hr-invisible  avia-builder-el-1  el_before_av_textblock  avia-builder-el-first '><span class='hr-inner '><span class=\"hr-inner-style\"><\/span><\/span><\/div>\n<section  class='av_textblock_section av-wffanv7-57c377139ee174398fd77e8899ae0264 '   itemscope=\"itemscope\" itemtype=\"https:\/\/schema.org\/BlogPosting\" itemprop=\"blogPost\" ><div class='avia_textblock'  itemprop=\"text\" ><mark class=\"fp_sc_mark fp_ff_calvertmtstd-bold\" style=\"background: none;color: inherit;font-size: 40px;line-height: 40px;\">Le blanc, une solution pour les cuisines de quelques m\u00e8tres carr\u00e9s ? Les projets d&rsquo;iKuchen nous confirment que la r\u00e9ponse est \u00aboui\u00bb.<\/mark>\n<\/div><\/section>\n\n<style type=\"text\/css\" data-created_by=\"avia_inline_auto\" id=\"style-css-av-vto9d1v-ba898703748f29cae6829698f348122b\">\n#top .hr.hr-invisible.av-vto9d1v-ba898703748f29cae6829698f348122b{\nheight:30px;\n}\n<\/style>\n<div  class='hr av-vto9d1v-ba898703748f29cae6829698f348122b hr-invisible  avia-builder-el-3  el_after_av_textblock  el_before_av_textblock '><span class='hr-inner '><span class=\"hr-inner-style\"><\/span><\/span><\/div>\n<section  class='av_textblock_section av-vjt25jn-2c9f05bde7f02850c0416f284e1011c3 '   itemscope=\"itemscope\" itemtype=\"https:\/\/schema.org\/BlogPosting\" itemprop=\"blogPost\" ><div class='avia_textblock'  itemprop=\"text\" ><mark class=\"fp_sc_mark fp_ff_roboto-light\" style=\"background: none;color: inherit;font-size: 23px;line-height: 28px;\">Lorsque l&rsquo;on est confront\u00e9 au d\u00e9fi d&rsquo;am\u00e9nager une cuisine dans un espace r\u00e9duit ou int\u00e9gr\u00e9 au salon, une question incontournable se pose automatiquement en mati\u00e8re de d\u00e9coration d&rsquo;int\u00e9rieur : f<strong>aut-il miser sur le blanc ? La r\u00e9ponse est un \u00ab oui \u00bb cat\u00e9gorique<\/strong>, mais la r\u00e9ussite d\u00e9pend toujours de la clart\u00e9 visuelle, d&rsquo;un contraste judicieux et d&rsquo;une optimisation du mobilier. <\/mark>\n<\/div><\/section>\n\n<style type=\"text\/css\" data-created_by=\"avia_inline_auto\" id=\"style-css-av-uyevteb-45efbde1afcddffd53e7fd6b357795f2\">\n#top .hr.hr-invisible.av-uyevteb-45efbde1afcddffd53e7fd6b357795f2{\nheight:20px;\n}\n<\/style>\n<div  class='hr av-uyevteb-45efbde1afcddffd53e7fd6b357795f2 hr-invisible  avia-builder-el-5  el_after_av_textblock  el_before_av_textblock '><span class='hr-inner '><span class=\"hr-inner-style\"><\/span><\/span><\/div>\n<section  class='av_textblock_section av-mrkimtgo-584d99bd6c29b4b83e7c45bfbb5ae26b '   itemscope=\"itemscope\" itemtype=\"https:\/\/schema.org\/BlogPosting\" itemprop=\"blogPost\" ><div class='avia_textblock'  itemprop=\"text\" ><mark class=\"fp_sc_mark fp_ff_roboto-light\" style=\"background: none;color: inherit;font-size: 23px;line-height: 28px;\">Aujourd\u2019hui, nous abordons ce sujet \u00e0 travers deux superbes projets du cabinet <a href=\"https:\/\/www.ikuchen.com\/\">iKuchen<\/a>, \u00e9quip\u00e9s de mobilier <strong>M\u00e9todo<\/strong>. Deux exemples aux dimensions modestes mais d\u2019une immense \u00e9l\u00e9gance, qui d\u00e9montrent \u00e0 quel point le blanc, bien pens\u00e9, est l\u2019outil par excellence pour gagner en espace, en lumi\u00e8re et en ordre dans la maison. <\/mark>\n<\/div><\/section>\n\n<style type=\"text\/css\" data-created_by=\"avia_inline_auto\" id=\"style-css-av-14ioeur-57fde3fbc30dd4d4c794ef55e7550ece\">\n#top .hr.hr-invisible.av-14ioeur-57fde3fbc30dd4d4c794ef55e7550ece{\nheight:50px;\n}\n<\/style>\n<div  class='hr av-14ioeur-57fde3fbc30dd4d4c794ef55e7550ece hr-invisible  avia-builder-el-7  el_after_av_textblock  el_before_av_textblock '><span class='hr-inner '><span class=\"hr-inner-style\"><\/span><\/span><\/div>\n<section  class='av_textblock_section av-uo3yrir-80caa8469f0bdf96c4654181a685477c '   itemscope=\"itemscope\" itemtype=\"https:\/\/schema.org\/BlogPosting\" itemprop=\"blogPost\" ><div class='avia_textblock'  itemprop=\"text\" ><mark class=\"fp_sc_mark fp_ff_roboto-light\" style=\"background: none;color: inherit;font-size: 23px;line-height: 28px;\"> Ikuchen Cocinas<strong> | <a href=\"https:\/\/www.ikuchen.com\/\">Web<\/a>\u00a0|\u00a0<a href=\"https:\/\/www.instagram.com\/ikuchen_cocinas\/\">Instagram<\/a><\/strong><\/mark>\n<\/div><\/section>\n\n<style type=\"text\/css\" data-created_by=\"avia_inline_auto\" id=\"style-css-av-mrki68zn-c076eac18ed17dd5f1d371c1a030c440\">\n.av-horizontal-gallery.av-mrki68zn-c076eac18ed17dd5f1d371c1a030c440 .av-horizontal-gallery-inner{\npadding-bottom:50%;\n}\n<\/style>\n<div  class='av-horizontal-gallery av-mrki68zn-c076eac18ed17dd5f1d371c1a030c440 av-horizontal-gallery-large-gap av-horizontal-gallery--effect  avia-builder-el-9  el_after_av_section  el_before_av_section  av-slideshow-ui av-control-default av-slideshow-manual av-loop-once av-loop-manual-once av-horizontal-gallery-1' data-slideshow-data=\"{&quot;animation&quot;:&quot;slide&quot;,&quot;autoplay&quot;:false,&quot;loop_autoplay&quot;:&quot;once&quot;,&quot;interval&quot;:5,&quot;loop_manual&quot;:&quot;manual-once&quot;,&quot;autoplay_stopper&quot;:false,&quot;noNavigation&quot;:false,&quot;bg_slider&quot;:false,&quot;keep_padding&quot;:&quot;&quot;,&quot;hoverpause&quot;:false,&quot;show_slide_delay&quot;:0}\"  itemprop=\"image\" itemscope=\"itemscope\" itemtype=\"https:\/\/schema.org\/ImageObject\" ><div class='avia-slideshow-arrows avia-slideshow-controls' ><a href='#prev' class='prev-slide av-horizontal-gallery-prev avia-svg-icon avia-font-svg_entypo-fontello' data-av_svg_icon='left-open-big' data-av_iconset='svg_entypo-fontello' tabindex='-1' title=\"Pr\u00e9c\u00e9dent\"><svg version=\"1.1\" xmlns=\"http:\/\/www.w3.org\/2000\/svg\" width=\"15\" height=\"32\" viewBox=\"0 0 15 32\" preserveAspectRatio=\"xMidYMid meet\" aria-labelledby='av-svg-title-1' aria-describedby='av-svg-desc-1' role=\"graphics-symbol\" aria-hidden=\"true\">\n<title id='av-svg-title-1'>Pr\u00e9c\u00e9dent<\/title>\n<desc id='av-svg-desc-1'>Pr\u00e9c\u00e9dent<\/desc>\n<path d=\"M14.464 27.84q0.832 0.832 0 1.536-0.832 0.832-1.536 0l-12.544-12.608q-0.768-0.768 0-1.6l12.544-12.608q0.704-0.832 1.536 0 0.832 0.704 0 1.536l-11.456 11.904z\"><\/path>\n<\/svg><span class='avia_hidden_link_text'>Pr\u00e9c\u00e9dent<\/span><\/a><a href='#next' class='next-slide av-horizontal-gallery-next avia-svg-icon avia-font-svg_entypo-fontello' data-av_svg_icon='right-open-big' data-av_iconset='svg_entypo-fontello' tabindex='-1' title=\"Suivant\"><svg version=\"1.1\" xmlns=\"http:\/\/www.w3.org\/2000\/svg\" width=\"15\" height=\"32\" viewBox=\"0 0 15 32\" preserveAspectRatio=\"xMidYMid meet\" aria-labelledby='av-svg-title-2' aria-describedby='av-svg-desc-2' role=\"graphics-symbol\" aria-hidden=\"true\">\n<title id='av-svg-title-2'>Suivant<\/title>\n<desc id='av-svg-desc-2'>Suivant<\/desc>\n<path d=\"M0.416 27.84l11.456-11.84-11.456-11.904q-0.832-0.832 0-1.536 0.832-0.832 1.536 0l12.544 12.608q0.768 0.832 0 1.6l-12.544 12.608q-0.704 0.832-1.536 0-0.832-0.704 0-1.536z\"><\/path>\n<\/svg><span class='avia_hidden_link_text'>Suivant<\/span><\/a><\/div><div class='avia-slideshow-dots avia-slideshow-controls av-horizontal-gallery-dots fade-in'><a href='#1' class='goto-slide active' >1<\/a><a href='#2' class='goto-slide ' >2<\/a><\/div><div class='av-horizontal-gallery-inner' data-av-height='50'><div class=\"av-horizontal-gallery-slider\"><div class=\"av-horizontal-gallery-wrap noHover\"><img decoding=\"async\" fetchpriority=\"high\" class='wp-image-19069 avia-img-lazy-loading-not-19069 av-horizontal-gallery-img' width=\"2048\" height=\"2048\" src=\"https:\/\/cocinasmetodo.es\/wp-content\/uploads\/2026\/07\/Metodo-proyecto-ikuchen-cocina-1-1.jpg\" title='Metodo-proyecto-ikuchen-cocina-1-1' alt='' srcset=\"https:\/\/cocinasmetodo.es\/wp-content\/uploads\/2026\/07\/Metodo-proyecto-ikuchen-cocina-1-1.jpg 2048w, https:\/\/cocinasmetodo.es\/wp-content\/uploads\/2026\/07\/Metodo-proyecto-ikuchen-cocina-1-1-300x300.jpg 300w, https:\/\/cocinasmetodo.es\/wp-content\/uploads\/2026\/07\/Metodo-proyecto-ikuchen-cocina-1-1-1920x1920.jpg 1920w, https:\/\/cocinasmetodo.es\/wp-content\/uploads\/2026\/07\/Metodo-proyecto-ikuchen-cocina-1-1-80x80.jpg 80w, https:\/\/cocinasmetodo.es\/wp-content\/uploads\/2026\/07\/Metodo-proyecto-ikuchen-cocina-1-1-768x768.jpg 768w, https:\/\/cocinasmetodo.es\/wp-content\/uploads\/2026\/07\/Metodo-proyecto-ikuchen-cocina-1-1-1536x1536.jpg 1536w, https:\/\/cocinasmetodo.es\/wp-content\/uploads\/2026\/07\/Metodo-proyecto-ikuchen-cocina-1-1-36x36.jpg 36w, https:\/\/cocinasmetodo.es\/wp-content\/uploads\/2026\/07\/Metodo-proyecto-ikuchen-cocina-1-1-180x180.jpg 180w, https:\/\/cocinasmetodo.es\/wp-content\/uploads\/2026\/07\/Metodo-proyecto-ikuchen-cocina-1-1-1500x1500.jpg 1500w, https:\/\/cocinasmetodo.es\/wp-content\/uploads\/2026\/07\/Metodo-proyecto-ikuchen-cocina-1-1-705x705.jpg 705w\" sizes=\"(max-width: 2048px) 100vw, 2048px\" \/><a href=\"https:\/\/cocinasmetodo.es\/wp-content\/uploads\/2026\/07\/Metodo-proyecto-ikuchen-cocina-1-1-1920x1920.jpg\" data-srcset=\"https:\/\/cocinasmetodo.es\/wp-content\/uploads\/2026\/07\/Metodo-proyecto-ikuchen-cocina-1-1-1920x1920.jpg 1920w, https:\/\/cocinasmetodo.es\/wp-content\/uploads\/2026\/07\/Metodo-proyecto-ikuchen-cocina-1-1-300x300.jpg 300w, https:\/\/cocinasmetodo.es\/wp-content\/uploads\/2026\/07\/Metodo-proyecto-ikuchen-cocina-1-1-80x80.jpg 80w, https:\/\/cocinasmetodo.es\/wp-content\/uploads\/2026\/07\/Metodo-proyecto-ikuchen-cocina-1-1-768x768.jpg 768w, https:\/\/cocinasmetodo.es\/wp-content\/uploads\/2026\/07\/Metodo-proyecto-ikuchen-cocina-1-1-1536x1536.jpg 1536w, https:\/\/cocinasmetodo.es\/wp-content\/uploads\/2026\/07\/Metodo-proyecto-ikuchen-cocina-1-1-36x36.jpg 36w, https:\/\/cocinasmetodo.es\/wp-content\/uploads\/2026\/07\/Metodo-proyecto-ikuchen-cocina-1-1-180x180.jpg 180w, https:\/\/cocinasmetodo.es\/wp-content\/uploads\/2026\/07\/Metodo-proyecto-ikuchen-cocina-1-1-1500x1500.jpg 1500w, https:\/\/cocinasmetodo.es\/wp-content\/uploads\/2026\/07\/Metodo-proyecto-ikuchen-cocina-1-1-705x705.jpg 705w, https:\/\/cocinasmetodo.es\/wp-content\/uploads\/2026\/07\/Metodo-proyecto-ikuchen-cocina-1-1.jpg 2048w\" data-sizes=\"(max-width: 1500px) 100vw, 1500px\" class='av-horizontal-gallery-link avia-svg-icon avia-font-svg_entypo-fontello' data-av_svg_icon='resize-full' data-av_iconset='svg_entypo-fontello' title='Metodo-proyecto-ikuchen-cocina-1-1' alt='' aria-label='Ouvrir l\u2019image dans une Lightbox: Metodo-proyecto-ikuchen-cocina-1-1'><svg version=\"1.1\" xmlns=\"http:\/\/www.w3.org\/2000\/svg\" width=\"25\" height=\"32\" viewBox=\"0 0 25 32\" preserveAspectRatio=\"xMidYMid meet\" aria-labelledby='av-svg-title-3' aria-describedby='av-svg-desc-3' role=\"graphics-symbol\" aria-hidden=\"true\">\n<title id='av-svg-title-3'>Ouvrir l\u2019image dans une Lightbox: Metodo-proyecto-ikuchen-cocina-1-1<\/title>\n<desc id='av-svg-desc-3'>Ouvrir l\u2019image dans une Lightbox: Metodo-proyecto-ikuchen-cocina-1-1<\/desc>\n<path d=\"M15.232 3.328h10.112v10.112l-3.2-3.968-4.672 4.864-3.2-3.2 4.864-4.672zM7.872 17.536l3.2 3.2-4.864 4.672 3.904 3.2h-10.112v-10.112l3.2 3.904z\"><\/path>\n<\/svg><\/a><\/div><div class=\"av-horizontal-gallery-wrap noHover\"><img decoding=\"async\" fetchpriority=\"high\" class='wp-image-19076 avia-img-lazy-loading-not-19076 av-horizontal-gallery-img' width=\"1024\" height=\"1024\" src=\"https:\/\/cocinasmetodo.es\/wp-content\/uploads\/2026\/07\/Metodo-proyecto-ikuchen-cocina-1-4.jpeg\" title='Metodo-proyecto-ikuchen-cocina-1-4' alt='' srcset=\"https:\/\/cocinasmetodo.es\/wp-content\/uploads\/2026\/07\/Metodo-proyecto-ikuchen-cocina-1-4.jpeg 1024w, https:\/\/cocinasmetodo.es\/wp-content\/uploads\/2026\/07\/Metodo-proyecto-ikuchen-cocina-1-4-300x300.jpeg 300w, https:\/\/cocinasmetodo.es\/wp-content\/uploads\/2026\/07\/Metodo-proyecto-ikuchen-cocina-1-4-80x80.jpeg 80w, https:\/\/cocinasmetodo.es\/wp-content\/uploads\/2026\/07\/Metodo-proyecto-ikuchen-cocina-1-4-768x768.jpeg 768w, https:\/\/cocinasmetodo.es\/wp-content\/uploads\/2026\/07\/Metodo-proyecto-ikuchen-cocina-1-4-36x36.jpeg 36w, https:\/\/cocinasmetodo.es\/wp-content\/uploads\/2026\/07\/Metodo-proyecto-ikuchen-cocina-1-4-180x180.jpeg 180w, https:\/\/cocinasmetodo.es\/wp-content\/uploads\/2026\/07\/Metodo-proyecto-ikuchen-cocina-1-4-705x705.jpeg 705w\" sizes=\"(max-width: 1024px) 100vw, 1024px\" \/><a href=\"https:\/\/cocinasmetodo.es\/wp-content\/uploads\/2026\/07\/Metodo-proyecto-ikuchen-cocina-1-4.jpeg\" data-srcset=\"https:\/\/cocinasmetodo.es\/wp-content\/uploads\/2026\/07\/Metodo-proyecto-ikuchen-cocina-1-4.jpeg 1024w, https:\/\/cocinasmetodo.es\/wp-content\/uploads\/2026\/07\/Metodo-proyecto-ikuchen-cocina-1-4-300x300.jpeg 300w, https:\/\/cocinasmetodo.es\/wp-content\/uploads\/2026\/07\/Metodo-proyecto-ikuchen-cocina-1-4-80x80.jpeg 80w, https:\/\/cocinasmetodo.es\/wp-content\/uploads\/2026\/07\/Metodo-proyecto-ikuchen-cocina-1-4-768x768.jpeg 768w, https:\/\/cocinasmetodo.es\/wp-content\/uploads\/2026\/07\/Metodo-proyecto-ikuchen-cocina-1-4-36x36.jpeg 36w, https:\/\/cocinasmetodo.es\/wp-content\/uploads\/2026\/07\/Metodo-proyecto-ikuchen-cocina-1-4-180x180.jpeg 180w, https:\/\/cocinasmetodo.es\/wp-content\/uploads\/2026\/07\/Metodo-proyecto-ikuchen-cocina-1-4-705x705.jpeg 705w\" data-sizes=\"(max-width: 1024px) 100vw, 1024px\" class='av-horizontal-gallery-link avia-svg-icon avia-font-svg_entypo-fontello' data-av_svg_icon='resize-full' data-av_iconset='svg_entypo-fontello' title='Metodo-proyecto-ikuchen-cocina-1-4' alt='' aria-label='Ouvrir l\u2019image dans une Lightbox: Metodo-proyecto-ikuchen-cocina-1-4'><svg version=\"1.1\" xmlns=\"http:\/\/www.w3.org\/2000\/svg\" width=\"25\" height=\"32\" viewBox=\"0 0 25 32\" preserveAspectRatio=\"xMidYMid meet\" aria-labelledby='av-svg-title-4' aria-describedby='av-svg-desc-4' role=\"graphics-symbol\" aria-hidden=\"true\">\n<title id='av-svg-title-4'>Ouvrir l\u2019image dans une Lightbox: Metodo-proyecto-ikuchen-cocina-1-4<\/title>\n<desc id='av-svg-desc-4'>Ouvrir l\u2019image dans une Lightbox: Metodo-proyecto-ikuchen-cocina-1-4<\/desc>\n<path d=\"M15.232 3.328h10.112v10.112l-3.2-3.968-4.672 4.864-3.2-3.2 4.864-4.672zM7.872 17.536l3.2 3.2-4.864 4.672 3.904 3.2h-10.112v-10.112l3.2 3.904z\"><\/path>\n<\/svg><\/a><\/div><\/div><\/div><\/div><\/p>\n<div id='av_section_2'  class='avia-section av-tnvblmb-57a18f5451962a0b6808b30636cb68b9 main_color avia-section-default avia-no-border-styling  avia-builder-el-10  el_after_av_horizontal_gallery  el_before_av_hr  avia-bg-style-scroll container_wrap sidebar_right'  ><div class='container av-section-cont-open' ><div class='template-page content  av-content-small alpha units'><div class='post-entry post-entry-type-page post-entry-19270'><div class='entry-content-wrapper clearfix'>\n<div  class='flex_column av-te9tr9v-999b0f763b599a40af74a6733bd9ee0c av_one_half  avia-builder-el-11  el_before_av_one_half  avia-builder-el-first  first flex_column_div  '     ><div  class='avia-slideshow av-mrkh4s6u-f60f95c02dff96df273434cda8e9ea3b avia-slideshow-no scaling av_slideshow avia-fade-slider  avia-builder-el-12  avia-builder-el-no-sibling  av-slideshow-ui av-control-default av-slideshow-autoplay av-loop-endless av-loop-manual-endless av-default-height-applied avia-slideshow-1' data-slideshow-options=\"{&quot;animation&quot;:&quot;fade&quot;,&quot;autoplay&quot;:true,&quot;loop_autoplay&quot;:&quot;endless&quot;,&quot;interval&quot;:3,&quot;loop_manual&quot;:&quot;manual-endless&quot;,&quot;autoplay_stopper&quot;:false,&quot;noNavigation&quot;:false,&quot;bg_slider&quot;:false,&quot;keep_padding&quot;:false,&quot;hoverpause&quot;:false,&quot;show_slide_delay&quot;:0}\"  itemprop=\"image\" itemscope=\"itemscope\" itemtype=\"https:\/\/schema.org\/ImageObject\" ><ul class='avia-slideshow-inner ' style='padding-bottom: 100%;'><li  class='avia-slideshow-slide av-mrkh4s6u-f60f95c02dff96df273434cda8e9ea3b__0  slide-1 slide-odd'><div data-rel='slideshow-1' class='avia-slide-wrap '   ><img decoding=\"async\" fetchpriority=\"high\" class=\"wp-image-19074 avia-img-lazy-loading-not-19074\"  src=\"https:\/\/cocinasmetodo.es\/wp-content\/uploads\/2026\/07\/Metodo-proyecto-ikuchen-cocina-1-3.jpg\" width=\"2048\" height=\"2048\" title='Metodo-proyecto-ikuchen-cocina-1-3' alt=''  itemprop=\"thumbnailUrl\" srcset=\"https:\/\/cocinasmetodo.es\/wp-content\/uploads\/2026\/07\/Metodo-proyecto-ikuchen-cocina-1-3.jpg 2048w, https:\/\/cocinasmetodo.es\/wp-content\/uploads\/2026\/07\/Metodo-proyecto-ikuchen-cocina-1-3-300x300.jpg 300w, https:\/\/cocinasmetodo.es\/wp-content\/uploads\/2026\/07\/Metodo-proyecto-ikuchen-cocina-1-3-1920x1920.jpg 1920w, https:\/\/cocinasmetodo.es\/wp-content\/uploads\/2026\/07\/Metodo-proyecto-ikuchen-cocina-1-3-80x80.jpg 80w, https:\/\/cocinasmetodo.es\/wp-content\/uploads\/2026\/07\/Metodo-proyecto-ikuchen-cocina-1-3-768x768.jpg 768w, https:\/\/cocinasmetodo.es\/wp-content\/uploads\/2026\/07\/Metodo-proyecto-ikuchen-cocina-1-3-1536x1536.jpg 1536w, https:\/\/cocinasmetodo.es\/wp-content\/uploads\/2026\/07\/Metodo-proyecto-ikuchen-cocina-1-3-36x36.jpg 36w, https:\/\/cocinasmetodo.es\/wp-content\/uploads\/2026\/07\/Metodo-proyecto-ikuchen-cocina-1-3-180x180.jpg 180w, https:\/\/cocinasmetodo.es\/wp-content\/uploads\/2026\/07\/Metodo-proyecto-ikuchen-cocina-1-3-1500x1500.jpg 1500w, https:\/\/cocinasmetodo.es\/wp-content\/uploads\/2026\/07\/Metodo-proyecto-ikuchen-cocina-1-3-705x705.jpg 705w\" sizes=\"(max-width: 2048px) 100vw, 2048px\" \/><\/div><\/li><li  class='avia-slideshow-slide av-mrkh4s6u-f60f95c02dff96df273434cda8e9ea3b__1  slide-2 slide-even'><div data-rel='slideshow-1' class='avia-slide-wrap '   ><img decoding=\"async\" fetchpriority=\"high\" class=\"wp-image-19071 avia-img-lazy-loading-not-19071\"  src=\"https:\/\/cocinasmetodo.es\/wp-content\/uploads\/2026\/07\/Metodo-proyecto-ikuchen-cocina-1-2.jpg\" width=\"2048\" height=\"2048\" title='Metodo-proyecto-ikuchen-cocina-1-2' alt=''  itemprop=\"thumbnailUrl\" srcset=\"https:\/\/cocinasmetodo.es\/wp-content\/uploads\/2026\/07\/Metodo-proyecto-ikuchen-cocina-1-2.jpg 2048w, https:\/\/cocinasmetodo.es\/wp-content\/uploads\/2026\/07\/Metodo-proyecto-ikuchen-cocina-1-2-300x300.jpg 300w, https:\/\/cocinasmetodo.es\/wp-content\/uploads\/2026\/07\/Metodo-proyecto-ikuchen-cocina-1-2-1920x1920.jpg 1920w, https:\/\/cocinasmetodo.es\/wp-content\/uploads\/2026\/07\/Metodo-proyecto-ikuchen-cocina-1-2-80x80.jpg 80w, https:\/\/cocinasmetodo.es\/wp-content\/uploads\/2026\/07\/Metodo-proyecto-ikuchen-cocina-1-2-768x768.jpg 768w, https:\/\/cocinasmetodo.es\/wp-content\/uploads\/2026\/07\/Metodo-proyecto-ikuchen-cocina-1-2-1536x1536.jpg 1536w, https:\/\/cocinasmetodo.es\/wp-content\/uploads\/2026\/07\/Metodo-proyecto-ikuchen-cocina-1-2-36x36.jpg 36w, https:\/\/cocinasmetodo.es\/wp-content\/uploads\/2026\/07\/Metodo-proyecto-ikuchen-cocina-1-2-180x180.jpg 180w, https:\/\/cocinasmetodo.es\/wp-content\/uploads\/2026\/07\/Metodo-proyecto-ikuchen-cocina-1-2-1500x1500.jpg 1500w, https:\/\/cocinasmetodo.es\/wp-content\/uploads\/2026\/07\/Metodo-proyecto-ikuchen-cocina-1-2-705x705.jpg 705w\" sizes=\"(max-width: 2048px) 100vw, 2048px\" \/><\/div><\/li><\/ul><div class='avia-slideshow-arrows avia-slideshow-controls' ><a href='#prev' class='prev-slide  avia-svg-icon avia-font-svg_entypo-fontello' data-av_svg_icon='left-open-big' data-av_iconset='svg_entypo-fontello' tabindex='-1' title=\"Pr\u00e9c\u00e9dent\"><svg version=\"1.1\" xmlns=\"http:\/\/www.w3.org\/2000\/svg\" width=\"15\" height=\"32\" viewBox=\"0 0 15 32\" preserveAspectRatio=\"xMidYMid meet\" aria-labelledby='av-svg-title-5' aria-describedby='av-svg-desc-5' role=\"graphics-symbol\" aria-hidden=\"true\">\n<title id='av-svg-title-5'>Pr\u00e9c\u00e9dent<\/title>\n<desc id='av-svg-desc-5'>Pr\u00e9c\u00e9dent<\/desc>\n<path d=\"M14.464 27.84q0.832 0.832 0 1.536-0.832 0.832-1.536 0l-12.544-12.608q-0.768-0.768 0-1.6l12.544-12.608q0.704-0.832 1.536 0 0.832 0.704 0 1.536l-11.456 11.904z\"><\/path>\n<\/svg><span class='avia_hidden_link_text'>Pr\u00e9c\u00e9dent<\/span><\/a><a href='#next' class='next-slide  avia-svg-icon avia-font-svg_entypo-fontello' data-av_svg_icon='right-open-big' data-av_iconset='svg_entypo-fontello' tabindex='-1' title=\"Suivant\"><svg version=\"1.1\" xmlns=\"http:\/\/www.w3.org\/2000\/svg\" width=\"15\" height=\"32\" viewBox=\"0 0 15 32\" preserveAspectRatio=\"xMidYMid meet\" aria-labelledby='av-svg-title-6' aria-describedby='av-svg-desc-6' role=\"graphics-symbol\" aria-hidden=\"true\">\n<title id='av-svg-title-6'>Suivant<\/title>\n<desc id='av-svg-desc-6'>Suivant<\/desc>\n<path d=\"M0.416 27.84l11.456-11.84-11.456-11.904q-0.832-0.832 0-1.536 0.832-0.832 1.536 0l12.544 12.608q0.768 0.832 0 1.6l-12.544 12.608q-0.704 0.832-1.536 0-0.832-0.704 0-1.536z\"><\/path>\n<\/svg><span class='avia_hidden_link_text'>Suivant<\/span><\/a><\/div><div class='avia-slideshow-dots avia-slideshow-controls'><a href='#1' class='goto-slide active' >1<\/a><a href='#2' class='goto-slide ' >2<\/a><\/div><\/div><\/div><div  class='flex_column av-sa2rpgz-d6bc7cc871ce788e0bcc924e358eccf3 av_one_half  avia-builder-el-13  el_after_av_one_half  el_before_av_hr  flex_column_div  '     ><p><section  class='av_textblock_section av-298q6ur-622f998192c9f33dd2178063b9f310ea '   itemscope=\"itemscope\" itemtype=\"https:\/\/schema.org\/BlogPosting\" itemprop=\"blogPost\" ><div class='avia_textblock'  itemprop=\"text\" ><mark class=\"fp_sc_mark fp_ff_calvertmtstd-bold\" style=\"background: none;color: inherit;font-size: 30px;line-height: 32px;\">Le pouvoir du blanc dans les cuisines.<\/mark>\n<\/div><\/section><br \/>\n\n<style type=\"text\/css\" data-created_by=\"avia_inline_auto\" id=\"style-css-av-rnh6vbn-ca149d3a45c2b671a5d1fcfce7ba5c0c\">\n#top .hr.hr-invisible.av-rnh6vbn-ca149d3a45c2b671a5d1fcfce7ba5c0c{\nheight:20px;\n}\n<\/style>\n<div  class='hr av-rnh6vbn-ca149d3a45c2b671a5d1fcfce7ba5c0c hr-invisible  avia-builder-el-15  el_after_av_textblock  el_before_av_textblock '><span class='hr-inner '><span class=\"hr-inner-style\"><\/span><\/span><\/div><br \/>\n<section  class='av_textblock_section av-rfqbfkj-0e51b012a44498efc42646c8191971bb '   itemscope=\"itemscope\" itemtype=\"https:\/\/schema.org\/BlogPosting\" itemprop=\"blogPost\" ><div class='avia_textblock'  itemprop=\"text\" ><mark class=\"fp_sc_mark fp_ff_roboto-light\" style=\"background: none;color: inherit;font-size: 19px;line-height: 23px;\"> La principale raison pour laquelle iKuchen a choisi le blanc uni comme \u00e9l\u00e9ment central de cette premi\u00e8re proposition r\u00e9side dans sa grande capacit\u00e9 \u00e0 refl\u00e9ter la lumi\u00e8re et \u00e0 estomper les limites physiques dans les pi\u00e8ces \u00e9troites. Gr\u00e2ce \u00e0 un concept ouvert en communion avec le salon, les fa\u00e7ades mates et uniformes de M\u00e9todo se fondent de mani\u00e8re \u00e9pur\u00e9e et naturelle dans l\u2019environnement, \u00e9vitant ainsi de surcharger visuellement l\u2019int\u00e9rieur.<\/mark>\n<\/div><\/section><br \/>\n\n<style type=\"text\/css\" data-created_by=\"avia_inline_auto\" id=\"style-css-av-r0d7qkz-36d0680107d2ed36150c1e5e04118215\">\n#top .hr.hr-invisible.av-r0d7qkz-36d0680107d2ed36150c1e5e04118215{\nheight:10px;\n}\n<\/style>\n<div  class='hr av-r0d7qkz-36d0680107d2ed36150c1e5e04118215 hr-invisible  avia-builder-el-17  el_after_av_textblock  el_before_av_textblock '><span class='hr-inner '><span class=\"hr-inner-style\"><\/span><\/span><\/div><br \/>\n<section  class='av_textblock_section av-1oobiyb-b525a95aa2da7bc8c6bc6fa56f0d678b '   itemscope=\"itemscope\" itemtype=\"https:\/\/schema.org\/BlogPosting\" itemprop=\"blogPost\" ><div class='avia_textblock'  itemprop=\"text\" ><blockquote>\n<p><strong>Afin de garantir un passage fluide et sans obstacle dans un espace \u00e9troit, le choix s&rsquo;est port\u00e9 sur un syst\u00e8me d&rsquo;ouverture \u00e0 profil\u00e9 continu en finition aluminium. L&rsquo;absence de poign\u00e9es classiques permet de conserver des surfaces parfaitement lisses et de mettre en valeur l&rsquo;esth\u00e9tique minimaliste des fa\u00e7ades, cr\u00e9ant ainsi un rythme moderne et tr\u00e8s pratique au quotidien.<\/strong><\/p>\n<\/blockquote>\n<\/div><\/section><br \/>\n\n<style type=\"text\/css\" data-created_by=\"avia_inline_auto\" id=\"style-css-av-q1y8opf-b927cc6acd064c2ca94cbbfc7231767b\">\n#top .hr.hr-invisible.av-q1y8opf-b927cc6acd064c2ca94cbbfc7231767b{\nheight:20px;\n}\n<\/style>\n<div  class='hr av-q1y8opf-b927cc6acd064c2ca94cbbfc7231767b hr-invisible  avia-builder-el-19  el_after_av_textblock  el_before_av_textblock '><span class='hr-inner '><span class=\"hr-inner-style\"><\/span><\/span><\/div><br \/>\n<section  class='av_textblock_section av-2jqo5o3-0a39fc9d3e80ea013425bc19e7795316 '   itemscope=\"itemscope\" itemtype=\"https:\/\/schema.org\/BlogPosting\" itemprop=\"blogPost\" ><div class='avia_textblock'  itemprop=\"text\" ><mark class=\"fp_sc_mark fp_ff_roboto-light\" style=\"background: none;color: inherit;font-size: 19px;line-height: 23px;\">La planification minutieuse transpara\u00eet dans l&rsquo;agencement de l&rsquo;espace : une rang\u00e9e de colonnes \u00e0 une extr\u00e9mit\u00e9 regroupe le r\u00e9frig\u00e9rateur encastr\u00e9 et les fours, tandis que les meubles hauts s&rsquo;\u00e9tendent pour offrir davantage d&rsquo;espace de rangement pour les provisions. La surface blanche reste \u00e9pur\u00e9e gr\u00e2ce \u00e0 une plaque de cuisson sophistiqu\u00e9e dot\u00e9e d&rsquo;une hotte int\u00e9gr\u00e9e et \u00e0 de subtils d\u00e9tails contrastants en noir.<\/mark>\n<\/div><\/section><br \/>\n\n<style type=\"text\/css\" data-created_by=\"avia_inline_auto\" id=\"style-css-av-oux984z-c863147d8e187a8b5f69d069bb23e3d9\">\n#top .hr.hr-invisible.av-oux984z-c863147d8e187a8b5f69d069bb23e3d9{\nheight:20px;\n}\n<\/style>\n<div  class='hr av-oux984z-c863147d8e187a8b5f69d069bb23e3d9 hr-invisible  avia-builder-el-21  el_after_av_textblock  avia-builder-el-last '><span class='hr-inner '><span class=\"hr-inner-style\"><\/span><\/span><\/div><\/p><\/div>\n<style type=\"text\/css\" data-created_by=\"avia_inline_auto\" id=\"style-css-av-omfy54j-673576f58b12e58e75497a0f358835c5\">\n#top .hr.hr-invisible.av-omfy54j-673576f58b12e58e75497a0f358835c5{\nheight:20px;\n}\n<\/style>\n<div  class='hr av-omfy54j-673576f58b12e58e75497a0f358835c5 hr-invisible  avia-builder-el-22  el_after_av_one_half  avia-builder-el-last '><span class='hr-inner '><span class=\"hr-inner-style\"><\/span><\/span><\/div>\n<\/div><\/div><\/main><!-- close content main element --><\/div><\/div><div id='after_section_2'  class='main_color av_default_container_wrap container_wrap sidebar_right'  ><div class='container av-section-cont-open' ><div class='template-page content  av-content-small alpha units'><div class='post-entry post-entry-type-page post-entry-19270'><div class='entry-content-wrapper clearfix'>\n<style type=\"text\/css\" data-created_by=\"avia_inline_auto\" id=\"style-css-av-n7m4iib-d935c0197d14a77c114b5dd719350be8\">\n#top .hr.hr-invisible.av-n7m4iib-d935c0197d14a77c114b5dd719350be8{\nheight:40px;\n}\n<\/style>\n<div  class='hr av-n7m4iib-d935c0197d14a77c114b5dd719350be8 hr-invisible  avia-builder-el-23  el_after_av_section  el_before_av_textblock  avia-builder-el-first '><span class='hr-inner '><span class=\"hr-inner-style\"><\/span><\/span><\/div><\/p>\n<section  class='av_textblock_section av-qbys4z-842c5853eb9d5e904eeb7c19ebc186ea '   itemscope=\"itemscope\" itemtype=\"https:\/\/schema.org\/BlogPosting\" itemprop=\"blogPost\" ><div class='avia_textblock'  itemprop=\"text\" ><mark class=\"fp_sc_mark fp_ff_calvertmtstd-bold\" style=\"background: none;color: inherit;font-size: 30px;line-height: 32px;\">Le point commun majeur r\u00e9side dans l&rsquo;utilisation du blanc comme outil de design. Associ\u00e9e au <strong>mobilier M\u00e9todo<\/strong>, cette couleur multiplie la lumi\u00e8re et estompe les limites de l&rsquo;espace, agissant comme une toile neutre id\u00e9ale pour apporter de la chaleur sans surcharger l&rsquo;ensemble. <strong>Opter pour le blanc<\/strong> garantit une cuisine compacte, ordonn\u00e9e et visuellement bien plus spacieuse que ne le laissent supposer ses dimensions r\u00e9elles.<\/mark>\n<\/div><\/section>\n\n<style type=\"text\/css\" data-created_by=\"avia_inline_auto\" id=\"style-css-av-27pnleb-05c399144dfd8d3089b6c1326c86bd63\">\n#top .hr.hr-invisible.av-27pnleb-05c399144dfd8d3089b6c1326c86bd63{\nheight:70px;\n}\n<\/style>\n<div  class='hr av-27pnleb-05c399144dfd8d3089b6c1326c86bd63 hr-invisible  avia-builder-el-25  el_after_av_textblock  el_before_av_one_full '><span class='hr-inner '><span class=\"hr-inner-style\"><\/span><\/span><\/div>\n<div  class='flex_column av-1ynbwqb-d53f2c69e692ef595a3981f033de5b56 av_one_full  avia-builder-el-26  el_after_av_hr  el_before_av_one_half  first flex_column_div  '     ><style type=\"text\/css\" data-created_by=\"avia_inline_auto\" id=\"style-css-av-mrkhoeha-1e9270614e5cc744e86fd3c19e2365fb\">\n.avia-image-container.av-mrkhoeha-1e9270614e5cc744e86fd3c19e2365fb img.avia_image{\nbox-shadow:none;\n}\n.avia-image-container.av-mrkhoeha-1e9270614e5cc744e86fd3c19e2365fb .av-image-caption-overlay-center{\ncolor:#ffffff;\n}\n<\/style>\n<div  class='avia-image-container av-mrkhoeha-1e9270614e5cc744e86fd3c19e2365fb av-styling- avia-align-center  avia-builder-el-27  avia-builder-el-no-sibling '   itemprop=\"image\" itemscope=\"itemscope\" itemtype=\"https:\/\/schema.org\/ImageObject\" ><div class=\"avia-image-container-inner\"><div class=\"avia-image-overlay-wrap\"><img decoding=\"async\" fetchpriority=\"high\" class='wp-image-19127 avia-img-lazy-loading-not-19127 avia_image ' src=\"https:\/\/cocinasmetodo.es\/wp-content\/uploads\/2026\/07\/metodo-ikuchen-mod-157-blanco-1.jpg\" alt='' title='metodo-ikuchen-mod-157-blanco-1'  height=\"2500\" width=\"2500\"  itemprop=\"thumbnailUrl\" srcset=\"https:\/\/cocinasmetodo.es\/wp-content\/uploads\/2026\/07\/metodo-ikuchen-mod-157-blanco-1.jpg 2500w, https:\/\/cocinasmetodo.es\/wp-content\/uploads\/2026\/07\/metodo-ikuchen-mod-157-blanco-1-300x300.jpg 300w, https:\/\/cocinasmetodo.es\/wp-content\/uploads\/2026\/07\/metodo-ikuchen-mod-157-blanco-1-1920x1920.jpg 1920w, https:\/\/cocinasmetodo.es\/wp-content\/uploads\/2026\/07\/metodo-ikuchen-mod-157-blanco-1-80x80.jpg 80w, https:\/\/cocinasmetodo.es\/wp-content\/uploads\/2026\/07\/metodo-ikuchen-mod-157-blanco-1-768x768.jpg 768w, https:\/\/cocinasmetodo.es\/wp-content\/uploads\/2026\/07\/metodo-ikuchen-mod-157-blanco-1-1536x1536.jpg 1536w, https:\/\/cocinasmetodo.es\/wp-content\/uploads\/2026\/07\/metodo-ikuchen-mod-157-blanco-1-2048x2048.jpg 2048w, https:\/\/cocinasmetodo.es\/wp-content\/uploads\/2026\/07\/metodo-ikuchen-mod-157-blanco-1-36x36.jpg 36w, https:\/\/cocinasmetodo.es\/wp-content\/uploads\/2026\/07\/metodo-ikuchen-mod-157-blanco-1-180x180.jpg 180w, https:\/\/cocinasmetodo.es\/wp-content\/uploads\/2026\/07\/metodo-ikuchen-mod-157-blanco-1-1500x1500.jpg 1500w, https:\/\/cocinasmetodo.es\/wp-content\/uploads\/2026\/07\/metodo-ikuchen-mod-157-blanco-1-705x705.jpg 705w\" sizes=\"(max-width: 2500px) 100vw, 2500px\" \/><\/div><\/div><\/div><\/div>\n<div  class='flex_column av-lqo19ar-b84542034adb24ae55da1efc01d0c5e1 av_one_half  avia-builder-el-28  el_after_av_one_full  el_before_av_one_half  first flex_column_div  column-top-margin'     ><p>\n<style type=\"text\/css\" data-created_by=\"avia_inline_auto\" id=\"style-css-av-l918w43-7172cedf7495b7e09f901b15d370e41f\">\n#top .hr.hr-invisible.av-l918w43-7172cedf7495b7e09f901b15d370e41f{\nheight:50px;\n}\n<\/style>\n<div  class='hr av-l918w43-7172cedf7495b7e09f901b15d370e41f hr-invisible  avia-builder-el-29  el_before_av_textblock  avia-builder-el-first '><span class='hr-inner '><span class=\"hr-inner-style\"><\/span><\/span><\/div><br \/>\n<section  class='av_textblock_section av-l3fh377-a800a43a816f06fa999faebc0ccbe041 '   itemscope=\"itemscope\" itemtype=\"https:\/\/schema.org\/BlogPosting\" itemprop=\"blogPost\" ><div class='avia_textblock'  itemprop=\"text\" ><mark class=\"fp_sc_mark fp_ff_roboto-light\" style=\"background: none;color: inherit;font-size: 19px;line-height: 23px;\">Dans sa deuxi\u00e8me proposition, iKuchen con\u00e7oit un espace qui favorise les liens familiaux gr\u00e2ce \u00e0 un imposant \u00eelot central blanc qui sert \u00e0 la fois de plan de travail et de comptoir convivial pour le quotidien. Les tabourets en bois et en fibres naturelles habillent l&rsquo;ensemble en lui apportant une texture agr\u00e9able.<\/mark>\n<\/div><\/section><br \/>\n\n<style type=\"text\/css\" data-created_by=\"avia_inline_auto\" id=\"style-css-av-197enoz-00d8f57b2b3af60ffc60563c88087344\">\n#top .hr.hr-invisible.av-197enoz-00d8f57b2b3af60ffc60563c88087344{\nheight:20px;\n}\n<\/style>\n<div  class='hr av-197enoz-00d8f57b2b3af60ffc60563c88087344 hr-invisible  avia-builder-el-31  el_after_av_textblock  el_before_av_textblock '><span class='hr-inner '><span class=\"hr-inner-style\"><\/span><\/span><\/div><br \/>\n<section  class='av_textblock_section av-qcxziib-fa5b1730644d22588c88f0b8c4226a11 '   itemscope=\"itemscope\" itemtype=\"https:\/\/schema.org\/BlogPosting\" itemprop=\"blogPost\" ><div class='avia_textblock'  itemprop=\"text\" ><blockquote>\n<p data-path-to-node=\"13\"><strong>Pour rompre avec la froideur chromatique, une niche ouverte en bois a \u00e9t\u00e9 ing\u00e9nieusement int\u00e9gr\u00e9e aux armoires hautes blanches, en harmonie avec la teinte du sol. De plus, trois lampes de plafond noires et fines ont \u00e9t\u00e9 suspendues, apportant un contrepoint g\u00e9om\u00e9trique d\u2019une grande \u00e9l\u00e9gance au-dessus du comptoir.<\/strong><\/p>\n<\/blockquote>\n<\/div><\/section><br \/>\n\n<style type=\"text\/css\" data-created_by=\"avia_inline_auto\" id=\"style-css-av-kfng1mb-a147e2364ec3f7817d0c3addcaeec0fe\">\n#top .hr.hr-invisible.av-kfng1mb-a147e2364ec3f7817d0c3addcaeec0fe{\nheight:20px;\n}\n<\/style>\n<div  class='hr av-kfng1mb-a147e2364ec3f7817d0c3addcaeec0fe hr-invisible  avia-builder-el-33  el_after_av_textblock  el_before_av_textblock '><span class='hr-inner '><span class=\"hr-inner-style\"><\/span><\/span><\/div><br \/>\n<section  class='av_textblock_section av-wzjlyr-cbdc6f6a148a7033a1b22e34cab3b62e '   itemscope=\"itemscope\" itemtype=\"https:\/\/schema.org\/BlogPosting\" itemprop=\"blogPost\" ><div class='avia_textblock'  itemprop=\"text\" ><mark class=\"fp_sc_mark fp_ff_roboto-light\" style=\"background: none;color: inherit;font-size: 19px;line-height: 23px;\">Le grand secret de l&rsquo;ordre dans ce projet r\u00e9side dans une superbe armoire de rangement \u00e9quip\u00e9e de tiroirs int\u00e9rieurs et de tiroirs amovibles de couleur fonc\u00e9e de la marque M\u00e9todo. Lorsque l&rsquo;on ouvre les portes, l&rsquo;ergonomie est totale : cela facilite l&rsquo;acc\u00e8s \u00e0 tout le contenu tout en pr\u00e9servant une harmonie ext\u00e9rieure toujours impeccable.<\/mark>\n<\/div><\/section><\/p><\/div><div  class='flex_column av-i9jj8z-aa6740265b7ec8e17b28536e24722dda av_one_half  avia-builder-el-35  el_after_av_one_half  el_before_av_section  avia-builder-el-last  flex_column_div  column-top-margin'     ><style type=\"text\/css\" data-created_by=\"avia_inline_auto\" id=\"style-css-av-mrkhp7lx-4a10ab8e71f692eda910b92ad0c7c3ef\">\n.avia-image-container.av-mrkhp7lx-4a10ab8e71f692eda910b92ad0c7c3ef img.avia_image{\nbox-shadow:none;\n}\n.avia-image-container.av-mrkhp7lx-4a10ab8e71f692eda910b92ad0c7c3ef .av-image-caption-overlay-center{\ncolor:#ffffff;\n}\n<\/style>\n<div  class='avia-image-container av-mrkhp7lx-4a10ab8e71f692eda910b92ad0c7c3ef av-styling- avia-align-center  avia-builder-el-36  avia-builder-el-no-sibling '   itemprop=\"image\" itemscope=\"itemscope\" itemtype=\"https:\/\/schema.org\/ImageObject\" ><div class=\"avia-image-container-inner\"><div class=\"avia-image-overlay-wrap\"><img decoding=\"async\" fetchpriority=\"high\" class='wp-image-19129 avia-img-lazy-loading-not-19129 avia_image ' src=\"https:\/\/cocinasmetodo.es\/wp-content\/uploads\/2026\/07\/metodo-ikuchen-mod-157-blanco-2.jpg\" alt='' title='metodo-ikuchen-mod-157-blanco-2'  height=\"2500\" width=\"2500\"  itemprop=\"thumbnailUrl\" srcset=\"https:\/\/cocinasmetodo.es\/wp-content\/uploads\/2026\/07\/metodo-ikuchen-mod-157-blanco-2.jpg 2500w, https:\/\/cocinasmetodo.es\/wp-content\/uploads\/2026\/07\/metodo-ikuchen-mod-157-blanco-2-300x300.jpg 300w, https:\/\/cocinasmetodo.es\/wp-content\/uploads\/2026\/07\/metodo-ikuchen-mod-157-blanco-2-1920x1920.jpg 1920w, https:\/\/cocinasmetodo.es\/wp-content\/uploads\/2026\/07\/metodo-ikuchen-mod-157-blanco-2-80x80.jpg 80w, https:\/\/cocinasmetodo.es\/wp-content\/uploads\/2026\/07\/metodo-ikuchen-mod-157-blanco-2-768x768.jpg 768w, https:\/\/cocinasmetodo.es\/wp-content\/uploads\/2026\/07\/metodo-ikuchen-mod-157-blanco-2-1536x1536.jpg 1536w, https:\/\/cocinasmetodo.es\/wp-content\/uploads\/2026\/07\/metodo-ikuchen-mod-157-blanco-2-2048x2048.jpg 2048w, https:\/\/cocinasmetodo.es\/wp-content\/uploads\/2026\/07\/metodo-ikuchen-mod-157-blanco-2-36x36.jpg 36w, https:\/\/cocinasmetodo.es\/wp-content\/uploads\/2026\/07\/metodo-ikuchen-mod-157-blanco-2-180x180.jpg 180w, https:\/\/cocinasmetodo.es\/wp-content\/uploads\/2026\/07\/metodo-ikuchen-mod-157-blanco-2-1500x1500.jpg 1500w, https:\/\/cocinasmetodo.es\/wp-content\/uploads\/2026\/07\/metodo-ikuchen-mod-157-blanco-2-705x705.jpg 705w\" sizes=\"(max-width: 2500px) 100vw, 2500px\" \/><\/div><\/div><\/div><\/div><\/p>\n<\/div><\/div><\/div><!-- close content main div --><\/div><\/div><div id='av_section_3'  class='avia-section av-av_section-2dcb3d115e2e5af9a73072e0505910f8 main_color avia-section-default avia-no-border-styling  avia-builder-el-37  el_after_av_one_half  avia-builder-el-last  avia-bg-style-scroll container_wrap sidebar_right'  ><div class='container av-section-cont-open' ><div class='template-page content  av-content-small alpha units'><div class='post-entry post-entry-type-page post-entry-19270'><div class='entry-content-wrapper clearfix'>\n\n<style type=\"text\/css\" data-created_by=\"avia_inline_auto\" id=\"style-css-av-av_one_half-20055cb80cd6587bf208b0461d536078\">\n.flex_column.av-av_one_half-20055cb80cd6587bf208b0461d536078{\nborder-radius:0px 0px 0px 0px;\npadding:0px 30px 0px 0px;\n}\n<\/style>\n<div  class='flex_column av-av_one_half-20055cb80cd6587bf208b0461d536078 av_one_half  avia-builder-el-38  el_before_av_one_half  avia-builder-el-first  first flex_column_div  '     ><section  class='av_textblock_section av-av_textblock-32af9c344aeda5838e62bcf702809feb '   itemscope=\"itemscope\" itemtype=\"https:\/\/schema.org\/BlogPosting\" itemprop=\"blogPost\" ><div class='avia_textblock'  itemprop=\"text\" ><div data-uniq='6a9a62e195743' class='uniq-6a9a62e195743 formcraft-css form-live align-left'><script> window.formcraftLogic = window.formcraftLogic || {}; window.formcraftLogic[10] = []; <\/script><div class=\"fc-pagination-cover fc-pagination-1\">\n\t\t\t\t<div class=\"fc-pagination width-100\">\n\t\t\t\t\t<!-- ngRepeat: page in Builder.FormElements track by $index --><div class=\"pagination-trigger \" data-index=\"0\">\n\t\t\t\t\t\t<span class=\"page-number\"><span >1<\/span><\/span>\n\t\t\t\t\t\t<span class=\"page-name \">Step 1<\/span>\n\t\t\t\t\t\t\n\t\t\t\t\t<\/div><!-- end ngRepeat: page in Builder.FormElements track by $index -->\n\t\t\t\t<\/div>\n\t\t\t<\/div>\n\t\t\t\n\t\t\t<style scoped=\"scoped\" >\n\t\t\t@media (max-width : 480px) {\n\t\t\t\t.fc_modal-dialog-10 .fc-pagination-cover .fc-pagination\n\t\t\t\t{\n\t\t\t\t\tbackground-color: none !important;\n\t\t\t\t}\n\t\t\t}\n\t\t\t\t\t\t.formcraft-css .fc-form.fc-form-10 .form-element .submit-cover .submit-button,\n\t\t\t.formcraft-css .fc-form.fc-form-10 .form-element .fileupload-cover .button-file,\n\t\t\t.formcraft-css .fc-form.fc-form-10 .form-element .field-cover .button,\n\t\t\t.formcraft-datepicker .ui-datepicker-header,\n\t\t\t.formcraft-datepicker .ui-datepicker-title\n\t\t\t{\n\t\t\t\tbackground: #4488ee;\n\t\t\t\tcolor: #0a0a0a;\n\t\t\t}\n\t\t\t.formcraft-datepicker td .ui-state-active,\n\t\t\t.formcraft-datepicker td .ui-state-hover,\n\t\t\t.formcraft-css .fc-form.fc-form-10 .form-element .slider-cover .ui-slider-range\n\t\t\t{\n\t\t\t\tbackground: #4488ee;\n\t\t\t}\n\t\t\t#ui-datepicker-div.formcraft-datepicker .ui-datepicker-header,\n\t\t\t.formcraft-css .fc-form .field-cover>div.full hr\n\t\t\t{\n\t\t\t\tborder-color: #3b77d1;\n\t\t\t}\n\t\t\t#ui-datepicker-div.formcraft-datepicker .ui-datepicker-prev:hover,\n\t\t\t#ui-datepicker-div.formcraft-datepicker .ui-datepicker-next:hover,\n\t\t\t#ui-datepicker-div.formcraft-datepicker select.ui-datepicker-month:hover,\n\t\t\t#ui-datepicker-div.formcraft-datepicker select.ui-datepicker-year:hover\n\t\t\t{\n\t\t\t\tbackground-color: #3b77d1;\n\t\t\t}\n\t\t\t.formcraft-css .fc-pagination>div.active .page-number,\n\t\t\t.formcraft-css .form-cover-builder .fc-pagination>div:first-child .page-number\n\t\t\t{\n\t\t\t\tbackground-color: #0a0000;\n\t\t\t\tcolor: #0a0a0a;\n\t\t\t}\n\t\t\t#ui-datepicker-div.formcraft-datepicker table.ui-datepicker-calendar th,\n\t\t\t#ui-datepicker-div.formcraft-datepicker table.ui-datepicker-calendar td.ui-datepicker-today a,\n\t\t\t.formcraft-css .fc-form.fc-form-10 .form-element .star-cover label,\n\t\t\thtml .formcraft-css .fc-form.label-floating .form-element .field-cover.has-focus>span,\n\t\t\t.formcraft-css .fc-form.fc-form-10 .form-element .customText-cover a,\n\t\t\t.formcraft-css .prev-next>div span:hover\n\t\t\t{\n\t\t\t\tcolor: #4488ee;\n\t\t\t}\n\t\t\t.formcraft-css .fc-form.fc-form-10 .form-element .customText-cover a:hover\n\t\t\t{\n\t\t\t\tcolor: #3b77d1;\n\t\t\t}\n\t\t\thtml .formcraft-css .fc-form.fc-form-10.label-floating .form-element .field-cover > span\n\t\t\t{\n\t\t\t\tcolor: #666666;\n\t\t\t}\n\t\t\thtml .formcraft-css .fc-form .final-success .final-success-check {\n\t\t\t\tborder: 2px solid #666666;\n\t\t\t}\n\t\t\t.formcraft-css .fc-form.fc-form-10 .form-element .field-cover input[type=\"text\"],\n\t\t\t.formcraft-css .fc-form.fc-form-10 .form-element .field-cover input[type=\"email\"],\n\t\t\t.formcraft-css .fc-form.fc-form-10 .form-element .field-cover input[type=\"password\"],\n\t\t\t.formcraft-css .fc-form.fc-form-10 .form-element .field-cover input[type=\"tel\"],\n\t\t\t.formcraft-css .fc-form.fc-form-10 .form-element .field-cover textarea,\n\t\t\t.formcraft-css .fc-form.fc-form-10 .form-element .field-cover select,\n\t\t\t.formcraft-css .fc-form.fc-form-10 .form-element .field-cover .time-fields-cover,\n\t\t\t.formcraft-css .fc-form.fc-form-10 .form-element .field-cover .awesomplete ul\n\t\t\t{\n\t\t\t\tcolor: #777;\n\t\t\t}\n\t\t\t.formcraft-css .fc-form.fc-form-10 .form-element .field-cover input[type=\"text\"],\n\t\t\t.formcraft-css .fc-form.fc-form-10 .form-element .field-cover input[type=\"password\"],\n\t\t\t.formcraft-css .fc-form.fc-form-10 .form-element .field-cover input[type=\"email\"],\n\t\t\t.formcraft-css .fc-form.fc-form-10 .form-element .field-cover input[type=\"radio\"],\n\t\t\t.formcraft-css .fc-form.fc-form-10 .form-element .field-cover input[type=\"checkbox\"],\n\t\t\t.formcraft-css .fc-form.fc-form-10 .form-element .field-cover input[type=\"tel\"],\n\t\t\t.formcraft-css .fc-form.fc-form-10 .form-element .field-cover select,\n\t\t\t.formcraft-css .fc-form.fc-form-10 .form-element .field-cover textarea\n\t\t\t{\n\t\t\t\tbackground-color: #fafafa;\n\t\t\t}\n\t\t\t.formcraft-css .fc-form.fc-form-10 .form-element .field-cover input[type=\"radio\"]:checked,\n\t\t\t.formcraft-css .fc-form.fc-form-10 .form-element .field-cover input[type=\"checkbox\"]:checked {\n\t\t\t\tborder-color: #3b77d1;\n\t\t\t\tbackground: #4488ee;\t\t\t\t\n\t\t\t}\n\t\t\t.formcraft-css .fc-form.fc-form-10 .form-element .star-cover label .star\n\t\t\t{\n\t\t\t\ttext-shadow: 0px 1px 0px #3b77d1;\n\t\t\t}\n\t\t\t.formcraft-css .fc-form.fc-form-10 .form-element .slider-cover .ui-slider-range\n\t\t\t{\n\t\t\t\tbox-shadow: 0px 1px 1px #3b77d1 inset;\n\t\t\t}\n\t\t\t.formcraft-css .fc-form.fc-form-10 .form-element .fileupload-cover .button-file\n\t\t\t{\n\t\t\t\tborder-color: #3b77d1;\n\t\t\t}\n\t\t\t.formcraft-css .fc-form.fc-form-10 .form-element .form-element-html input[type=\"password\"]:focus,\n\t\t\t.formcraft-css .fc-form.fc-form-10 .form-element .form-element-html input[type=\"email\"]:focus,\n\t\t\t.formcraft-css .fc-form.fc-form-10 .form-element .form-element-html input[type=\"tel\"]:focus,\n\t\t\t.formcraft-css .fc-form.fc-form-10 .form-element .form-element-html input[type=\"text\"]:focus,\n\t\t\t.formcraft-css .fc-form.fc-form-10 .form-element .form-element-html textarea:focus,\n\t\t\t.formcraft-css .fc-form.fc-form-10 .form-element .form-element-html select:focus\n\t\t\t{\n\t\t\t\tborder-color: #4488ee;\n\t\t\t}\n\t\t\t.formcraft-css .fc-form.fc-form-10 .form-element .form-element-html .field-cover .is-read-only:focus {\n\t\t\t\tborder-color: #ccc;\n\t\t\t}\n\t\t\t.formcraft-css .fc-form.fc-form-10\t\t\t{\n\t\t\t\tfont-family: inherit;\n\t\t\t}\n\t\t\t@media (max-width : 480px) {\n\t\t\t\thtml .dedicated-page,\n\t\t\t\thtml .dedicated-page .formcraft-css .fc-pagination > div.active\n\t\t\t\t{\n\t\t\t\t\tbackground: none;\n\t\t\t\t}\n\t\t\t}\n\t\t<\/style>\n\t\t<div class=\"form-cover\">\n\t\t\t<form data-auto-scroll=\"\" data-no-message-redirect=\"\" data-thousand=\"\" data-decimal=\".\" data-delay=\"\" data-id=\"10\" class=\"fc-form fc-form-10 align- fc-temp-class save-form- dont-submit-hidden- disable-enter- label-block field-border-visible frame-hidden remove-asterisk-true icons-hide-true field-alignment-left\" style=\"width: 550px; color: #666666; font-size: 100%; background: none\">\n\t\t\t\t<!-- ngRepeat: page in Builder.FormElements track by $index --><div class=\"form-page form-page-0\" data-index=\"0\">\n\t\t\t\t\t\n\t\t\t\t\t<div class=\"form-page-content      ng-not-empty\">\n\t\t\t\t\t\t<div data-identifier=\"field2\" data-index=\"0\" style=\"width: 100%\" class=\" form-element form-element-field2 options-false form-element-0 default-false form-element-type-oneLineText is-required-true odd -handle\">\n\t\t\t\t\t\t\t<div class=\"form-element-html\"><div ><label class=\"oneLineText-cover field-cover \"><span class=\"sub-label-false\"><span class=\"main-label\"><span >Nom<\/span><\/span><span class=\"sub-label\"><\/span><\/span><div><span class=\"error\"><\/span><input type=\"text\" placeholder=\"\" make-read-only=\"false\" data-field-id=\"field2\" name=\"field2[]\" data-min-char=\"\" data-max-char=\"\" data-val-type=\"\" data-regexp=\"\" data-is-required=\"true\" data-allow-spaces=\"true\" class=\"validation-lenient\" data-placement=\"right\" data-toggle=\"tooltip\" tooltip=\"\" data-trigger=\"focus\" data-html=\"true\" data-input-mask=\"\" data-mask-placeholder=\"\" data-original-title=\"\"><i class=\"formcraft-icon formcraft-icon-type-\"><\/i><\/div><\/label><\/div><\/div>\n\t\t\t\t\t\t\t\n\t\t\t\t\t\t<\/div><div data-identifier=\"field3\" data-index=\"1\" style=\"width: 100%\" class=\" even form-element form-element-field3 options-false form-element-1 default-false form-element-type-email is-required-true -handle\">\n\t\t\t\t\t\t\t<div class=\"form-element-html\"><div ><label class=\"email-cover field-cover \"><span class=\"sub-label-true\"><span class=\"main-label\"><span >Email<\/span><\/span><span class=\"sub-label\"><\/span><\/span><div><span class=\"error\"><\/span><input placeholder=\"\" data-field-id=\"field3\" type=\"text\" data-val-type=\"email\" make-read-only=\"\" data-is-required=\"true\" name=\"field3\" class=\"validation-lenient\" data-placement=\"right\" data-toggle=\"tooltip\" tooltip=\"\" data-trigger=\"focus\" data-html=\"true\" data-original-title=\"\"><i class=\"formcraft-icon\">email<\/i><\/div><\/label><\/div><\/div>\n\t\t\t\t\t\t\t\n\t\t\t\t\t\t<\/div><div data-identifier=\"field4\" data-index=\"2\" style=\"width: 100%\" class=\" form-element form-element-field4 options-false form-element-2 default-false form-element-type-submit is-required-false odd -handle\">\n\t\t\t\t\t\t\t<div class=\"form-element-html\"><div ><div class=\"align-left wide-false submit-cover field-cover\"><button type=\"submit\" class=\"button submit-button\"><span class=\"text \">S'INSCRIRE<\/span><span class=\"spin-cover\"><i style=\"color:\" class=\"loading-icon icon-cog animate-spin\"><\/i><\/span><\/button><\/div><div class=\"submit-response \"><\/div><label ><input type=\"text\" class=\"required_field\" name=\"website\" autocomplete=\"maple-syrup-pot\"><\/label><\/div><\/div>\n\t\t\t\t\t\t\t\n\t\t\t\t\t\t<\/div><div data-identifier=\"field5\" data-index=\"3\" style=\"width: 100%\" class=\" even form-element form-element-field5 options- form-element-3 default-false form-element-type-reCaptcha is-required-false -handle\">\n\t\t\t\t\t\t\t<div class=\"form-element-html\"><div ><div data-site-key=\"6LdNCXEgAAAAAJUsZtA1GGEyjqTKRjhfm-31PAF9\" class=\"captcha-placeholder \">reCaptcha v3<\/div><input type=\"hidden\" class=\"recaptcha-token \" name=\"recaptcha-token\"><\/div><\/div>\n\t\t\t\t\t\t\t\n\t\t\t\t\t\t<\/div>\n\t\t\t\t\t<\/div>\n\t\t\t\t<\/div><!-- end ngRepeat: page in Builder.FormElements track by $index -->\n\t\t\t<\/form>\n\t\t\t<div class=\"prev-next prev-next-1\" style=\"width: 550px; color: #666666; font-size: 100%; background: none\">\n\t\t\t\t<div>\n\t\t\t\t\t\n\t\t\t\t\t<span class=\"inactive page-prev \"><i class=\"formcraft-icon\">keyboard_arrow_left<\/i>Previous<\/span><\/div>\n\t\t\t\t<div>\n\t\t\t\t\t\n\t\t\t\t\t<span class=\"page-next \">Next<i class=\"formcraft-icon\">keyboard_arrow_right<\/i><\/span><\/div>\n\t\t\t<\/div>\n\t\t<\/div><a class=\"powered-by\" target=\"_blank\" href=\"http:\/\/formcraft-wp.com?source=pb\"\/>FormCraft - G\u00e9n\u00e9rateur de formulaires WordPress<\/a><\/div>\n<\/div><\/section><\/div>\n<style type=\"text\/css\" data-created_by=\"avia_inline_auto\" id=\"style-css-av-av_one_half-13730f23f8bc75eb6e000f89d883ac01\">\n.flex_column.av-av_one_half-13730f23f8bc75eb6e000f89d883ac01{\nborder-radius:0px 0px 0px 0px;\npadding:0px 30px 0px 0px;\n}\n<\/style>\n<div  class='flex_column av-av_one_half-13730f23f8bc75eb6e000f89d883ac01 av_one_half  avia-builder-el-40  el_after_av_one_half  el_before_av_hr  flex_column_div  '     ><p><section  class='av_textblock_section av-av_textblock-32af9c344aeda5838e62bcf702809feb '   itemscope=\"itemscope\" itemtype=\"https:\/\/schema.org\/BlogPosting\" itemprop=\"blogPost\" ><div class='avia_textblock'  itemprop=\"text\" ><mark class=\"fp_sc_mark fp_ff_roboto-bold\" style=\"background: none;color: inherit;font-size: 12px;line-height: 12px;\">NEWSLETTERS<\/mark>\n<\/div><\/section><br \/>\n\n<style type=\"text\/css\" data-created_by=\"avia_inline_auto\" id=\"style-css-av-av_hr-3cdc9664f29087702913853352eac422\">\n#top .hr.hr-invisible.av-av_hr-3cdc9664f29087702913853352eac422{\nheight:10px;\n}\n<\/style>\n<div  class='hr av-av_hr-3cdc9664f29087702913853352eac422 hr-invisible  avia-builder-el-42  el_after_av_textblock  el_before_av_textblock '><span class='hr-inner '><span class=\"hr-inner-style\"><\/span><\/span><\/div><br \/>\n<section  class='av_textblock_section av-av_textblock-32af9c344aeda5838e62bcf702809feb '   itemscope=\"itemscope\" itemtype=\"https:\/\/schema.org\/BlogPosting\" itemprop=\"blogPost\" ><div class='avia_textblock'  itemprop=\"text\" ><mark class=\"fp_sc_mark fp_ff_calvertmtstd-bold\" style=\"background: none;color: inherit;font-size: 40px;line-height: 43px;\"> Souhaitez-vous \u00eatre inform\u00e9 ?<\/mark>\n<\/div><\/section><br \/>\n\n<style type=\"text\/css\" data-created_by=\"avia_inline_auto\" id=\"style-css-av-av_hr-3cdc9664f29087702913853352eac422\">\n#top .hr.hr-invisible.av-av_hr-3cdc9664f29087702913853352eac422{\nheight:10px;\n}\n<\/style>\n<div  class='hr av-av_hr-3cdc9664f29087702913853352eac422 hr-invisible  avia-builder-el-44  el_after_av_textblock  el_before_av_textblock '><span class='hr-inner '><span class=\"hr-inner-style\"><\/span><\/span><\/div><br \/>\n<section  class='av_textblock_section av-av_textblock-32af9c344aeda5838e62bcf702809feb '   itemscope=\"itemscope\" itemtype=\"https:\/\/schema.org\/BlogPosting\" itemprop=\"blogPost\" ><div class='avia_textblock'  itemprop=\"text\" ><mark class=\"fp_sc_mark fp_ff_roboto-light\" style=\"background: none;color: inherit;font-size: 25px;line-height: 28px;\">Vous aimez l&rsquo;univers de la d\u00e9coration d&rsquo;int\u00e9rieur et de la cuisine, vous souhaitez conna\u00eetre des astuces pour optimiser l&rsquo;espace, conna\u00eetre la meilleure distribution, conna\u00eetre des projets qui vous surprendront&#8230; ? Abonnez-vous \u00e0 notre newsletter pour recevoir du contenu comme celui-ci et bien plus encore.<\/mark>\n<\/div><\/section><\/p><\/div>\n<style type=\"text\/css\" data-created_by=\"avia_inline_auto\" id=\"style-css-av-av_hr-3cdc9664f29087702913853352eac422\">\n#top .hr.hr-invisible.av-av_hr-3cdc9664f29087702913853352eac422{\nheight:10px;\n}\n<\/style>\n<div  class='hr av-av_hr-3cdc9664f29087702913853352eac422 hr-invisible  avia-builder-el-46  el_after_av_one_half  el_before_av_one_third '><span class='hr-inner '><span class=\"hr-inner-style\"><\/span><\/span><\/div>\n<div class='flex_column_table av-av_one_third-3646c9bf617ec75a53e7234555cfa727 sc-av_one_third av-equal-height-column-flextable'>\n<style type=\"text\/css\" data-created_by=\"avia_inline_auto\" id=\"style-css-av-av_one_third-3646c9bf617ec75a53e7234555cfa727\">\n.flex_column.av-av_one_third-3646c9bf617ec75a53e7234555cfa727{\nborder-width:4px;\nborder-color:#ffffff;\nborder-style:solid;\nborder-radius:0px 0px 0px 0px;\npadding:35px 35px 35px 35px;\nbackground-color:#f8e2d3;\n}\n<\/style>\n<div  class='flex_column av-av_one_third-3646c9bf617ec75a53e7234555cfa727 av_one_third  avia-builder-el-47  el_after_av_hr  el_before_av_one_third  first no_margin flex_column_table_cell av-equal-height-column av-align-top  '     ><p>\n<style type=\"text\/css\" data-created_by=\"avia_inline_auto\" id=\"style-css-av-av_image-d7bb6070415c4d0bad6e845800117697\">\n.avia-image-container.av-av_image-d7bb6070415c4d0bad6e845800117697 img.avia_image{\nbox-shadow:none;\n}\n.avia-image-container.av-av_image-d7bb6070415c4d0bad6e845800117697 .av-image-caption-overlay-center{\ncolor:#ffffff;\n}\n<\/style>\n<div  class='avia-image-container av-av_image-d7bb6070415c4d0bad6e845800117697 av-styling- avia-align-center  avia-builder-el-48  el_before_av_textblock  avia-builder-el-first '   itemprop=\"image\" itemscope=\"itemscope\" itemtype=\"https:\/\/schema.org\/ImageObject\" ><div class=\"avia-image-container-inner\"><div class=\"avia-image-overlay-wrap\"><img decoding=\"async\" fetchpriority=\"high\" class='wp-image-1287 avia-img-lazy-loading-not-1287 avia_image ' src=\"https:\/\/cocinasmetodo.es\/wp-content\/uploads\/2021\/07\/icono-punto-venta.png\" alt='' title='icono-punto-venta'  height=\"283\" width=\"900\"  itemprop=\"thumbnailUrl\" srcset=\"https:\/\/cocinasmetodo.es\/wp-content\/uploads\/2021\/07\/icono-punto-venta.png 900w, https:\/\/cocinasmetodo.es\/wp-content\/uploads\/2021\/07\/icono-punto-venta-300x94.png 300w, https:\/\/cocinasmetodo.es\/wp-content\/uploads\/2021\/07\/icono-punto-venta-768x241.png 768w, https:\/\/cocinasmetodo.es\/wp-content\/uploads\/2021\/07\/icono-punto-venta-705x222.png 705w\" sizes=\"(max-width: 900px) 100vw, 900px\" \/><\/div><\/div><\/div><br \/>\n<section  class='av_textblock_section av-av_textblock-32af9c344aeda5838e62bcf702809feb '   itemscope=\"itemscope\" itemtype=\"https:\/\/schema.org\/BlogPosting\" itemprop=\"blogPost\" ><div class='avia_textblock'  itemprop=\"text\" ><mark class=\"fp_sc_mark fp_ff_roboto-bold\" style=\"background: none;color: inherit;font-size: 12px;line-height: 12px;\">NOS EXPOSITIONS<\/mark>\n<\/div><\/section><br \/>\n\n<style type=\"text\/css\" data-created_by=\"avia_inline_auto\" id=\"style-css-av-av_hr-3cdc9664f29087702913853352eac422\">\n#top .hr.hr-invisible.av-av_hr-3cdc9664f29087702913853352eac422{\nheight:10px;\n}\n<\/style>\n<div  class='hr av-av_hr-3cdc9664f29087702913853352eac422 hr-invisible  avia-builder-el-50  el_after_av_textblock  el_before_av_textblock '><span class='hr-inner '><span class=\"hr-inner-style\"><\/span><\/span><\/div><br \/>\n<section  class='av_textblock_section av-av_textblock-32af9c344aeda5838e62bcf702809feb '   itemscope=\"itemscope\" itemtype=\"https:\/\/schema.org\/BlogPosting\" itemprop=\"blogPost\" ><div class='avia_textblock'  itemprop=\"text\" ><mark class=\"fp_sc_mark fp_ff_calvertmtstd-bold\" style=\"background: none;color: inherit;font-size: 36px;line-height: 38px;\">Voulez-vous voir<br \/>\nun point de vente?<span class=\"Apple-converted-space\">\u00a0<\/span><\/mark>\n<\/div><\/section><br \/>\n\n<style type=\"text\/css\" data-created_by=\"avia_inline_auto\" id=\"style-css-av-av_hr-47668290f1d93e7dc9f25820fc0d0376\">\n#top .hr.hr-invisible.av-av_hr-47668290f1d93e7dc9f25820fc0d0376{\nheight:7px;\n}\n<\/style>\n<div  class='hr av-av_hr-47668290f1d93e7dc9f25820fc0d0376 hr-invisible  avia-builder-el-52  el_after_av_textblock  el_before_av_textblock '><span class='hr-inner '><span class=\"hr-inner-style\"><\/span><\/span><\/div><br \/>\n<section  class='av_textblock_section av-av_textblock-32af9c344aeda5838e62bcf702809feb '   itemscope=\"itemscope\" itemtype=\"https:\/\/schema.org\/BlogPosting\" itemprop=\"blogPost\" ><div class='avia_textblock'  itemprop=\"text\" ><mark class=\"fp_sc_mark fp_ff_roboto-light\" style=\"background: none;color: inherit;font-size: 22px;line-height: 24px;\"> Trouvez la cuisine que vous recherchez dans l&rsquo;une de nos expositions. Si vous souhaitez savoir o\u00f9 ils se trouvent, \u00e9crivez-nous via le formulaire et nous vous indiquerons le point de vente le plus proche de votre emplacement.<\/mark>\n<\/div><\/section><br \/>\n\n<style type=\"text\/css\" data-created_by=\"avia_inline_auto\" id=\"style-css-av-av_hr-50edc9949d927eab467680f201044eec\">\n#top .hr.hr-invisible.av-av_hr-50edc9949d927eab467680f201044eec{\nheight:25px;\n}\n<\/style>\n<div  class='hr av-av_hr-50edc9949d927eab467680f201044eec hr-invisible  avia-builder-el-54  el_after_av_textblock  el_before_av_textblock '><span class='hr-inner '><span class=\"hr-inner-style\"><\/span><\/span><\/div><br \/>\n<section  class='av_textblock_section av-av_textblock-32af9c344aeda5838e62bcf702809feb '   itemscope=\"itemscope\" itemtype=\"https:\/\/schema.org\/BlogPosting\" itemprop=\"blogPost\" ><div class='avia_textblock'  itemprop=\"text\" ><mark class=\"fp_sc_mark fp_ff_roboto-bold\" style=\"background: none;color: inherit;font-size: 12px;line-height: 12px;\"><strong><span style=\"color: #e5996e;\"><a style=\"color: #e5996e;\" href=\"https:\/\/cocinasmetodo.es\/fr\/punto-de-venta\/\">CONSULTER<\/a><\/span><\/strong><\/mark>\n<\/div><\/section><br \/>\n\n<style type=\"text\/css\" data-created_by=\"avia_inline_auto\" id=\"style-css-av-av_hr-50edc9949d927eab467680f201044eec\">\n#top .hr.hr-invisible.av-av_hr-50edc9949d927eab467680f201044eec{\nheight:25px;\n}\n<\/style>\n<div  class='hr av-av_hr-50edc9949d927eab467680f201044eec hr-invisible  avia-builder-el-56  el_after_av_textblock  avia-builder-el-last '><span class='hr-inner '><span class=\"hr-inner-style\"><\/span><\/span><\/div><\/p><\/div>\n<style type=\"text\/css\" data-created_by=\"avia_inline_auto\" id=\"style-css-av-av_one_third-e357ad1d0eaa98dfe8a2c4c3d960f644\">\n.flex_column.av-av_one_third-e357ad1d0eaa98dfe8a2c4c3d960f644{\nborder-width:4px;\nborder-color:#ffffff;\nborder-style:solid;\nborder-radius:0px 0px 0px 0px;\npadding:30px 30px 30px 30px;\nbackground-color:#f8e2d3;\n}\n<\/style>\n<div  class='flex_column av-av_one_third-e357ad1d0eaa98dfe8a2c4c3d960f644 av_one_third  avia-builder-el-57  el_after_av_one_third  el_before_av_one_third  no_margin flex_column_table_cell av-equal-height-column av-align-top  '     ><p>\n<style type=\"text\/css\" data-created_by=\"avia_inline_auto\" id=\"style-css-av-av_image-8d9db986a09c254ae2d4231b878305ea\">\n.avia-image-container.av-av_image-8d9db986a09c254ae2d4231b878305ea img.avia_image{\nbox-shadow:none;\n}\n.avia-image-container.av-av_image-8d9db986a09c254ae2d4231b878305ea .av-image-caption-overlay-center{\ncolor:#ffffff;\n}\n<\/style>\n<div  class='avia-image-container av-av_image-8d9db986a09c254ae2d4231b878305ea av-styling- avia-align-center  avia-builder-el-58  el_before_av_textblock  avia-builder-el-first '   itemprop=\"image\" itemscope=\"itemscope\" itemtype=\"https:\/\/schema.org\/ImageObject\" ><div class=\"avia-image-container-inner\"><div class=\"avia-image-overlay-wrap\"><img decoding=\"async\" fetchpriority=\"high\" class='wp-image-1289 avia-img-lazy-loading-not-1289 avia_image ' src=\"https:\/\/cocinasmetodo.es\/wp-content\/uploads\/2021\/07\/icono-distribuidor.png\" alt='' title='icono-distribuidor'  height=\"283\" width=\"900\"  itemprop=\"thumbnailUrl\" srcset=\"https:\/\/cocinasmetodo.es\/wp-content\/uploads\/2021\/07\/icono-distribuidor.png 900w, https:\/\/cocinasmetodo.es\/wp-content\/uploads\/2021\/07\/icono-distribuidor-300x94.png 300w, https:\/\/cocinasmetodo.es\/wp-content\/uploads\/2021\/07\/icono-distribuidor-768x241.png 768w, https:\/\/cocinasmetodo.es\/wp-content\/uploads\/2021\/07\/icono-distribuidor-705x222.png 705w\" sizes=\"(max-width: 900px) 100vw, 900px\" \/><\/div><\/div><\/div><br \/>\n<section  class='av_textblock_section av-av_textblock-32af9c344aeda5838e62bcf702809feb '   itemscope=\"itemscope\" itemtype=\"https:\/\/schema.org\/BlogPosting\" itemprop=\"blogPost\" ><div class='avia_textblock'  itemprop=\"text\" ><mark class=\"fp_sc_mark fp_ff_roboto-bold\" style=\"background: none;color: inherit;font-size: 12px;line-height: 12px;\">NOS PARTENAIRES<\/mark>\n<\/div><\/section><br \/>\n\n<style type=\"text\/css\" data-created_by=\"avia_inline_auto\" id=\"style-css-av-av_hr-3cdc9664f29087702913853352eac422\">\n#top .hr.hr-invisible.av-av_hr-3cdc9664f29087702913853352eac422{\nheight:10px;\n}\n<\/style>\n<div  class='hr av-av_hr-3cdc9664f29087702913853352eac422 hr-invisible  avia-builder-el-60  el_after_av_textblock  el_before_av_textblock '><span class='hr-inner '><span class=\"hr-inner-style\"><\/span><\/span><\/div><br \/>\n<section  class='av_textblock_section av-av_textblock-32af9c344aeda5838e62bcf702809feb '   itemscope=\"itemscope\" itemtype=\"https:\/\/schema.org\/BlogPosting\" itemprop=\"blogPost\" ><div class='avia_textblock'  itemprop=\"text\" ><mark class=\"fp_sc_mark fp_ff_calvertmtstd-bold\" style=\"background: none;color: inherit;font-size: 36px;line-height: 38px;\"> Voulez-vous \u00eatre<br \/>\ndistributeur?<\/mark>\n<\/div><\/section><br \/>\n\n<style type=\"text\/css\" data-created_by=\"avia_inline_auto\" id=\"style-css-av-av_hr-47668290f1d93e7dc9f25820fc0d0376\">\n#top .hr.hr-invisible.av-av_hr-47668290f1d93e7dc9f25820fc0d0376{\nheight:7px;\n}\n<\/style>\n<div  class='hr av-av_hr-47668290f1d93e7dc9f25820fc0d0376 hr-invisible  avia-builder-el-62  el_after_av_textblock  el_before_av_textblock '><span class='hr-inner '><span class=\"hr-inner-style\"><\/span><\/span><\/div><br \/>\n<section  class='av_textblock_section av-av_textblock-32af9c344aeda5838e62bcf702809feb '   itemscope=\"itemscope\" itemtype=\"https:\/\/schema.org\/BlogPosting\" itemprop=\"blogPost\" ><div class='avia_textblock'  itemprop=\"text\" ><mark class=\"fp_sc_mark fp_ff_roboto-light\" style=\"background: none;color: inherit;font-size: 22px;line-height: 24px;\"> Nos points de vente font partie de notre famille. Si vous souhaitez faire partie du projet M\u00e9todo, contactez-nous. Vous disposerez d&rsquo;une \u00e9quipe de professionnels qui vous accompagnera chaque jour.<\/mark>\n<\/div><\/section><br \/>\n\n<style type=\"text\/css\" data-created_by=\"avia_inline_auto\" id=\"style-css-av-av_hr-50edc9949d927eab467680f201044eec\">\n#top .hr.hr-invisible.av-av_hr-50edc9949d927eab467680f201044eec{\nheight:25px;\n}\n<\/style>\n<div  class='hr av-av_hr-50edc9949d927eab467680f201044eec hr-invisible  avia-builder-el-64  el_after_av_textblock  el_before_av_textblock '><span class='hr-inner '><span class=\"hr-inner-style\"><\/span><\/span><\/div><br \/>\n<section  class='av_textblock_section av-av_textblock-32af9c344aeda5838e62bcf702809feb '   itemscope=\"itemscope\" itemtype=\"https:\/\/schema.org\/BlogPosting\" itemprop=\"blogPost\" ><div class='avia_textblock'  itemprop=\"text\" ><mark class=\"fp_sc_mark fp_ff_roboto-bold\" style=\"background: none;color: inherit;font-size: 12px;line-height: 12px;\"><strong><span style=\"color: #e5996e;\"><a style=\"color: #e5996e;\" href=\"https:\/\/cocinasmetodo.es\/fr\/ser-distribuidor\/\">CONSULTER<\/a><\/span><\/strong><\/mark>\n<\/div><\/section><br \/>\n\n<style type=\"text\/css\" data-created_by=\"avia_inline_auto\" id=\"style-css-av-av_hr-50edc9949d927eab467680f201044eec\">\n#top .hr.hr-invisible.av-av_hr-50edc9949d927eab467680f201044eec{\nheight:25px;\n}\n<\/style>\n<div  class='hr av-av_hr-50edc9949d927eab467680f201044eec hr-invisible  avia-builder-el-66  el_after_av_textblock  avia-builder-el-last '><span class='hr-inner '><span class=\"hr-inner-style\"><\/span><\/span><\/div><\/p><\/div>\n<style type=\"text\/css\" data-created_by=\"avia_inline_auto\" id=\"style-css-av-av_one_third-e357ad1d0eaa98dfe8a2c4c3d960f644\">\n.flex_column.av-av_one_third-e357ad1d0eaa98dfe8a2c4c3d960f644{\nborder-width:4px;\nborder-color:#ffffff;\nborder-style:solid;\nborder-radius:0px 0px 0px 0px;\npadding:30px 30px 30px 30px;\nbackground-color:#f8e2d3;\n}\n<\/style>\n<div  class='flex_column av-av_one_third-e357ad1d0eaa98dfe8a2c4c3d960f644 av_one_third  avia-builder-el-67  el_after_av_one_third  avia-builder-el-last  no_margin flex_column_table_cell av-equal-height-column av-align-top  '     ><p>\n<style type=\"text\/css\" data-created_by=\"avia_inline_auto\" id=\"style-css-av-av_image-60d9fc3634051e3f5631e7a8dd4264a7\">\n.avia-image-container.av-av_image-60d9fc3634051e3f5631e7a8dd4264a7 img.avia_image{\nbox-shadow:none;\n}\n.avia-image-container.av-av_image-60d9fc3634051e3f5631e7a8dd4264a7 .av-image-caption-overlay-center{\ncolor:#ffffff;\n}\n<\/style>\n<div  class='avia-image-container av-av_image-60d9fc3634051e3f5631e7a8dd4264a7 av-styling- avia-align-center  avia-builder-el-68  el_before_av_textblock  avia-builder-el-first '   itemprop=\"image\" itemscope=\"itemscope\" itemtype=\"https:\/\/schema.org\/ImageObject\" ><div class=\"avia-image-container-inner\"><div class=\"avia-image-overlay-wrap\"><img decoding=\"async\" fetchpriority=\"high\" class='wp-image-1288 avia-img-lazy-loading-not-1288 avia_image ' src=\"https:\/\/cocinasmetodo.es\/wp-content\/uploads\/2021\/07\/icono-asesoramiento.png\" alt='' title='icono-asesoramiento'  height=\"283\" width=\"900\"  itemprop=\"thumbnailUrl\" srcset=\"https:\/\/cocinasmetodo.es\/wp-content\/uploads\/2021\/07\/icono-asesoramiento.png 900w, https:\/\/cocinasmetodo.es\/wp-content\/uploads\/2021\/07\/icono-asesoramiento-300x94.png 300w, https:\/\/cocinasmetodo.es\/wp-content\/uploads\/2021\/07\/icono-asesoramiento-768x241.png 768w, https:\/\/cocinasmetodo.es\/wp-content\/uploads\/2021\/07\/icono-asesoramiento-705x222.png 705w\" sizes=\"(max-width: 900px) 100vw, 900px\" \/><\/div><\/div><\/div><br \/>\n<section  class='av_textblock_section av-av_textblock-32af9c344aeda5838e62bcf702809feb '   itemscope=\"itemscope\" itemtype=\"https:\/\/schema.org\/BlogPosting\" itemprop=\"blogPost\" ><div class='avia_textblock'  itemprop=\"text\" ><mark class=\"fp_sc_mark fp_ff_roboto-bold\" style=\"background: none;color: inherit;font-size: 12px;line-height: 12px;\">NOTRE SERVICE<\/mark>\n<\/div><\/section><br \/>\n\n<style type=\"text\/css\" data-created_by=\"avia_inline_auto\" id=\"style-css-av-av_hr-3cdc9664f29087702913853352eac422\">\n#top .hr.hr-invisible.av-av_hr-3cdc9664f29087702913853352eac422{\nheight:10px;\n}\n<\/style>\n<div  class='hr av-av_hr-3cdc9664f29087702913853352eac422 hr-invisible  avia-builder-el-70  el_after_av_textblock  el_before_av_textblock '><span class='hr-inner '><span class=\"hr-inner-style\"><\/span><\/span><\/div><br \/>\n<section  class='av_textblock_section av-av_textblock-32af9c344aeda5838e62bcf702809feb '   itemscope=\"itemscope\" itemtype=\"https:\/\/schema.org\/BlogPosting\" itemprop=\"blogPost\" ><div class='avia_textblock'  itemprop=\"text\" ><mark class=\"fp_sc_mark fp_ff_calvertmtstd-bold\" style=\"background: none;color: inherit;font-size: 36px;line-height: 38px;\"> Avez-vous besoin<br \/>\nde conseils?<\/mark>\n<\/div><\/section><br \/>\n\n<style type=\"text\/css\" data-created_by=\"avia_inline_auto\" id=\"style-css-av-av_hr-47668290f1d93e7dc9f25820fc0d0376\">\n#top .hr.hr-invisible.av-av_hr-47668290f1d93e7dc9f25820fc0d0376{\nheight:7px;\n}\n<\/style>\n<div  class='hr av-av_hr-47668290f1d93e7dc9f25820fc0d0376 hr-invisible  avia-builder-el-72  el_after_av_textblock  el_before_av_textblock '><span class='hr-inner '><span class=\"hr-inner-style\"><\/span><\/span><\/div><br \/>\n<section  class='av_textblock_section av-av_textblock-32af9c344aeda5838e62bcf702809feb '   itemscope=\"itemscope\" itemtype=\"https:\/\/schema.org\/BlogPosting\" itemprop=\"blogPost\" ><div class='avia_textblock'  itemprop=\"text\" ><mark class=\"fp_sc_mark fp_ff_roboto-light\" style=\"background: none;color: inherit;font-size: 22px;line-height: 24px;\"> La cuisine est l&rsquo;\u00e2me de la maison. Changer de cuisine est une d\u00e9cision complexe qui demande effort et r\u00e9flexion. Dans M\u00e9thode, vous pouvez trouver les r\u00e9ponses dont vous avez besoin pour votre projet.<\/mark>\n<\/div><\/section><br \/>\n\n<style type=\"text\/css\" data-created_by=\"avia_inline_auto\" id=\"style-css-av-av_hr-3c16d01a0419eba7182c6870bed5a2b4\">\n#top .hr.hr-invisible.av-av_hr-3c16d01a0419eba7182c6870bed5a2b4{\nheight:45px;\n}\n<\/style>\n<div  class='hr av-av_hr-3c16d01a0419eba7182c6870bed5a2b4 hr-invisible  avia-builder-el-74  el_after_av_textblock  el_before_av_textblock '><span class='hr-inner '><span class=\"hr-inner-style\"><\/span><\/span><\/div><br \/>\n<section  class='av_textblock_section av-av_textblock-32af9c344aeda5838e62bcf702809feb '   itemscope=\"itemscope\" itemtype=\"https:\/\/schema.org\/BlogPosting\" itemprop=\"blogPost\" ><div class='avia_textblock'  itemprop=\"text\" ><mark class=\"fp_sc_mark fp_ff_roboto-bold\" style=\"background: none;color: inherit;font-size: 12px;line-height: 12px;\"><span style=\"color: #e5996e;\"><a style=\"color: #e5996e;\" href=\"https:\/\/cocinasmetodo.es\/fr\/contacto\/\">CONSULTER<\/a><\/span><\/mark>\n<\/div><\/section><br \/>\n\n<style type=\"text\/css\" data-created_by=\"avia_inline_auto\" id=\"style-css-av-av_hr-50edc9949d927eab467680f201044eec\">\n#top .hr.hr-invisible.av-av_hr-50edc9949d927eab467680f201044eec{\nheight:25px;\n}\n<\/style>\n<div  class='hr av-av_hr-50edc9949d927eab467680f201044eec hr-invisible  avia-builder-el-76  el_after_av_textblock  avia-builder-el-last '><span class='hr-inner '><span class=\"hr-inner-style\"><\/span><\/span><\/div><\/p><\/div><\/div><!--close column table wrapper. Autoclose: 1 -->\n<\/div><\/div><\/div><!-- close content main div --><\/div><\/div><div id='after_section_3'  class='main_color av_default_container_wrap container_wrap sidebar_right'  ><div class='container av-section-cont-open' ><div class='template-page content  av-content-small alpha units'><div class='post-entry post-entry-type-page post-entry-19270'><div class='entry-content-wrapper clearfix'>\n","protected":false},"excerpt":{"rendered":"<p>Lorsque l&rsquo;on est confront\u00e9 au d\u00e9fi d&rsquo;am\u00e9nager une cuisine dans un espace r\u00e9duit ou int\u00e9gr\u00e9 au salon, une question incontournable se pose automatiquement en mati\u00e8re de d\u00e9coration d&rsquo;int\u00e9rieur : faut-il miser sur le blanc ? La r\u00e9ponse est un \u00ab oui \u00bb cat\u00e9gorique, mais la r\u00e9ussite d\u00e9pend toujours de la clart\u00e9 visuelle, d&rsquo;un contraste judicieux et d&rsquo;une optimisation du mobilier.<\/p>\n","protected":false},"author":1,"featured_media":19069,"comment_status":"closed","ping_status":"open","sticky":false,"template":"","format":"standard","meta":{"footnotes":""},"categories":[55],"tags":[506,452,507,433,461,440],"class_list":["post-19270","post","type-post","status-publish","format-standard","has-post-thumbnail","hentry","category-projets","tag-cocinas-blancas","tag-cocinas-metodo-fr","tag-ikuchen","tag-proyecto-ikuchen-cocinas-fr","tag-proyectos-fr","tag-proyectos-cocina-fr"],"yoast_head":"<!-- This site is optimized with the Yoast SEO plugin v27.2 - https:\/\/yoast.com\/product\/yoast-seo-wordpress\/ -->\n<title>Le blanc, une solution pour les cuisines de quelques m\u00e8tres carr\u00e9s ? Les projets d&#039;iKuchen nous confirment que la r\u00e9ponse est \u00aboui\u00bb. - m\u00e9todo<\/title>\n<meta name=\"description\" content=\"Lorsque l&#039;on est confront\u00e9 au d\u00e9fi d&#039;am\u00e9nager une cuisine dans un espace r\u00e9duit ou int\u00e9gr\u00e9 au salon, une question incontournable se pose automatiquement en mati\u00e8re de d\u00e9coration d&#039;int\u00e9rieur : faut-il miser sur le blanc ? La r\u00e9ponse est un \u00ab oui \u00bb cat\u00e9gorique, mais la r\u00e9ussite d\u00e9pend toujours de la clart\u00e9 visuelle, d&#039;un contraste judicieux et d&#039;une optimisation du mobilier.\" \/>\n<meta name=\"robots\" content=\"index, follow, max-snippet:-1, max-image-preview:large, max-video-preview:-1\" \/>\n<link rel=\"canonical\" href=\"https:\/\/cocinasmetodo.es\/fr\/proyectos-ikuchen-cocinas-blancas\/\" \/>\n<meta property=\"og:locale\" content=\"fr_FR\" \/>\n<meta property=\"og:type\" content=\"article\" \/>\n<meta property=\"og:title\" content=\"Le blanc, une solution pour les cuisines de quelques m\u00e8tres carr\u00e9s ? Les projets d&#039;iKuchen nous confirment que la r\u00e9ponse est \u00aboui\u00bb. - m\u00e9todo\" \/>\n<meta property=\"og:description\" content=\"Lorsque l&#039;on est confront\u00e9 au d\u00e9fi d&#039;am\u00e9nager une cuisine dans un espace r\u00e9duit ou int\u00e9gr\u00e9 au salon, une question incontournable se pose automatiquement en mati\u00e8re de d\u00e9coration d&#039;int\u00e9rieur : faut-il miser sur le blanc ? La r\u00e9ponse est un \u00ab oui \u00bb cat\u00e9gorique, mais la r\u00e9ussite d\u00e9pend toujours de la clart\u00e9 visuelle, d&#039;un contraste judicieux et d&#039;une optimisation du mobilier.\" \/>\n<meta property=\"og:url\" content=\"https:\/\/cocinasmetodo.es\/fr\/proyectos-ikuchen-cocinas-blancas\/\" \/>\n<meta property=\"og:site_name\" content=\"m\u00e9todo\" \/>\n<meta property=\"article:published_time\" content=\"2026-09-03T10:29:36+00:00\" \/>\n<meta property=\"og:image\" content=\"https:\/\/cocinasmetodo.es\/wp-content\/uploads\/2026\/07\/Metodo-proyecto-ikuchen-cocina-1-1.jpg\" \/>\n\t<meta property=\"og:image:width\" content=\"2048\" \/>\n\t<meta property=\"og:image:height\" content=\"2048\" \/>\n\t<meta property=\"og:image:type\" content=\"image\/jpeg\" \/>\n<meta name=\"author\" content=\"admin\" \/>\n<meta name=\"twitter:card\" content=\"summary_large_image\" \/>\n<meta name=\"twitter:label1\" content=\"\u00c9crit par\" \/>\n\t<meta name=\"twitter:data1\" content=\"admin\" \/>\n\t<meta name=\"twitter:label2\" content=\"Dur\u00e9e de lecture estim\u00e9e\" \/>\n\t<meta name=\"twitter:data2\" content=\"5 minutes\" \/>\n<script type=\"application\/ld+json\" class=\"yoast-schema-graph\">{\"@context\":\"https:\/\/schema.org\",\"@graph\":[{\"@type\":\"Article\",\"@id\":\"https:\/\/cocinasmetodo.es\/fr\/proyectos-ikuchen-cocinas-blancas\/#article\",\"isPartOf\":{\"@id\":\"https:\/\/cocinasmetodo.es\/fr\/proyectos-ikuchen-cocinas-blancas\/\"},\"author\":{\"name\":\"admin\",\"@id\":\"https:\/\/cocinasmetodo.es\/#\/schema\/person\/cf74899f07207d3cb6021e2e6f17241f\"},\"headline\":\"Le blanc, une solution pour les cuisines de quelques m\u00e8tres carr\u00e9s ? Les projets d&rsquo;iKuchen nous confirment que la r\u00e9ponse est \u00aboui\u00bb.\",\"datePublished\":\"2026-09-03T10:29:36+00:00\",\"mainEntityOfPage\":{\"@id\":\"https:\/\/cocinasmetodo.es\/fr\/proyectos-ikuchen-cocinas-blancas\/\"},\"wordCount\":7719,\"publisher\":{\"@id\":\"https:\/\/cocinasmetodo.es\/#organization\"},\"image\":{\"@id\":\"https:\/\/cocinasmetodo.es\/fr\/proyectos-ikuchen-cocinas-blancas\/#primaryimage\"},\"thumbnailUrl\":\"https:\/\/cocinasmetodo.es\/wp-content\/uploads\/2026\/07\/Metodo-proyecto-ikuchen-cocina-1-1.jpg\",\"keywords\":[\"cocinas blancas\",\"cocinas metodo\",\"Ikuchen\",\"Proyecto Ikuchen Cocinas\",\"proyectos\",\"proyectos cocina\"],\"articleSection\":[\"Projets\"],\"inLanguage\":\"fr-FR\"},{\"@type\":\"WebPage\",\"@id\":\"https:\/\/cocinasmetodo.es\/fr\/proyectos-ikuchen-cocinas-blancas\/\",\"url\":\"https:\/\/cocinasmetodo.es\/fr\/proyectos-ikuchen-cocinas-blancas\/\",\"name\":\"Le blanc, une solution pour les cuisines de quelques m\u00e8tres carr\u00e9s ? Les projets d'iKuchen nous confirment que la r\u00e9ponse est \u00aboui\u00bb. - m\u00e9todo\",\"isPartOf\":{\"@id\":\"https:\/\/cocinasmetodo.es\/#website\"},\"primaryImageOfPage\":{\"@id\":\"https:\/\/cocinasmetodo.es\/fr\/proyectos-ikuchen-cocinas-blancas\/#primaryimage\"},\"image\":{\"@id\":\"https:\/\/cocinasmetodo.es\/fr\/proyectos-ikuchen-cocinas-blancas\/#primaryimage\"},\"thumbnailUrl\":\"https:\/\/cocinasmetodo.es\/wp-content\/uploads\/2026\/07\/Metodo-proyecto-ikuchen-cocina-1-1.jpg\",\"datePublished\":\"2026-09-03T10:29:36+00:00\",\"description\":\"Lorsque l'on est confront\u00e9 au d\u00e9fi d'am\u00e9nager une cuisine dans un espace r\u00e9duit ou int\u00e9gr\u00e9 au salon, une question incontournable se pose automatiquement en mati\u00e8re de d\u00e9coration d'int\u00e9rieur : faut-il miser sur le blanc ? La r\u00e9ponse est un \u00ab oui \u00bb cat\u00e9gorique, mais la r\u00e9ussite d\u00e9pend toujours de la clart\u00e9 visuelle, d'un contraste judicieux et d'une optimisation du mobilier.\",\"breadcrumb\":{\"@id\":\"https:\/\/cocinasmetodo.es\/fr\/proyectos-ikuchen-cocinas-blancas\/#breadcrumb\"},\"inLanguage\":\"fr-FR\",\"potentialAction\":[{\"@type\":\"ReadAction\",\"target\":[\"https:\/\/cocinasmetodo.es\/fr\/proyectos-ikuchen-cocinas-blancas\/\"]}]},{\"@type\":\"ImageObject\",\"inLanguage\":\"fr-FR\",\"@id\":\"https:\/\/cocinasmetodo.es\/fr\/proyectos-ikuchen-cocinas-blancas\/#primaryimage\",\"url\":\"https:\/\/cocinasmetodo.es\/wp-content\/uploads\/2026\/07\/Metodo-proyecto-ikuchen-cocina-1-1.jpg\",\"contentUrl\":\"https:\/\/cocinasmetodo.es\/wp-content\/uploads\/2026\/07\/Metodo-proyecto-ikuchen-cocina-1-1.jpg\",\"width\":2048,\"height\":2048},{\"@type\":\"BreadcrumbList\",\"@id\":\"https:\/\/cocinasmetodo.es\/fr\/proyectos-ikuchen-cocinas-blancas\/#breadcrumb\",\"itemListElement\":[{\"@type\":\"ListItem\",\"position\":1,\"name\":\"Portada\",\"item\":\"https:\/\/cocinasmetodo.es\/fr\/\"},{\"@type\":\"ListItem\",\"position\":2,\"name\":\"Le blanc, une solution pour les cuisines de quelques m\u00e8tres carr\u00e9s ? Les projets d&#8217;iKuchen nous confirment que la r\u00e9ponse est \u00aboui\u00bb.\"}]},{\"@type\":\"WebSite\",\"@id\":\"https:\/\/cocinasmetodo.es\/#website\",\"url\":\"https:\/\/cocinasmetodo.es\/\",\"name\":\"m\u00e9todo\",\"description\":\"Daily Kitchens\",\"publisher\":{\"@id\":\"https:\/\/cocinasmetodo.es\/#organization\"},\"potentialAction\":[{\"@type\":\"SearchAction\",\"target\":{\"@type\":\"EntryPoint\",\"urlTemplate\":\"https:\/\/cocinasmetodo.es\/?s={search_term_string}\"},\"query-input\":{\"@type\":\"PropertyValueSpecification\",\"valueRequired\":true,\"valueName\":\"search_term_string\"}}],\"inLanguage\":\"fr-FR\"},{\"@type\":\"Organization\",\"@id\":\"https:\/\/cocinasmetodo.es\/#organization\",\"name\":\"m\u00e9todo\",\"url\":\"https:\/\/cocinasmetodo.es\/\",\"logo\":{\"@type\":\"ImageObject\",\"inLanguage\":\"fr-FR\",\"@id\":\"https:\/\/cocinasmetodo.es\/#\/schema\/logo\/image\/\",\"url\":\"https:\/\/cocinasmetodo.es\/wp-content\/uploads\/2021\/05\/logoweb.png\",\"contentUrl\":\"https:\/\/cocinasmetodo.es\/wp-content\/uploads\/2021\/05\/logoweb.png\",\"width\":1000,\"height\":528,\"caption\":\"m\u00e9todo\"},\"image\":{\"@id\":\"https:\/\/cocinasmetodo.es\/#\/schema\/logo\/image\/\"}},{\"@type\":\"Person\",\"@id\":\"https:\/\/cocinasmetodo.es\/#\/schema\/person\/cf74899f07207d3cb6021e2e6f17241f\",\"name\":\"admin\",\"image\":{\"@type\":\"ImageObject\",\"inLanguage\":\"fr-FR\",\"@id\":\"https:\/\/secure.gravatar.com\/avatar\/f81daeca33be8da0842690f149bc1081f003f3840397028f3faabf244c06927a?s=96&d=mm&r=g\",\"url\":\"https:\/\/secure.gravatar.com\/avatar\/f81daeca33be8da0842690f149bc1081f003f3840397028f3faabf244c06927a?s=96&d=mm&r=g\",\"contentUrl\":\"https:\/\/secure.gravatar.com\/avatar\/f81daeca33be8da0842690f149bc1081f003f3840397028f3faabf244c06927a?s=96&d=mm&r=g\",\"caption\":\"admin\"},\"sameAs\":[\"https:\/\/cocinasmetodo.es\/website2021\"]}]}<\/script>\n<!-- \/ Yoast SEO plugin. -->","yoast_head_json":{"title":"Le blanc, une solution pour les cuisines de quelques m\u00e8tres carr\u00e9s ? Les projets d'iKuchen nous confirment que la r\u00e9ponse est \u00aboui\u00bb. - m\u00e9todo","description":"Lorsque l'on est confront\u00e9 au d\u00e9fi d'am\u00e9nager une cuisine dans un espace r\u00e9duit ou int\u00e9gr\u00e9 au salon, une question incontournable se pose automatiquement en mati\u00e8re de d\u00e9coration d'int\u00e9rieur : faut-il miser sur le blanc ? La r\u00e9ponse est un \u00ab oui \u00bb cat\u00e9gorique, mais la r\u00e9ussite d\u00e9pend toujours de la clart\u00e9 visuelle, d'un contraste judicieux et d'une optimisation du mobilier.","robots":{"index":"index","follow":"follow","max-snippet":"max-snippet:-1","max-image-preview":"max-image-preview:large","max-video-preview":"max-video-preview:-1"},"canonical":"https:\/\/cocinasmetodo.es\/fr\/proyectos-ikuchen-cocinas-blancas\/","og_locale":"fr_FR","og_type":"article","og_title":"Le blanc, une solution pour les cuisines de quelques m\u00e8tres carr\u00e9s ? Les projets d'iKuchen nous confirment que la r\u00e9ponse est \u00aboui\u00bb. - m\u00e9todo","og_description":"Lorsque l'on est confront\u00e9 au d\u00e9fi d'am\u00e9nager une cuisine dans un espace r\u00e9duit ou int\u00e9gr\u00e9 au salon, une question incontournable se pose automatiquement en mati\u00e8re de d\u00e9coration d'int\u00e9rieur : faut-il miser sur le blanc ? La r\u00e9ponse est un \u00ab oui \u00bb cat\u00e9gorique, mais la r\u00e9ussite d\u00e9pend toujours de la clart\u00e9 visuelle, d'un contraste judicieux et d'une optimisation du mobilier.","og_url":"https:\/\/cocinasmetodo.es\/fr\/proyectos-ikuchen-cocinas-blancas\/","og_site_name":"m\u00e9todo","article_published_time":"2026-09-03T10:29:36+00:00","og_image":[{"width":2048,"height":2048,"url":"https:\/\/cocinasmetodo.es\/wp-content\/uploads\/2026\/07\/Metodo-proyecto-ikuchen-cocina-1-1.jpg","type":"image\/jpeg"}],"author":"admin","twitter_card":"summary_large_image","twitter_misc":{"\u00c9crit par":"admin","Dur\u00e9e de lecture estim\u00e9e":"5 minutes"},"schema":{"@context":"https:\/\/schema.org","@graph":[{"@type":"Article","@id":"https:\/\/cocinasmetodo.es\/fr\/proyectos-ikuchen-cocinas-blancas\/#article","isPartOf":{"@id":"https:\/\/cocinasmetodo.es\/fr\/proyectos-ikuchen-cocinas-blancas\/"},"author":{"name":"admin","@id":"https:\/\/cocinasmetodo.es\/#\/schema\/person\/cf74899f07207d3cb6021e2e6f17241f"},"headline":"Le blanc, une solution pour les cuisines de quelques m\u00e8tres carr\u00e9s ? Les projets d&rsquo;iKuchen nous confirment que la r\u00e9ponse est \u00aboui\u00bb.","datePublished":"2026-09-03T10:29:36+00:00","mainEntityOfPage":{"@id":"https:\/\/cocinasmetodo.es\/fr\/proyectos-ikuchen-cocinas-blancas\/"},"wordCount":7719,"publisher":{"@id":"https:\/\/cocinasmetodo.es\/#organization"},"image":{"@id":"https:\/\/cocinasmetodo.es\/fr\/proyectos-ikuchen-cocinas-blancas\/#primaryimage"},"thumbnailUrl":"https:\/\/cocinasmetodo.es\/wp-content\/uploads\/2026\/07\/Metodo-proyecto-ikuchen-cocina-1-1.jpg","keywords":["cocinas blancas","cocinas metodo","Ikuchen","Proyecto Ikuchen Cocinas","proyectos","proyectos cocina"],"articleSection":["Projets"],"inLanguage":"fr-FR"},{"@type":"WebPage","@id":"https:\/\/cocinasmetodo.es\/fr\/proyectos-ikuchen-cocinas-blancas\/","url":"https:\/\/cocinasmetodo.es\/fr\/proyectos-ikuchen-cocinas-blancas\/","name":"Le blanc, une solution pour les cuisines de quelques m\u00e8tres carr\u00e9s ? Les projets d'iKuchen nous confirment que la r\u00e9ponse est \u00aboui\u00bb. - m\u00e9todo","isPartOf":{"@id":"https:\/\/cocinasmetodo.es\/#website"},"primaryImageOfPage":{"@id":"https:\/\/cocinasmetodo.es\/fr\/proyectos-ikuchen-cocinas-blancas\/#primaryimage"},"image":{"@id":"https:\/\/cocinasmetodo.es\/fr\/proyectos-ikuchen-cocinas-blancas\/#primaryimage"},"thumbnailUrl":"https:\/\/cocinasmetodo.es\/wp-content\/uploads\/2026\/07\/Metodo-proyecto-ikuchen-cocina-1-1.jpg","datePublished":"2026-09-03T10:29:36+00:00","description":"Lorsque l'on est confront\u00e9 au d\u00e9fi d'am\u00e9nager une cuisine dans un espace r\u00e9duit ou int\u00e9gr\u00e9 au salon, une question incontournable se pose automatiquement en mati\u00e8re de d\u00e9coration d'int\u00e9rieur : faut-il miser sur le blanc ? La r\u00e9ponse est un \u00ab oui \u00bb cat\u00e9gorique, mais la r\u00e9ussite d\u00e9pend toujours de la clart\u00e9 visuelle, d'un contraste judicieux et d'une optimisation du mobilier.","breadcrumb":{"@id":"https:\/\/cocinasmetodo.es\/fr\/proyectos-ikuchen-cocinas-blancas\/#breadcrumb"},"inLanguage":"fr-FR","potentialAction":[{"@type":"ReadAction","target":["https:\/\/cocinasmetodo.es\/fr\/proyectos-ikuchen-cocinas-blancas\/"]}]},{"@type":"ImageObject","inLanguage":"fr-FR","@id":"https:\/\/cocinasmetodo.es\/fr\/proyectos-ikuchen-cocinas-blancas\/#primaryimage","url":"https:\/\/cocinasmetodo.es\/wp-content\/uploads\/2026\/07\/Metodo-proyecto-ikuchen-cocina-1-1.jpg","contentUrl":"https:\/\/cocinasmetodo.es\/wp-content\/uploads\/2026\/07\/Metodo-proyecto-ikuchen-cocina-1-1.jpg","width":2048,"height":2048},{"@type":"BreadcrumbList","@id":"https:\/\/cocinasmetodo.es\/fr\/proyectos-ikuchen-cocinas-blancas\/#breadcrumb","itemListElement":[{"@type":"ListItem","position":1,"name":"Portada","item":"https:\/\/cocinasmetodo.es\/fr\/"},{"@type":"ListItem","position":2,"name":"Le blanc, une solution pour les cuisines de quelques m\u00e8tres carr\u00e9s ? Les projets d&#8217;iKuchen nous confirment que la r\u00e9ponse est \u00aboui\u00bb."}]},{"@type":"WebSite","@id":"https:\/\/cocinasmetodo.es\/#website","url":"https:\/\/cocinasmetodo.es\/","name":"m\u00e9todo","description":"Daily Kitchens","publisher":{"@id":"https:\/\/cocinasmetodo.es\/#organization"},"potentialAction":[{"@type":"SearchAction","target":{"@type":"EntryPoint","urlTemplate":"https:\/\/cocinasmetodo.es\/?s={search_term_string}"},"query-input":{"@type":"PropertyValueSpecification","valueRequired":true,"valueName":"search_term_string"}}],"inLanguage":"fr-FR"},{"@type":"Organization","@id":"https:\/\/cocinasmetodo.es\/#organization","name":"m\u00e9todo","url":"https:\/\/cocinasmetodo.es\/","logo":{"@type":"ImageObject","inLanguage":"fr-FR","@id":"https:\/\/cocinasmetodo.es\/#\/schema\/logo\/image\/","url":"https:\/\/cocinasmetodo.es\/wp-content\/uploads\/2021\/05\/logoweb.png","contentUrl":"https:\/\/cocinasmetodo.es\/wp-content\/uploads\/2021\/05\/logoweb.png","width":1000,"height":528,"caption":"m\u00e9todo"},"image":{"@id":"https:\/\/cocinasmetodo.es\/#\/schema\/logo\/image\/"}},{"@type":"Person","@id":"https:\/\/cocinasmetodo.es\/#\/schema\/person\/cf74899f07207d3cb6021e2e6f17241f","name":"admin","image":{"@type":"ImageObject","inLanguage":"fr-FR","@id":"https:\/\/secure.gravatar.com\/avatar\/f81daeca33be8da0842690f149bc1081f003f3840397028f3faabf244c06927a?s=96&d=mm&r=g","url":"https:\/\/secure.gravatar.com\/avatar\/f81daeca33be8da0842690f149bc1081f003f3840397028f3faabf244c06927a?s=96&d=mm&r=g","contentUrl":"https:\/\/secure.gravatar.com\/avatar\/f81daeca33be8da0842690f149bc1081f003f3840397028f3faabf244c06927a?s=96&d=mm&r=g","caption":"admin"},"sameAs":["https:\/\/cocinasmetodo.es\/website2021"]}]}},"_links":{"self":[{"href":"https:\/\/cocinasmetodo.es\/fr\/wp-json\/wp\/v2\/posts\/19270","targetHints":{"allow":["GET"]}}],"collection":[{"href":"https:\/\/cocinasmetodo.es\/fr\/wp-json\/wp\/v2\/posts"}],"about":[{"href":"https:\/\/cocinasmetodo.es\/fr\/wp-json\/wp\/v2\/types\/post"}],"author":[{"embeddable":true,"href":"https:\/\/cocinasmetodo.es\/fr\/wp-json\/wp\/v2\/users\/1"}],"replies":[{"embeddable":true,"href":"https:\/\/cocinasmetodo.es\/fr\/wp-json\/wp\/v2\/comments?post=19270"}],"version-history":[{"count":3,"href":"https:\/\/cocinasmetodo.es\/fr\/wp-json\/wp\/v2\/posts\/19270\/revisions"}],"predecessor-version":[{"id":19295,"href":"https:\/\/cocinasmetodo.es\/fr\/wp-json\/wp\/v2\/posts\/19270\/revisions\/19295"}],"wp:featuredmedia":[{"embeddable":true,"href":"https:\/\/cocinasmetodo.es\/fr\/wp-json\/wp\/v2\/media\/19069"}],"wp:attachment":[{"href":"https:\/\/cocinasmetodo.es\/fr\/wp-json\/wp\/v2\/media?parent=19270"}],"wp:term":[{"taxonomy":"category","embeddable":true,"href":"https:\/\/cocinasmetodo.es\/fr\/wp-json\/wp\/v2\/categories?post=19270"},{"taxonomy":"post_tag","embeddable":true,"href":"https:\/\/cocinasmetodo.es\/fr\/wp-json\/wp\/v2\/tags?post=19270"}],"curies":[{"name":"wp","href":"https:\/\/api.w.org\/{rel}","templated":true}]}}