{"id":1810,"date":"2021-10-20T11:26:36","date_gmt":"2021-10-20T09:26:36","guid":{"rendered":"https:\/\/cocinasmetodo.es\/cocinas-metodo-en-la-revista-cocinas-y-banos\/"},"modified":"2022-05-02T10:37:38","modified_gmt":"2022-05-02T08:37:38","slug":"cocinas-metodo-en-la-revista-cocinas-y-banos","status":"publish","type":"post","link":"https:\/\/cocinasmetodo.es\/fr\/cocinas-metodo-en-la-revista-cocinas-y-banos\/","title":{"rendered":"Cocinas M\u00e9todo dans la revue  Cocinas y Ba\u00f1os"},"content":{"rendered":"<h3>\u00ab\u00a0Rapport sur la fa\u00e7on de planifier une cuisine \u00e0 fond\u00a0\u00bb<\/h3>\n<p>La prestigieuse revue du secteur de la cuisine et de la salle de bain,<span class=\"Apple-converted-space\">\u00a0<\/span><strong><a href=\"https:\/\/www.revistacasaviva.es\/\">COCINAS Y BA\u00d1OS de Curt Ediciones<\/a>,\u00a0<\/strong>pr\u00e9sente dans son dernier num\u00e9ro un reportage tr\u00e8s int\u00e9ressant \u00ab A FONDO \u00bb qui analyse en d\u00e9tail la planification d\u2019une cuisine et les cuisines M\u00e9todo sont cit\u00e9es. On pr\u00e9sente des cuisines r\u00e9elles pour des maisons r\u00e9elles parce que la revue a observ\u00e9 que les personnes utilisent leur cuisine tous les jours : des cuisines comme celle de M\u00e9todo, Daily kitchen.<span class=\"Apple-converted-space\">\u00a0<\/span><\/p>\n<blockquote><p><strong>Les cl\u00e9s de cet article vous aideront \u00e0 obtenir des espaces flexibles, pratiques et pleins de possibilit\u00e9s. Les espaces pr\u00eats \u00e0 \u00e9voluer avec leur propri\u00e9taire. Une r\u00e9forme totale permet de tirer profit au maximum de l\u2019espace que nous avons. Il permet de concevoir la cuisine comme un costume sur mesure.<span class=\"Apple-converted-space\">\u00a0<\/span><\/strong><\/p><\/blockquote>\n<p>Les distributions actuelles des logements se d\u00e9marquent par leur flexibilit\u00e9 et amplitude, moins de mur pour plus de lumi\u00e8re et d\u2019espace. Il existe une tendance chaque fois plus in\u00e9branlable d\u2019ouvrir la cuisine sur la salle \u00e0 manger et le salon comme si c\u2019\u00e9tait un recours infaillible pour avoir plus de luminosit\u00e9, protagoniste et communication entre les zones sociales de la maison. De ce fait, en d\u00e9molissant certains murs, la cuisine se transforme en un espace de rencontre dans lequel la famille et les amis peuvent partager les taches, la conversation et les meilleurs moments de la journ\u00e9e.<span class=\"Apple-converted-space\">\u00a0<\/span><\/p>\n<h3><a href=\"https:\/\/curtediciones.com\/producto\/cocinas-y-banos-marzo-2021-2\/\"><strong>T\u00c9L\u00c9CHARGER LA REVUE EN PDF<\/strong><\/a><\/h3>\n<p><img loading=\"lazy\" decoding=\"async\" class=\"alignnone size-full wp-image-1177\" src=\"https:\/\/cocinasmetodo.es\/wp-content\/uploads\/2021\/10\/METODO-Stories-revista-cocinas-y-banos-N370.gif\" alt=\"\" width=\"810\" height=\"1440\" \/><\/p>\n<hr \/>\n<div  class='avia-buttonrow-wrap av-1y6twi-3e7ea6a37514e6a4fd51ac3049db817d avia-buttonrow-center  avia-builder-el-0  avia-builder-el-no-sibling '>\n\n<style type=\"text\/css\" data-created_by=\"avia_inline_auto\" id=\"style-css-av-kwnf4ref-d3eeec7100204f0ca80f01b6bc691e05\">\n#top #wrap_all .avia-button.av-kwnf4ref-d3eeec7100204f0ca80f01b6bc691e05{\nmargin-bottom:5px;\nmargin-right:3px;\nmargin-left:3px;\n}\n<\/style>\n<a href='https:\/\/cocinasmetodo.es\/fr\/contacto\/'  class='avia-button av-kwnf4ref-d3eeec7100204f0ca80f01b6bc691e05 avia-icon_select-no avia-size-medium avia-color-theme-color'   aria-label=\"AVEZ-VOUS BESOIN D\u2019UN BUDGET ?\"><span class='avia_iconbox_title' >AVEZ-VOUS BESOIN D\u2019UN BUDGET ?<\/span><\/a>\n\n<style type=\"text\/css\" data-created_by=\"avia_inline_auto\" id=\"style-css-av-kwnf5nlq-6dbd4570cc2c7a1e56ae090b5c0c7c19\">\n#top #wrap_all .avia-button.av-kwnf5nlq-6dbd4570cc2c7a1e56ae090b5c0c7c19{\nmargin-bottom:5px;\nmargin-right:3px;\nmargin-left:3px;\n}\n<\/style>\n<a href='https:\/\/cocinasmetodo.es\/fr\/contacto\/'  class='avia-button av-kwnf5nlq-6dbd4570cc2c7a1e56ae090b5c0c7c19 avia-icon_select-no avia-size-medium avia-color-theme-color'   aria-label=\"VOUS SOUHAITEZ PUBLIER UN PROJET ?\"><span class='avia_iconbox_title' >VOUS SOUHAITEZ PUBLIER UN PROJET ?<\/span><\/a>\n\n<style type=\"text\/css\" data-created_by=\"avia_inline_auto\" id=\"style-css-av-kwnf6k50-9e8dc149f2bac61c5782f6a3b98dfa0e\">\n#top #wrap_all .avia-button.av-kwnf6k50-9e8dc149f2bac61c5782f6a3b98dfa0e{\nmargin-bottom:5px;\nmargin-right:3px;\nmargin-left:3px;\n}\n<\/style>\n<a href='https:\/\/cocinasmetodo.es\/fr\/contacto\/'  class='avia-button av-kwnf6k50-9e8dc149f2bac61c5782f6a3b98dfa0e avia-icon_select-no avia-size-medium avia-color-theme-color'   aria-label=\"VOUS VOULEZ VOIR UNE CUISINE M\u00c9TODO?\"><span class='avia_iconbox_title' >VOUS VOULEZ VOIR UNE CUISINE M\u00c9TODO?<\/span><\/a>\n<\/div>\n<p>&nbsp;<\/p>\n<hr \/>\n<p>&nbsp;<\/p>\n","protected":false},"excerpt":{"rendered":"<p>La prestigieuse revue du secteur de la cuisine et de la salle de bain,\u00a0COCINAS Y BA\u00d1OS de Curt Ediciones,\u00a0pr\u00e9sente dans son dernier num\u00e9ro un reportage tr\u00e8s int\u00e9ressant \u00ab A FONDO \u00bb qui analyse en d\u00e9tail la planification d\u2019une cuisine et les cuisines M\u00e9todo sont cit\u00e9es. On pr\u00e9sente des cuisines r\u00e9elles pour des maisons r\u00e9elles parce que la revue a observ\u00e9 que les personnes utilisent leur cuisine tous les jours : des cuisines comme celle de M\u00e9todo, Daily kitchen.\u00a0<\/p>\n","protected":false},"author":1,"featured_media":1521,"comment_status":"open","ping_status":"open","sticky":false,"template":"","format":"standard","meta":{"footnotes":""},"categories":[52,53],"tags":[75,76,77],"class_list":["post-1810","post","type-post","status-publish","format-standard","has-post-thumbnail","hentry","category-accesoires","category-cuisines","tag-accesorios-cocina-fr","tag-despensa-fr","tag-organizacion-cocina-fr"],"yoast_head":"<!-- This site is optimized with the Yoast SEO plugin v27.2 - https:\/\/yoast.com\/product\/yoast-seo-wordpress\/ -->\n<title>Cocinas M\u00e9todo dans la revue Cocinas y Ba\u00f1os - m\u00e9todo<\/title>\n<meta name=\"description\" content=\"La prestigiosa revista del sector de cocinas y ba\u00f1o, COCINAS Y BA\u00d1OS de Curt Ediciones,\u00a0presenta en su \u00faltimo n\u00famero un MUY INTERESANTE reportaje &quot;A FONDO&quot; que analiza al detalle la planificaci\u00f3n de una cocina y en la que COCINAS M\u00c9TODO tiene un espacio. Se presentan cocinas reales para casas reales porque en la revista piensan en las personas que utilizan las cocinas para su d\u00eda a d\u00eda; cocinas como las de M\u00e9todo, Daily kitchen.\" \/>\n<meta name=\"robots\" content=\"index, follow, max-snippet:-1, max-image-preview:large, max-video-preview:-1\" \/>\n<link rel=\"canonical\" href=\"https:\/\/cocinasmetodo.es\/cocinas-metodo-en-la-revista-cocinas-y-banos\/\" \/>\n<meta property=\"og:locale\" content=\"fr_FR\" \/>\n<meta property=\"og:type\" content=\"article\" \/>\n<meta property=\"og:title\" content=\"Cocinas M\u00e9todo dans la revue Cocinas y Ba\u00f1os - m\u00e9todo\" \/>\n<meta property=\"og:description\" content=\"La prestigiosa revista del sector de cocinas y ba\u00f1o, COCINAS Y BA\u00d1OS de Curt Ediciones,\u00a0presenta en su \u00faltimo n\u00famero un MUY INTERESANTE reportaje &quot;A FONDO&quot; que analiza al detalle la planificaci\u00f3n de una cocina y en la que COCINAS M\u00c9TODO tiene un espacio. Se presentan cocinas reales para casas reales porque en la revista piensan en las personas que utilizan las cocinas para su d\u00eda a d\u00eda; cocinas como las de M\u00e9todo, Daily kitchen.\" \/>\n<meta property=\"og:url\" content=\"https:\/\/cocinasmetodo.es\/cocinas-metodo-en-la-revista-cocinas-y-banos\/\" \/>\n<meta property=\"og:site_name\" content=\"m\u00e9todo\" \/>\n<meta property=\"article:published_time\" content=\"2021-10-20T09:26:36+00:00\" \/>\n<meta property=\"article:modified_time\" content=\"2022-05-02T08:37:38+00:00\" \/>\n<meta property=\"og:image\" content=\"https:\/\/cocinasmetodo.es\/wp-content\/uploads\/2021\/10\/METODO-Stories-revista-cocinas-y-banos-N370.gif\" \/>\n\t<meta property=\"og:image:width\" content=\"810\" \/>\n\t<meta property=\"og:image:height\" content=\"1440\" \/>\n\t<meta property=\"og:image:type\" content=\"image\/gif\" \/>\n<meta name=\"author\" content=\"admin\" \/>\n<meta name=\"twitter:card\" content=\"summary_large_image\" \/>\n<meta name=\"twitter:label1\" content=\"\u00c9crit par\" \/>\n\t<meta name=\"twitter:data1\" content=\"admin\" \/>\n\t<meta name=\"twitter:label2\" content=\"Dur\u00e9e de lecture estim\u00e9e\" \/>\n\t<meta name=\"twitter:data2\" content=\"2 minutes\" \/>\n<script type=\"application\/ld+json\" class=\"yoast-schema-graph\">{\"@context\":\"https:\/\/schema.org\",\"@graph\":[{\"@type\":\"Article\",\"@id\":\"https:\/\/cocinasmetodo.es\/cocinas-metodo-en-la-revista-cocinas-y-banos\/#article\",\"isPartOf\":{\"@id\":\"https:\/\/cocinasmetodo.es\/cocinas-metodo-en-la-revista-cocinas-y-banos\/\"},\"author\":{\"name\":\"admin\",\"@id\":\"https:\/\/cocinasmetodo.es\/#\/schema\/person\/cf74899f07207d3cb6021e2e6f17241f\"},\"headline\":\"Cocinas M\u00e9todo dans la revue Cocinas y Ba\u00f1os\",\"datePublished\":\"2021-10-20T09:26:36+00:00\",\"dateModified\":\"2022-05-02T08:37:38+00:00\",\"mainEntityOfPage\":{\"@id\":\"https:\/\/cocinasmetodo.es\/cocinas-metodo-en-la-revista-cocinas-y-banos\/\"},\"wordCount\":734,\"commentCount\":0,\"publisher\":{\"@id\":\"https:\/\/cocinasmetodo.es\/#organization\"},\"image\":{\"@id\":\"https:\/\/cocinasmetodo.es\/cocinas-metodo-en-la-revista-cocinas-y-banos\/#primaryimage\"},\"thumbnailUrl\":\"https:\/\/cocinasmetodo.es\/wp-content\/uploads\/2021\/10\/METODO-Stories-revista-cocinas-y-banos-N370.gif\",\"keywords\":[\"accesorios cocina\",\"despensa\",\"organizaci\u00f3n cocina\"],\"articleSection\":[\"Accesoires\",\"Cuisines\"],\"inLanguage\":\"fr-FR\",\"potentialAction\":[{\"@type\":\"CommentAction\",\"name\":\"Comment\",\"target\":[\"https:\/\/cocinasmetodo.es\/cocinas-metodo-en-la-revista-cocinas-y-banos\/#respond\"]}]},{\"@type\":\"WebPage\",\"@id\":\"https:\/\/cocinasmetodo.es\/cocinas-metodo-en-la-revista-cocinas-y-banos\/\",\"url\":\"https:\/\/cocinasmetodo.es\/cocinas-metodo-en-la-revista-cocinas-y-banos\/\",\"name\":\"Cocinas M\u00e9todo dans la revue Cocinas y Ba\u00f1os - m\u00e9todo\",\"isPartOf\":{\"@id\":\"https:\/\/cocinasmetodo.es\/#website\"},\"primaryImageOfPage\":{\"@id\":\"https:\/\/cocinasmetodo.es\/cocinas-metodo-en-la-revista-cocinas-y-banos\/#primaryimage\"},\"image\":{\"@id\":\"https:\/\/cocinasmetodo.es\/cocinas-metodo-en-la-revista-cocinas-y-banos\/#primaryimage\"},\"thumbnailUrl\":\"https:\/\/cocinasmetodo.es\/wp-content\/uploads\/2021\/10\/METODO-Stories-revista-cocinas-y-banos-N370.gif\",\"datePublished\":\"2021-10-20T09:26:36+00:00\",\"dateModified\":\"2022-05-02T08:37:38+00:00\",\"description\":\"La prestigiosa revista del sector de cocinas y ba\u00f1o, COCINAS Y BA\u00d1OS de Curt Ediciones,\u00a0presenta en su \u00faltimo n\u00famero un MUY INTERESANTE reportaje \\\"A FONDO\\\" que analiza al detalle la planificaci\u00f3n de una cocina y en la que COCINAS M\u00c9TODO tiene un espacio. Se presentan cocinas reales para casas reales porque en la revista piensan en las personas que utilizan las cocinas para su d\u00eda a d\u00eda; cocinas como las de M\u00e9todo, Daily kitchen.\",\"breadcrumb\":{\"@id\":\"https:\/\/cocinasmetodo.es\/cocinas-metodo-en-la-revista-cocinas-y-banos\/#breadcrumb\"},\"inLanguage\":\"fr-FR\",\"potentialAction\":[{\"@type\":\"ReadAction\",\"target\":[\"https:\/\/cocinasmetodo.es\/cocinas-metodo-en-la-revista-cocinas-y-banos\/\"]}]},{\"@type\":\"ImageObject\",\"inLanguage\":\"fr-FR\",\"@id\":\"https:\/\/cocinasmetodo.es\/cocinas-metodo-en-la-revista-cocinas-y-banos\/#primaryimage\",\"url\":\"https:\/\/cocinasmetodo.es\/wp-content\/uploads\/2021\/10\/METODO-Stories-revista-cocinas-y-banos-N370.gif\",\"contentUrl\":\"https:\/\/cocinasmetodo.es\/wp-content\/uploads\/2021\/10\/METODO-Stories-revista-cocinas-y-banos-N370.gif\",\"width\":810,\"height\":1440},{\"@type\":\"BreadcrumbList\",\"@id\":\"https:\/\/cocinasmetodo.es\/cocinas-metodo-en-la-revista-cocinas-y-banos\/#breadcrumb\",\"itemListElement\":[{\"@type\":\"ListItem\",\"position\":1,\"name\":\"Portada\",\"item\":\"https:\/\/cocinasmetodo.es\/fr\/\"},{\"@type\":\"ListItem\",\"position\":2,\"name\":\"Cocinas M\u00e9todo dans la revue Cocinas y Ba\u00f1os\"}]},{\"@type\":\"WebSite\",\"@id\":\"https:\/\/cocinasmetodo.es\/#website\",\"url\":\"https:\/\/cocinasmetodo.es\/\",\"name\":\"m\u00e9todo\",\"description\":\"Daily Kitchens\",\"publisher\":{\"@id\":\"https:\/\/cocinasmetodo.es\/#organization\"},\"potentialAction\":[{\"@type\":\"SearchAction\",\"target\":{\"@type\":\"EntryPoint\",\"urlTemplate\":\"https:\/\/cocinasmetodo.es\/?s={search_term_string}\"},\"query-input\":{\"@type\":\"PropertyValueSpecification\",\"valueRequired\":true,\"valueName\":\"search_term_string\"}}],\"inLanguage\":\"fr-FR\"},{\"@type\":\"Organization\",\"@id\":\"https:\/\/cocinasmetodo.es\/#organization\",\"name\":\"m\u00e9todo\",\"url\":\"https:\/\/cocinasmetodo.es\/\",\"logo\":{\"@type\":\"ImageObject\",\"inLanguage\":\"fr-FR\",\"@id\":\"https:\/\/cocinasmetodo.es\/#\/schema\/logo\/image\/\",\"url\":\"https:\/\/cocinasmetodo.es\/wp-content\/uploads\/2021\/05\/logoweb.png\",\"contentUrl\":\"https:\/\/cocinasmetodo.es\/wp-content\/uploads\/2021\/05\/logoweb.png\",\"width\":1000,\"height\":528,\"caption\":\"m\u00e9todo\"},\"image\":{\"@id\":\"https:\/\/cocinasmetodo.es\/#\/schema\/logo\/image\/\"}},{\"@type\":\"Person\",\"@id\":\"https:\/\/cocinasmetodo.es\/#\/schema\/person\/cf74899f07207d3cb6021e2e6f17241f\",\"name\":\"admin\",\"image\":{\"@type\":\"ImageObject\",\"inLanguage\":\"fr-FR\",\"@id\":\"https:\/\/secure.gravatar.com\/avatar\/f81daeca33be8da0842690f149bc1081f003f3840397028f3faabf244c06927a?s=96&d=mm&r=g\",\"url\":\"https:\/\/secure.gravatar.com\/avatar\/f81daeca33be8da0842690f149bc1081f003f3840397028f3faabf244c06927a?s=96&d=mm&r=g\",\"contentUrl\":\"https:\/\/secure.gravatar.com\/avatar\/f81daeca33be8da0842690f149bc1081f003f3840397028f3faabf244c06927a?s=96&d=mm&r=g\",\"caption\":\"admin\"},\"sameAs\":[\"https:\/\/cocinasmetodo.es\/website2021\"]}]}<\/script>\n<!-- \/ Yoast SEO plugin. -->","yoast_head_json":{"title":"Cocinas M\u00e9todo dans la revue Cocinas y Ba\u00f1os - m\u00e9todo","description":"La prestigiosa revista del sector de cocinas y ba\u00f1o, COCINAS Y BA\u00d1OS de Curt Ediciones,\u00a0presenta en su \u00faltimo n\u00famero un MUY INTERESANTE reportaje \"A FONDO\" que analiza al detalle la planificaci\u00f3n de una cocina y en la que COCINAS M\u00c9TODO tiene un espacio. Se presentan cocinas reales para casas reales porque en la revista piensan en las personas que utilizan las cocinas para su d\u00eda a d\u00eda; cocinas como las de M\u00e9todo, Daily kitchen.","robots":{"index":"index","follow":"follow","max-snippet":"max-snippet:-1","max-image-preview":"max-image-preview:large","max-video-preview":"max-video-preview:-1"},"canonical":"https:\/\/cocinasmetodo.es\/cocinas-metodo-en-la-revista-cocinas-y-banos\/","og_locale":"fr_FR","og_type":"article","og_title":"Cocinas M\u00e9todo dans la revue Cocinas y Ba\u00f1os - m\u00e9todo","og_description":"La prestigiosa revista del sector de cocinas y ba\u00f1o, COCINAS Y BA\u00d1OS de Curt Ediciones,\u00a0presenta en su \u00faltimo n\u00famero un MUY INTERESANTE reportaje \"A FONDO\" que analiza al detalle la planificaci\u00f3n de una cocina y en la que COCINAS M\u00c9TODO tiene un espacio. Se presentan cocinas reales para casas reales porque en la revista piensan en las personas que utilizan las cocinas para su d\u00eda a d\u00eda; cocinas como las de M\u00e9todo, Daily kitchen.","og_url":"https:\/\/cocinasmetodo.es\/cocinas-metodo-en-la-revista-cocinas-y-banos\/","og_site_name":"m\u00e9todo","article_published_time":"2021-10-20T09:26:36+00:00","article_modified_time":"2022-05-02T08:37:38+00:00","og_image":[{"width":810,"height":1440,"url":"https:\/\/cocinasmetodo.es\/wp-content\/uploads\/2021\/10\/METODO-Stories-revista-cocinas-y-banos-N370.gif","type":"image\/gif"}],"author":"admin","twitter_card":"summary_large_image","twitter_misc":{"\u00c9crit par":"admin","Dur\u00e9e de lecture estim\u00e9e":"2 minutes"},"schema":{"@context":"https:\/\/schema.org","@graph":[{"@type":"Article","@id":"https:\/\/cocinasmetodo.es\/cocinas-metodo-en-la-revista-cocinas-y-banos\/#article","isPartOf":{"@id":"https:\/\/cocinasmetodo.es\/cocinas-metodo-en-la-revista-cocinas-y-banos\/"},"author":{"name":"admin","@id":"https:\/\/cocinasmetodo.es\/#\/schema\/person\/cf74899f07207d3cb6021e2e6f17241f"},"headline":"Cocinas M\u00e9todo dans la revue Cocinas y Ba\u00f1os","datePublished":"2021-10-20T09:26:36+00:00","dateModified":"2022-05-02T08:37:38+00:00","mainEntityOfPage":{"@id":"https:\/\/cocinasmetodo.es\/cocinas-metodo-en-la-revista-cocinas-y-banos\/"},"wordCount":734,"commentCount":0,"publisher":{"@id":"https:\/\/cocinasmetodo.es\/#organization"},"image":{"@id":"https:\/\/cocinasmetodo.es\/cocinas-metodo-en-la-revista-cocinas-y-banos\/#primaryimage"},"thumbnailUrl":"https:\/\/cocinasmetodo.es\/wp-content\/uploads\/2021\/10\/METODO-Stories-revista-cocinas-y-banos-N370.gif","keywords":["accesorios cocina","despensa","organizaci\u00f3n cocina"],"articleSection":["Accesoires","Cuisines"],"inLanguage":"fr-FR","potentialAction":[{"@type":"CommentAction","name":"Comment","target":["https:\/\/cocinasmetodo.es\/cocinas-metodo-en-la-revista-cocinas-y-banos\/#respond"]}]},{"@type":"WebPage","@id":"https:\/\/cocinasmetodo.es\/cocinas-metodo-en-la-revista-cocinas-y-banos\/","url":"https:\/\/cocinasmetodo.es\/cocinas-metodo-en-la-revista-cocinas-y-banos\/","name":"Cocinas M\u00e9todo dans la revue Cocinas y Ba\u00f1os - m\u00e9todo","isPartOf":{"@id":"https:\/\/cocinasmetodo.es\/#website"},"primaryImageOfPage":{"@id":"https:\/\/cocinasmetodo.es\/cocinas-metodo-en-la-revista-cocinas-y-banos\/#primaryimage"},"image":{"@id":"https:\/\/cocinasmetodo.es\/cocinas-metodo-en-la-revista-cocinas-y-banos\/#primaryimage"},"thumbnailUrl":"https:\/\/cocinasmetodo.es\/wp-content\/uploads\/2021\/10\/METODO-Stories-revista-cocinas-y-banos-N370.gif","datePublished":"2021-10-20T09:26:36+00:00","dateModified":"2022-05-02T08:37:38+00:00","description":"La prestigiosa revista del sector de cocinas y ba\u00f1o, COCINAS Y BA\u00d1OS de Curt Ediciones,\u00a0presenta en su \u00faltimo n\u00famero un MUY INTERESANTE reportaje \"A FONDO\" que analiza al detalle la planificaci\u00f3n de una cocina y en la que COCINAS M\u00c9TODO tiene un espacio. Se presentan cocinas reales para casas reales porque en la revista piensan en las personas que utilizan las cocinas para su d\u00eda a d\u00eda; cocinas como las de M\u00e9todo, Daily kitchen.","breadcrumb":{"@id":"https:\/\/cocinasmetodo.es\/cocinas-metodo-en-la-revista-cocinas-y-banos\/#breadcrumb"},"inLanguage":"fr-FR","potentialAction":[{"@type":"ReadAction","target":["https:\/\/cocinasmetodo.es\/cocinas-metodo-en-la-revista-cocinas-y-banos\/"]}]},{"@type":"ImageObject","inLanguage":"fr-FR","@id":"https:\/\/cocinasmetodo.es\/cocinas-metodo-en-la-revista-cocinas-y-banos\/#primaryimage","url":"https:\/\/cocinasmetodo.es\/wp-content\/uploads\/2021\/10\/METODO-Stories-revista-cocinas-y-banos-N370.gif","contentUrl":"https:\/\/cocinasmetodo.es\/wp-content\/uploads\/2021\/10\/METODO-Stories-revista-cocinas-y-banos-N370.gif","width":810,"height":1440},{"@type":"BreadcrumbList","@id":"https:\/\/cocinasmetodo.es\/cocinas-metodo-en-la-revista-cocinas-y-banos\/#breadcrumb","itemListElement":[{"@type":"ListItem","position":1,"name":"Portada","item":"https:\/\/cocinasmetodo.es\/fr\/"},{"@type":"ListItem","position":2,"name":"Cocinas M\u00e9todo dans la revue Cocinas y Ba\u00f1os"}]},{"@type":"WebSite","@id":"https:\/\/cocinasmetodo.es\/#website","url":"https:\/\/cocinasmetodo.es\/","name":"m\u00e9todo","description":"Daily Kitchens","publisher":{"@id":"https:\/\/cocinasmetodo.es\/#organization"},"potentialAction":[{"@type":"SearchAction","target":{"@type":"EntryPoint","urlTemplate":"https:\/\/cocinasmetodo.es\/?s={search_term_string}"},"query-input":{"@type":"PropertyValueSpecification","valueRequired":true,"valueName":"search_term_string"}}],"inLanguage":"fr-FR"},{"@type":"Organization","@id":"https:\/\/cocinasmetodo.es\/#organization","name":"m\u00e9todo","url":"https:\/\/cocinasmetodo.es\/","logo":{"@type":"ImageObject","inLanguage":"fr-FR","@id":"https:\/\/cocinasmetodo.es\/#\/schema\/logo\/image\/","url":"https:\/\/cocinasmetodo.es\/wp-content\/uploads\/2021\/05\/logoweb.png","contentUrl":"https:\/\/cocinasmetodo.es\/wp-content\/uploads\/2021\/05\/logoweb.png","width":1000,"height":528,"caption":"m\u00e9todo"},"image":{"@id":"https:\/\/cocinasmetodo.es\/#\/schema\/logo\/image\/"}},{"@type":"Person","@id":"https:\/\/cocinasmetodo.es\/#\/schema\/person\/cf74899f07207d3cb6021e2e6f17241f","name":"admin","image":{"@type":"ImageObject","inLanguage":"fr-FR","@id":"https:\/\/secure.gravatar.com\/avatar\/f81daeca33be8da0842690f149bc1081f003f3840397028f3faabf244c06927a?s=96&d=mm&r=g","url":"https:\/\/secure.gravatar.com\/avatar\/f81daeca33be8da0842690f149bc1081f003f3840397028f3faabf244c06927a?s=96&d=mm&r=g","contentUrl":"https:\/\/secure.gravatar.com\/avatar\/f81daeca33be8da0842690f149bc1081f003f3840397028f3faabf244c06927a?s=96&d=mm&r=g","caption":"admin"},"sameAs":["https:\/\/cocinasmetodo.es\/website2021"]}]}},"_links":{"self":[{"href":"https:\/\/cocinasmetodo.es\/fr\/wp-json\/wp\/v2\/posts\/1810","targetHints":{"allow":["GET"]}}],"collection":[{"href":"https:\/\/cocinasmetodo.es\/fr\/wp-json\/wp\/v2\/posts"}],"about":[{"href":"https:\/\/cocinasmetodo.es\/fr\/wp-json\/wp\/v2\/types\/post"}],"author":[{"embeddable":true,"href":"https:\/\/cocinasmetodo.es\/fr\/wp-json\/wp\/v2\/users\/1"}],"replies":[{"embeddable":true,"href":"https:\/\/cocinasmetodo.es\/fr\/wp-json\/wp\/v2\/comments?post=1810"}],"version-history":[{"count":10,"href":"https:\/\/cocinasmetodo.es\/fr\/wp-json\/wp\/v2\/posts\/1810\/revisions"}],"predecessor-version":[{"id":3337,"href":"https:\/\/cocinasmetodo.es\/fr\/wp-json\/wp\/v2\/posts\/1810\/revisions\/3337"}],"wp:featuredmedia":[{"embeddable":true,"href":"https:\/\/cocinasmetodo.es\/fr\/wp-json\/wp\/v2\/media\/1521"}],"wp:attachment":[{"href":"https:\/\/cocinasmetodo.es\/fr\/wp-json\/wp\/v2\/media?parent=1810"}],"wp:term":[{"taxonomy":"category","embeddable":true,"href":"https:\/\/cocinasmetodo.es\/fr\/wp-json\/wp\/v2\/categories?post=1810"},{"taxonomy":"post_tag","embeddable":true,"href":"https:\/\/cocinasmetodo.es\/fr\/wp-json\/wp\/v2\/tags?post=1810"}],"curies":[{"name":"wp","href":"https:\/\/api.w.org\/{rel}","templated":true}]}}