{"id":1809,"date":"2021-12-09T13:52:05","date_gmt":"2021-12-09T12:52:05","guid":{"rendered":"https:\/\/cocinasmetodo.es\/?p=1809"},"modified":"2022-05-02T10:37:11","modified_gmt":"2022-05-02T08:37:11","slug":"ouvrez-la-cuisine-sur-le-sejour-et-vous-gagnerez-en-metres-et-en-lumiere","status":"publish","type":"post","link":"https:\/\/cocinasmetodo.es\/fr\/ouvrez-la-cuisine-sur-le-sejour-et-vous-gagnerez-en-metres-et-en-lumiere\/","title":{"rendered":"Ouvrez la cuisine sur le s\u00e9jour et vous gagnerez en m\u00e8tres et en lumi\u00e8re"},"content":{"rendered":"<h3>\u00ab\u00a0Est-ce fonctionnel et pratique ou juste une mode\u00a0?\u00a0\u00bb<\/h3>\n<p>La r\u00e9partition des logements a connu des changements importants ces derni\u00e8res ann\u00e9es. Il n&rsquo;est pas facile de trouver des projets de design d&rsquo;int\u00e9rieur actuels dans lesquels les espaces ne sont pas ouverts. Et le truc, c&rsquo;est que salons et cuisines s&rsquo;entrem\u00ealent, coins bureau int\u00e9gr\u00e9s aux salles \u00e0 manger, plus que jamais avec le t\u00e9l\u00e9travail \u00e0 la maison&#8230; <strong>Est-ce une mode ? Est-ce un nouveau concept de design d&rsquo;int\u00e9rieur qui est l\u00e0 pour rester ? Est-ce mieux, est-ce pire ?&#8230; Il n&rsquo;y a pas de solution unique pour concevoir les espaces car chaque personne vit diff\u00e9remment et ce sont les espaces qui doivent s&rsquo;adapter ainsi et non l&rsquo;inverse.<\/strong> La chose la plus importante est d&rsquo;\u00eatre clair sur la fa\u00e7on dont nous voulons vivre.<\/p>\n<p>La cuisine (avec la salle de bain) est pr\u00e9sent\u00e9e comme le plus grand exposant d&rsquo;une r\u00e9volution existentielle qui a pleinement affect\u00e9 le design d&rsquo;int\u00e9rieur, c&rsquo;est-\u00e0-dire la fa\u00e7on dont nous vivons. D&rsquo;\u00eatre une pi\u00e8ce \u00e0 \u00ab\u00a0cacher\u00a0\u00bb \u00e0 faire partie de salons et de salles \u00e0 manger et d&rsquo;exprimer l&rsquo;essence d&rsquo;une maison. Ce sont quelques-unes des grandes vertus que nous offre l&rsquo;ouverture de la cuisine.<\/p>\n<p>&nbsp;<\/p>\n<p><img loading=\"lazy\" decoding=\"async\" class=\"alignnone size-full wp-image-282\" src=\"https:\/\/cocinasmetodo.es\/wp-content\/uploads\/2021\/07\/metodo-cocina-modelo-602-1-scaled.jpg\" alt=\"\" width=\"2560\" height=\"1664\" srcset=\"https:\/\/cocinasmetodo.es\/wp-content\/uploads\/2021\/07\/metodo-cocina-modelo-602-1-scaled.jpg 2560w, https:\/\/cocinasmetodo.es\/wp-content\/uploads\/2021\/07\/metodo-cocina-modelo-602-1-300x195.jpg 300w, https:\/\/cocinasmetodo.es\/wp-content\/uploads\/2021\/07\/metodo-cocina-modelo-602-1-1030x670.jpg 1030w, https:\/\/cocinasmetodo.es\/wp-content\/uploads\/2021\/07\/metodo-cocina-modelo-602-1-768x499.jpg 768w, https:\/\/cocinasmetodo.es\/wp-content\/uploads\/2021\/07\/metodo-cocina-modelo-602-1-1536x998.jpg 1536w, https:\/\/cocinasmetodo.es\/wp-content\/uploads\/2021\/07\/metodo-cocina-modelo-602-1-2048x1331.jpg 2048w, https:\/\/cocinasmetodo.es\/wp-content\/uploads\/2021\/07\/metodo-cocina-modelo-602-1-1500x975.jpg 1500w, https:\/\/cocinasmetodo.es\/wp-content\/uploads\/2021\/07\/metodo-cocina-modelo-602-1-705x458.jpg 705w, https:\/\/cocinasmetodo.es\/wp-content\/uploads\/2021\/07\/metodo-cocina-modelo-602-1-scaled-600x390-600x390.jpg 600w, https:\/\/cocinasmetodo.es\/wp-content\/uploads\/2021\/07\/metodo-cocina-modelo-602-1-scaled-1200x780.jpg 1200w\" sizes=\"auto, (max-width: 2560px) 100vw, 2560px\" \/><\/p>\n<h3>PLUS DE LARGEUR, AVEC LES M\u00caMES M\u00c8TRES<\/h3>\n<p>Si vous vous lancez dans la r\u00e9forme de la cuisine et que, d\u00e9finitivement, vous la voulez plus spacieuse ; la bonne nouvelle est qu&rsquo;il n&rsquo;y a plus besoin de pieds carr\u00e9s pour y parvenir. Il s&rsquo;agit simplement de tirer des cloisons et des portes. Cela implique g\u00e9n\u00e9ralement un changement d&rsquo;apparence dans la mise en page. \u00c0 l&rsquo;exception des cas o\u00f9 la r\u00e9forme totale implique un transfert de la cuisine vers un autre espace de la maison, en supprimant simplement les murs qui entourent le hall ou le couloir, l&rsquo;apparence de la maison change radicalement.<\/p>\n<p><img loading=\"lazy\" decoding=\"async\" class=\"alignnone size-full wp-image-1096\" src=\"https:\/\/cocinasmetodo.es\/wp-content\/uploads\/2021\/10\/metodo-cocinas-abiertas-al-salon.jpg\" alt=\"\" width=\"1300\" height=\"1950\" srcset=\"https:\/\/cocinasmetodo.es\/wp-content\/uploads\/2021\/10\/metodo-cocinas-abiertas-al-salon.jpg 1300w, https:\/\/cocinasmetodo.es\/wp-content\/uploads\/2021\/10\/metodo-cocinas-abiertas-al-salon-200x300.jpg 200w, https:\/\/cocinasmetodo.es\/wp-content\/uploads\/2021\/10\/metodo-cocinas-abiertas-al-salon-687x1030.jpg 687w, https:\/\/cocinasmetodo.es\/wp-content\/uploads\/2021\/10\/metodo-cocinas-abiertas-al-salon-768x1152.jpg 768w, https:\/\/cocinasmetodo.es\/wp-content\/uploads\/2021\/10\/metodo-cocinas-abiertas-al-salon-1024x1536.jpg 1024w, https:\/\/cocinasmetodo.es\/wp-content\/uploads\/2021\/10\/metodo-cocinas-abiertas-al-salon-1000x1500.jpg 1000w, https:\/\/cocinasmetodo.es\/wp-content\/uploads\/2021\/10\/metodo-cocinas-abiertas-al-salon-470x705.jpg 470w, https:\/\/cocinasmetodo.es\/wp-content\/uploads\/2021\/10\/metodo-cocinas-abiertas-al-salon-1200x1800-1200x1800.jpg 1200w\" sizes=\"auto, (max-width: 1300px) 100vw, 1300px\" \/><\/p>\n<h3>DISTRIBUER AUTOUR DE LA LUMIERE<\/h3>\n<p>Il y a s\u00fbrement une source de lumi\u00e8re naturelle \u00e0 proximit\u00e9 ou \u00e0 l&rsquo;int\u00e9rieur de la cuisine. Donnez-lui de l&rsquo;espace et distribuez la cuisine en fonction de l&rsquo;entr\u00e9e de la lumi\u00e8re. L&rsquo;impact que ces pi\u00e8ces ouvertes peuvent avoir sur l&rsquo;augmentation de la luminosit\u00e9 et la connexion avec l&rsquo;ext\u00e9rieur est ind\u00e9niable. Essentiellement, ce concept permet \u00e0 tous les occupants de profiter d&rsquo;une magnifique lumi\u00e8re et d&rsquo;une connexion avec d&rsquo;autres espaces auparavant invisibles de la maison. Dans de nombreux projets, les m\u00eames habitants d&rsquo;une maison, lorsqu&rsquo;ils vivent l&rsquo;exp\u00e9rience de la m\u00eame maison apr\u00e8s l&rsquo;ouverture des fronti\u00e8res visuelles, disent se sentir dans un espace qui leur est \u00ab autre \u00bb.<\/p>\n<p><img loading=\"lazy\" decoding=\"async\" class=\"alignnone size-full wp-image-286\" src=\"https:\/\/cocinasmetodo.es\/wp-content\/uploads\/2021\/07\/metodo-cocina-modelo-602-5-scaled.jpg\" alt=\"\" width=\"2560\" height=\"2328\" srcset=\"https:\/\/cocinasmetodo.es\/wp-content\/uploads\/2021\/07\/metodo-cocina-modelo-602-5-scaled.jpg 2560w, https:\/\/cocinasmetodo.es\/wp-content\/uploads\/2021\/07\/metodo-cocina-modelo-602-5-300x273.jpg 300w, https:\/\/cocinasmetodo.es\/wp-content\/uploads\/2021\/07\/metodo-cocina-modelo-602-5-1030x937.jpg 1030w, https:\/\/cocinasmetodo.es\/wp-content\/uploads\/2021\/07\/metodo-cocina-modelo-602-5-768x698.jpg 768w, https:\/\/cocinasmetodo.es\/wp-content\/uploads\/2021\/07\/metodo-cocina-modelo-602-5-1536x1397.jpg 1536w, https:\/\/cocinasmetodo.es\/wp-content\/uploads\/2021\/07\/metodo-cocina-modelo-602-5-2048x1862.jpg 2048w, https:\/\/cocinasmetodo.es\/wp-content\/uploads\/2021\/07\/metodo-cocina-modelo-602-5-1500x1364.jpg 1500w, https:\/\/cocinasmetodo.es\/wp-content\/uploads\/2021\/07\/metodo-cocina-modelo-602-5-705x641.jpg 705w, https:\/\/cocinasmetodo.es\/wp-content\/uploads\/2021\/07\/metodo-cocina-modelo-602-5-scaled-600x546.jpg 600w\" sizes=\"auto, (max-width: 2560px) 100vw, 2560px\" \/><\/p>\n<h3>LES \u00ceLES AUGMENTENT LE STOCKAGE ET ORGANISENT LA CIRCULATION<\/h3>\n<p>L&rsquo;\u00eelot vous permet d&rsquo;organiser le nouveau format de cuisine. L&rsquo;\u00eelot abrite de la zone du po\u00eale \u00e0 l&rsquo;\u00e9vier, ou qui servait simplement de banc. Nous continuerons \u00e0 faire face \u00e0 un espace compl\u00e8tement ouvert et unifi\u00e9, mais l&rsquo;\u00eelot agira comme une barri\u00e8re visuelle et nous aidera \u00e0 zoner la pi\u00e8ce, r\u00e9sultant en un environnement visuellement plus propre et plus harmonieux.<\/p>\n<p><img loading=\"lazy\" decoding=\"async\" class=\"alignnone size-full wp-image-568\" src=\"https:\/\/cocinasmetodo.es\/wp-content\/uploads\/2021\/07\/metodo-fabrica-7.jpg\" alt=\"\" width=\"2000\" height=\"1259\" srcset=\"https:\/\/cocinasmetodo.es\/wp-content\/uploads\/2021\/07\/metodo-fabrica-7.jpg 2000w, https:\/\/cocinasmetodo.es\/wp-content\/uploads\/2021\/07\/metodo-fabrica-7-300x189.jpg 300w, https:\/\/cocinasmetodo.es\/wp-content\/uploads\/2021\/07\/metodo-fabrica-7-1030x648.jpg 1030w, https:\/\/cocinasmetodo.es\/wp-content\/uploads\/2021\/07\/metodo-fabrica-7-768x483.jpg 768w, https:\/\/cocinasmetodo.es\/wp-content\/uploads\/2021\/07\/metodo-fabrica-7-1536x967.jpg 1536w, https:\/\/cocinasmetodo.es\/wp-content\/uploads\/2021\/07\/metodo-fabrica-7-1500x944.jpg 1500w, https:\/\/cocinasmetodo.es\/wp-content\/uploads\/2021\/07\/metodo-fabrica-7-705x444.jpg 705w\" sizes=\"auto, (max-width: 2000px) 100vw, 2000px\" \/><\/p>\n<h3>SI VOUS OUVREZ LA CUISINE SUR LE SALON&#8230;<\/h3>\n<blockquote><p><strong>Vous agrandirez les espaces et cr\u00e9erez une continuit\u00e9 visuelle qui ajoute \u00e9galement de la luminosit\u00e9. La cuisine ne sera plus un espace dans lequel on travaille et les autres viennent \u00e0 l&rsquo;appel pour d\u00e9jeuner. Des personnes qui partagent des espaces, interagissent et communiquent. Par exemple, l&rsquo;\u00eelot de cuisine peut devenir une table parfaite o\u00f9 vous pouvez travailler avec un ordinateur portable tout en discutant avec celui qui pr\u00e9pare le d\u00eener. Ou le bar o\u00f9 vous prenez un verre de vin avec vos invit\u00e9s pendant que les d\u00e9tails d&rsquo;un repas sont en cours de finalisation. Bref, une \u00eele peut \u00eatre un bon point de rencontre dans la maison.<\/strong><\/p><\/blockquote>\n<p><strong>S\u00c9PARATION INVISIBLE ?<\/strong><\/p>\n<p>Il est courant que, lorsque nous proposons un projet de cuisine ouverte, des doutes surgissent sur d&rsquo;\u00e9ventuels d\u00e9sagr\u00e9ments li\u00e9s aux odeurs, au bruit, etc. De l&rsquo;exp\u00e9rience que nous accumulons, nous consid\u00e9rons que ces facteurs d\u00e9pendent beaucoup du type d&rsquo;espace qui va \u00eatre ouvert et du type de vie qui est men\u00e9. Si la cuisine est enti\u00e8rement expos\u00e9e et tr\u00e8s proche d&rsquo;autres zones dans lesquelles la casserole en mouvement ou le mouvement de la vaisselle est g\u00eanant, il s&rsquo;agit de cr\u00e9er des cloisons l\u00e9g\u00e8res pouvant \u00eatre ouvertes ou ferm\u00e9es telles que des portes coulissantes en verre, des demi-cloisons.. Ils offriront une ambiance tr\u00e8s chic.<\/p>\n<p>Une option interm\u00e9diaire consiste \u00e0 ne pas porter le verre du sol au plafond. Il permet de meubler cette zone et de ne pas perdre un mur. Peut-\u00eatre que vous pouvez y aller un petit buffet avec la t\u00e9l\u00e9vision ou tout autre \u00e9l\u00e9ment d\u00e9coratif que vous souhaitez.<\/p>\n<p><strong>LA D\u00c9CORATION COMPTE<\/strong><\/p>\n<p>Lors de l&rsquo;ouverture des espaces, la d\u00e9coration des chambres doit \u00eatre abord\u00e9e de mani\u00e8re unifi\u00e9e. Pour \u00e9viter les ambiances contrast\u00e9es, il est pr\u00e9f\u00e9rable d&rsquo;opter pour des solutions unificatrices, soit en utilisant la m\u00eame palette de couleurs dans les nouveaux espaces, soit avec des \u00e9l\u00e9ments communs comme le bois ou le carrelage.<\/p>\n<p>Une autre des fa\u00e7ons les plus efficaces de d\u00e9finir les environnements dans une cuisine ouverte consiste \u00e0 combiner diff\u00e9rents styles de rev\u00eatements de sol. Cela r\u00e9pondra non seulement \u00e0 des raisons de d\u00e9coration ou d&rsquo;organisation spatiale, mais aussi aux conditions d&rsquo;utilisation elles-m\u00eames. Si vous ne voulez pas renoncer \u00e0 un sol continu ou \u00e0 un bon parquet, vous pouvez \u00e9tudier la possibilit\u00e9 de carreler tout l&rsquo;espace avec l&rsquo;un des nouveaux designs en c\u00e9ramique imitation bois.<\/p>\n<p><strong>LA MEILLEURE SOLUTION POUR LA SALLE \u00c0 MANGER<\/strong><\/p>\n<p>La table devient un \u00e9l\u00e9ment cl\u00e9 dans l&rsquo;unification des espaces. Il peut \u00eatre le compl\u00e9ment d&rsquo;un bar \u00e0 petit-d\u00e9jeuner sur l&rsquo;\u00eele. De plus, la table servira \u00e9galement de bureau, d&rsquo;\u00e9tude, de zone de support de cuisine&#8230;<\/p>\n<p><img loading=\"lazy\" decoding=\"async\" class=\"alignnone size-full wp-image-1097\" src=\"https:\/\/cocinasmetodo.es\/wp-content\/uploads\/2021\/10\/metodo-cocinas-abiertas-al-salon-2.jpg\" alt=\"\" width=\"1500\" height=\"1001\" srcset=\"https:\/\/cocinasmetodo.es\/wp-content\/uploads\/2021\/10\/metodo-cocinas-abiertas-al-salon-2.jpg 1500w, https:\/\/cocinasmetodo.es\/wp-content\/uploads\/2021\/10\/metodo-cocinas-abiertas-al-salon-2-300x200.jpg 300w, https:\/\/cocinasmetodo.es\/wp-content\/uploads\/2021\/10\/metodo-cocinas-abiertas-al-salon-2-1030x687.jpg 1030w, https:\/\/cocinasmetodo.es\/wp-content\/uploads\/2021\/10\/metodo-cocinas-abiertas-al-salon-2-768x513.jpg 768w, https:\/\/cocinasmetodo.es\/wp-content\/uploads\/2021\/10\/metodo-cocinas-abiertas-al-salon-2-705x470.jpg 705w\" sizes=\"auto, (max-width: 1500px) 100vw, 1500px\" \/><\/p>\n<h6>via unsplash<\/h6>\n<p>&nbsp;<\/p>\n<hr \/>\n<div  class='avia-buttonrow-wrap av-1y6twi-3e7ea6a37514e6a4fd51ac3049db817d avia-buttonrow-center  avia-builder-el-0  avia-builder-el-no-sibling '>\n\n<style type=\"text\/css\" data-created_by=\"avia_inline_auto\" id=\"style-css-av-kwnf4ref-d3eeec7100204f0ca80f01b6bc691e05\">\n#top #wrap_all .avia-button.av-kwnf4ref-d3eeec7100204f0ca80f01b6bc691e05{\nmargin-bottom:5px;\nmargin-right:3px;\nmargin-left:3px;\n}\n<\/style>\n<a href='https:\/\/cocinasmetodo.es\/fr\/contacto\/'  class='avia-button av-kwnf4ref-d3eeec7100204f0ca80f01b6bc691e05 avia-icon_select-no avia-size-medium avia-color-theme-color'   aria-label=\"AVEZ-VOUS BESOIN D\u2019UN BUDGET ?\"><span class='avia_iconbox_title' >AVEZ-VOUS BESOIN D\u2019UN BUDGET ?<\/span><\/a>\n\n<style type=\"text\/css\" data-created_by=\"avia_inline_auto\" id=\"style-css-av-kwnf5nlq-6dbd4570cc2c7a1e56ae090b5c0c7c19\">\n#top #wrap_all .avia-button.av-kwnf5nlq-6dbd4570cc2c7a1e56ae090b5c0c7c19{\nmargin-bottom:5px;\nmargin-right:3px;\nmargin-left:3px;\n}\n<\/style>\n<a href='https:\/\/cocinasmetodo.es\/fr\/contacto\/'  class='avia-button av-kwnf5nlq-6dbd4570cc2c7a1e56ae090b5c0c7c19 avia-icon_select-no avia-size-medium avia-color-theme-color'   aria-label=\"VOUS SOUHAITEZ PUBLIER UN PROJET ?\"><span class='avia_iconbox_title' >VOUS SOUHAITEZ PUBLIER UN PROJET ?<\/span><\/a>\n\n<style type=\"text\/css\" data-created_by=\"avia_inline_auto\" id=\"style-css-av-kwnf6k50-9e8dc149f2bac61c5782f6a3b98dfa0e\">\n#top #wrap_all .avia-button.av-kwnf6k50-9e8dc149f2bac61c5782f6a3b98dfa0e{\nmargin-bottom:5px;\nmargin-right:3px;\nmargin-left:3px;\n}\n<\/style>\n<a href='https:\/\/cocinasmetodo.es\/fr\/contacto\/'  class='avia-button av-kwnf6k50-9e8dc149f2bac61c5782f6a3b98dfa0e avia-icon_select-no avia-size-medium avia-color-theme-color'   aria-label=\"VOUS VOULEZ VOIR UNE CUISINE M\u00c9TODO?\"><span class='avia_iconbox_title' >VOUS VOULEZ VOIR UNE CUISINE M\u00c9TODO?<\/span><\/a>\n<\/div>\n<p>&nbsp;<\/p>\n<hr \/>\n<p>&nbsp;<\/p>\n","protected":false},"excerpt":{"rendered":"<p>Vous agrandirez les espaces et cr\u00e9erez une continuit\u00e9 visuelle qui ajoute \u00e9galement de la luminosit\u00e9. La cuisine ne sera plus un espace dans lequel on travaille et les autres viennent \u00e0 l&rsquo;appel pour d\u00e9jeuner. Des personnes qui partagent des espaces, interagissent et communiquent. Par exemple, l&rsquo;\u00eelot de cuisine peut devenir une table parfaite o\u00f9 vous pouvez travailler avec un ordinateur portable tout en discutant avec celui qui pr\u00e9pare le d\u00eener.<\/p>\n","protected":false},"author":1,"featured_media":1508,"comment_status":"open","ping_status":"open","sticky":false,"template":"","format":"standard","meta":{"footnotes":""},"categories":[53],"tags":[74,61,62],"class_list":["post-1809","post","type-post","status-publish","format-standard","has-post-thumbnail","hentry","category-cuisines","tag-cocinas-a-medida-fr","tag-cocinas-abiertas-fr","tag-cocinas-modernas-fr"],"yoast_head":"<!-- This site is optimized with the Yoast SEO plugin v27.2 - https:\/\/yoast.com\/product\/yoast-seo-wordpress\/ -->\n<title>Ouvrez la cuisine sur le s\u00e9jour et vous gagnerez en m\u00e8tres et en lumi\u00e8re - m\u00e9todo<\/title>\n<meta name=\"description\" content=\"Vous agrandirez les espaces et cr\u00e9erez une continuit\u00e9 visuelle qui ajoute \u00e9galement de la luminosit\u00e9. La cuisine ne sera plus un espace dans lequel on travaille et les autres viennent \u00e0 l&#039;appel pour d\u00e9jeuner. Des personnes qui partagent des espaces, interagissent et communiquent. Par exemple, l&#039;\u00eelot de cuisine peut devenir une table parfaite o\u00f9 vous pouvez travailler avec un ordinateur portable tout en discutant avec celui qui pr\u00e9pare le d\u00eener.\" \/>\n<meta name=\"robots\" content=\"index, follow, max-snippet:-1, max-image-preview:large, max-video-preview:-1\" \/>\n<link rel=\"canonical\" href=\"https:\/\/cocinasmetodo.es\/abre-la-cocina-al-salon-y-ganaras-metros-y-luz\/\" \/>\n<meta property=\"og:locale\" content=\"fr_FR\" \/>\n<meta property=\"og:type\" content=\"article\" \/>\n<meta property=\"og:title\" content=\"Ouvrez la cuisine sur le s\u00e9jour et vous gagnerez en m\u00e8tres et en lumi\u00e8re - m\u00e9todo\" \/>\n<meta property=\"og:description\" content=\"Vous agrandirez les espaces et cr\u00e9erez une continuit\u00e9 visuelle qui ajoute \u00e9galement de la luminosit\u00e9. La cuisine ne sera plus un espace dans lequel on travaille et les autres viennent \u00e0 l&#039;appel pour d\u00e9jeuner. Des personnes qui partagent des espaces, interagissent et communiquent. Par exemple, l&#039;\u00eelot de cuisine peut devenir une table parfaite o\u00f9 vous pouvez travailler avec un ordinateur portable tout en discutant avec celui qui pr\u00e9pare le d\u00eener.\" \/>\n<meta property=\"og:url\" content=\"https:\/\/cocinasmetodo.es\/abre-la-cocina-al-salon-y-ganaras-metros-y-luz\/\" \/>\n<meta property=\"og:site_name\" content=\"m\u00e9todo\" \/>\n<meta property=\"article:published_time\" content=\"2021-12-09T12:52:05+00:00\" \/>\n<meta property=\"article:modified_time\" content=\"2022-05-02T08:37:11+00:00\" \/>\n<meta property=\"og:image\" content=\"https:\/\/cocinasmetodo.es\/wp-content\/uploads\/2021\/10\/metodo-cocinas-abiertas-al-salon.jpg\" \/>\n\t<meta property=\"og:image:width\" content=\"1300\" \/>\n\t<meta property=\"og:image:height\" content=\"1950\" \/>\n\t<meta property=\"og:image:type\" content=\"image\/jpeg\" \/>\n<meta name=\"author\" content=\"admin\" \/>\n<meta name=\"twitter:card\" content=\"summary_large_image\" \/>\n<meta name=\"twitter:label1\" content=\"\u00c9crit par\" \/>\n\t<meta name=\"twitter:data1\" content=\"admin\" \/>\n\t<meta name=\"twitter:label2\" content=\"Dur\u00e9e de lecture estim\u00e9e\" \/>\n\t<meta name=\"twitter:data2\" content=\"6 minutes\" \/>\n<script type=\"application\/ld+json\" class=\"yoast-schema-graph\">{\"@context\":\"https:\/\/schema.org\",\"@graph\":[{\"@type\":\"Article\",\"@id\":\"https:\/\/cocinasmetodo.es\/abre-la-cocina-al-salon-y-ganaras-metros-y-luz\/#article\",\"isPartOf\":{\"@id\":\"https:\/\/cocinasmetodo.es\/abre-la-cocina-al-salon-y-ganaras-metros-y-luz\/\"},\"author\":{\"name\":\"admin\",\"@id\":\"https:\/\/cocinasmetodo.es\/#\/schema\/person\/cf74899f07207d3cb6021e2e6f17241f\"},\"headline\":\"Ouvrez la cuisine sur le s\u00e9jour et vous gagnerez en m\u00e8tres et en lumi\u00e8re\",\"datePublished\":\"2021-12-09T12:52:05+00:00\",\"dateModified\":\"2022-05-02T08:37:11+00:00\",\"mainEntityOfPage\":{\"@id\":\"https:\/\/cocinasmetodo.es\/abre-la-cocina-al-salon-y-ganaras-metros-y-luz\/\"},\"wordCount\":1522,\"commentCount\":0,\"publisher\":{\"@id\":\"https:\/\/cocinasmetodo.es\/#organization\"},\"image\":{\"@id\":\"https:\/\/cocinasmetodo.es\/abre-la-cocina-al-salon-y-ganaras-metros-y-luz\/#primaryimage\"},\"thumbnailUrl\":\"https:\/\/cocinasmetodo.es\/wp-content\/uploads\/2021\/10\/metodo-cocinas-abiertas-al-salon.jpg\",\"keywords\":[\"cocinas a medida\",\"cocinas abiertas\",\"cocinas modernas\"],\"articleSection\":[\"Cuisines\"],\"inLanguage\":\"fr-FR\",\"potentialAction\":[{\"@type\":\"CommentAction\",\"name\":\"Comment\",\"target\":[\"https:\/\/cocinasmetodo.es\/abre-la-cocina-al-salon-y-ganaras-metros-y-luz\/#respond\"]}]},{\"@type\":\"WebPage\",\"@id\":\"https:\/\/cocinasmetodo.es\/abre-la-cocina-al-salon-y-ganaras-metros-y-luz\/\",\"url\":\"https:\/\/cocinasmetodo.es\/abre-la-cocina-al-salon-y-ganaras-metros-y-luz\/\",\"name\":\"Ouvrez la cuisine sur le s\u00e9jour et vous gagnerez en m\u00e8tres et en lumi\u00e8re - m\u00e9todo\",\"isPartOf\":{\"@id\":\"https:\/\/cocinasmetodo.es\/#website\"},\"primaryImageOfPage\":{\"@id\":\"https:\/\/cocinasmetodo.es\/abre-la-cocina-al-salon-y-ganaras-metros-y-luz\/#primaryimage\"},\"image\":{\"@id\":\"https:\/\/cocinasmetodo.es\/abre-la-cocina-al-salon-y-ganaras-metros-y-luz\/#primaryimage\"},\"thumbnailUrl\":\"https:\/\/cocinasmetodo.es\/wp-content\/uploads\/2021\/10\/metodo-cocinas-abiertas-al-salon.jpg\",\"datePublished\":\"2021-12-09T12:52:05+00:00\",\"dateModified\":\"2022-05-02T08:37:11+00:00\",\"description\":\"Vous agrandirez les espaces et cr\u00e9erez une continuit\u00e9 visuelle qui ajoute \u00e9galement de la luminosit\u00e9. La cuisine ne sera plus un espace dans lequel on travaille et les autres viennent \u00e0 l'appel pour d\u00e9jeuner. Des personnes qui partagent des espaces, interagissent et communiquent. Par exemple, l'\u00eelot de cuisine peut devenir une table parfaite o\u00f9 vous pouvez travailler avec un ordinateur portable tout en discutant avec celui qui pr\u00e9pare le d\u00eener.\",\"breadcrumb\":{\"@id\":\"https:\/\/cocinasmetodo.es\/abre-la-cocina-al-salon-y-ganaras-metros-y-luz\/#breadcrumb\"},\"inLanguage\":\"fr-FR\",\"potentialAction\":[{\"@type\":\"ReadAction\",\"target\":[\"https:\/\/cocinasmetodo.es\/abre-la-cocina-al-salon-y-ganaras-metros-y-luz\/\"]}]},{\"@type\":\"ImageObject\",\"inLanguage\":\"fr-FR\",\"@id\":\"https:\/\/cocinasmetodo.es\/abre-la-cocina-al-salon-y-ganaras-metros-y-luz\/#primaryimage\",\"url\":\"https:\/\/cocinasmetodo.es\/wp-content\/uploads\/2021\/10\/metodo-cocinas-abiertas-al-salon.jpg\",\"contentUrl\":\"https:\/\/cocinasmetodo.es\/wp-content\/uploads\/2021\/10\/metodo-cocinas-abiertas-al-salon.jpg\",\"width\":1300,\"height\":1950},{\"@type\":\"BreadcrumbList\",\"@id\":\"https:\/\/cocinasmetodo.es\/abre-la-cocina-al-salon-y-ganaras-metros-y-luz\/#breadcrumb\",\"itemListElement\":[{\"@type\":\"ListItem\",\"position\":1,\"name\":\"Portada\",\"item\":\"https:\/\/cocinasmetodo.es\/fr\/\"},{\"@type\":\"ListItem\",\"position\":2,\"name\":\"Ouvrez la cuisine sur le s\u00e9jour et vous gagnerez en m\u00e8tres et en lumi\u00e8re\"}]},{\"@type\":\"WebSite\",\"@id\":\"https:\/\/cocinasmetodo.es\/#website\",\"url\":\"https:\/\/cocinasmetodo.es\/\",\"name\":\"m\u00e9todo\",\"description\":\"Daily Kitchens\",\"publisher\":{\"@id\":\"https:\/\/cocinasmetodo.es\/#organization\"},\"potentialAction\":[{\"@type\":\"SearchAction\",\"target\":{\"@type\":\"EntryPoint\",\"urlTemplate\":\"https:\/\/cocinasmetodo.es\/?s={search_term_string}\"},\"query-input\":{\"@type\":\"PropertyValueSpecification\",\"valueRequired\":true,\"valueName\":\"search_term_string\"}}],\"inLanguage\":\"fr-FR\"},{\"@type\":\"Organization\",\"@id\":\"https:\/\/cocinasmetodo.es\/#organization\",\"name\":\"m\u00e9todo\",\"url\":\"https:\/\/cocinasmetodo.es\/\",\"logo\":{\"@type\":\"ImageObject\",\"inLanguage\":\"fr-FR\",\"@id\":\"https:\/\/cocinasmetodo.es\/#\/schema\/logo\/image\/\",\"url\":\"https:\/\/cocinasmetodo.es\/wp-content\/uploads\/2021\/05\/logoweb.png\",\"contentUrl\":\"https:\/\/cocinasmetodo.es\/wp-content\/uploads\/2021\/05\/logoweb.png\",\"width\":1000,\"height\":528,\"caption\":\"m\u00e9todo\"},\"image\":{\"@id\":\"https:\/\/cocinasmetodo.es\/#\/schema\/logo\/image\/\"}},{\"@type\":\"Person\",\"@id\":\"https:\/\/cocinasmetodo.es\/#\/schema\/person\/cf74899f07207d3cb6021e2e6f17241f\",\"name\":\"admin\",\"image\":{\"@type\":\"ImageObject\",\"inLanguage\":\"fr-FR\",\"@id\":\"https:\/\/secure.gravatar.com\/avatar\/f81daeca33be8da0842690f149bc1081f003f3840397028f3faabf244c06927a?s=96&d=mm&r=g\",\"url\":\"https:\/\/secure.gravatar.com\/avatar\/f81daeca33be8da0842690f149bc1081f003f3840397028f3faabf244c06927a?s=96&d=mm&r=g\",\"contentUrl\":\"https:\/\/secure.gravatar.com\/avatar\/f81daeca33be8da0842690f149bc1081f003f3840397028f3faabf244c06927a?s=96&d=mm&r=g\",\"caption\":\"admin\"},\"sameAs\":[\"https:\/\/cocinasmetodo.es\/website2021\"]}]}<\/script>\n<!-- \/ Yoast SEO plugin. -->","yoast_head_json":{"title":"Ouvrez la cuisine sur le s\u00e9jour et vous gagnerez en m\u00e8tres et en lumi\u00e8re - m\u00e9todo","description":"Vous agrandirez les espaces et cr\u00e9erez une continuit\u00e9 visuelle qui ajoute \u00e9galement de la luminosit\u00e9. La cuisine ne sera plus un espace dans lequel on travaille et les autres viennent \u00e0 l'appel pour d\u00e9jeuner. Des personnes qui partagent des espaces, interagissent et communiquent. Par exemple, l'\u00eelot de cuisine peut devenir une table parfaite o\u00f9 vous pouvez travailler avec un ordinateur portable tout en discutant avec celui qui pr\u00e9pare le d\u00eener.","robots":{"index":"index","follow":"follow","max-snippet":"max-snippet:-1","max-image-preview":"max-image-preview:large","max-video-preview":"max-video-preview:-1"},"canonical":"https:\/\/cocinasmetodo.es\/abre-la-cocina-al-salon-y-ganaras-metros-y-luz\/","og_locale":"fr_FR","og_type":"article","og_title":"Ouvrez la cuisine sur le s\u00e9jour et vous gagnerez en m\u00e8tres et en lumi\u00e8re - m\u00e9todo","og_description":"Vous agrandirez les espaces et cr\u00e9erez une continuit\u00e9 visuelle qui ajoute \u00e9galement de la luminosit\u00e9. La cuisine ne sera plus un espace dans lequel on travaille et les autres viennent \u00e0 l'appel pour d\u00e9jeuner. Des personnes qui partagent des espaces, interagissent et communiquent. Par exemple, l'\u00eelot de cuisine peut devenir une table parfaite o\u00f9 vous pouvez travailler avec un ordinateur portable tout en discutant avec celui qui pr\u00e9pare le d\u00eener.","og_url":"https:\/\/cocinasmetodo.es\/abre-la-cocina-al-salon-y-ganaras-metros-y-luz\/","og_site_name":"m\u00e9todo","article_published_time":"2021-12-09T12:52:05+00:00","article_modified_time":"2022-05-02T08:37:11+00:00","og_image":[{"width":1300,"height":1950,"url":"https:\/\/cocinasmetodo.es\/wp-content\/uploads\/2021\/10\/metodo-cocinas-abiertas-al-salon.jpg","type":"image\/jpeg"}],"author":"admin","twitter_card":"summary_large_image","twitter_misc":{"\u00c9crit par":"admin","Dur\u00e9e de lecture estim\u00e9e":"6 minutes"},"schema":{"@context":"https:\/\/schema.org","@graph":[{"@type":"Article","@id":"https:\/\/cocinasmetodo.es\/abre-la-cocina-al-salon-y-ganaras-metros-y-luz\/#article","isPartOf":{"@id":"https:\/\/cocinasmetodo.es\/abre-la-cocina-al-salon-y-ganaras-metros-y-luz\/"},"author":{"name":"admin","@id":"https:\/\/cocinasmetodo.es\/#\/schema\/person\/cf74899f07207d3cb6021e2e6f17241f"},"headline":"Ouvrez la cuisine sur le s\u00e9jour et vous gagnerez en m\u00e8tres et en lumi\u00e8re","datePublished":"2021-12-09T12:52:05+00:00","dateModified":"2022-05-02T08:37:11+00:00","mainEntityOfPage":{"@id":"https:\/\/cocinasmetodo.es\/abre-la-cocina-al-salon-y-ganaras-metros-y-luz\/"},"wordCount":1522,"commentCount":0,"publisher":{"@id":"https:\/\/cocinasmetodo.es\/#organization"},"image":{"@id":"https:\/\/cocinasmetodo.es\/abre-la-cocina-al-salon-y-ganaras-metros-y-luz\/#primaryimage"},"thumbnailUrl":"https:\/\/cocinasmetodo.es\/wp-content\/uploads\/2021\/10\/metodo-cocinas-abiertas-al-salon.jpg","keywords":["cocinas a medida","cocinas abiertas","cocinas modernas"],"articleSection":["Cuisines"],"inLanguage":"fr-FR","potentialAction":[{"@type":"CommentAction","name":"Comment","target":["https:\/\/cocinasmetodo.es\/abre-la-cocina-al-salon-y-ganaras-metros-y-luz\/#respond"]}]},{"@type":"WebPage","@id":"https:\/\/cocinasmetodo.es\/abre-la-cocina-al-salon-y-ganaras-metros-y-luz\/","url":"https:\/\/cocinasmetodo.es\/abre-la-cocina-al-salon-y-ganaras-metros-y-luz\/","name":"Ouvrez la cuisine sur le s\u00e9jour et vous gagnerez en m\u00e8tres et en lumi\u00e8re - m\u00e9todo","isPartOf":{"@id":"https:\/\/cocinasmetodo.es\/#website"},"primaryImageOfPage":{"@id":"https:\/\/cocinasmetodo.es\/abre-la-cocina-al-salon-y-ganaras-metros-y-luz\/#primaryimage"},"image":{"@id":"https:\/\/cocinasmetodo.es\/abre-la-cocina-al-salon-y-ganaras-metros-y-luz\/#primaryimage"},"thumbnailUrl":"https:\/\/cocinasmetodo.es\/wp-content\/uploads\/2021\/10\/metodo-cocinas-abiertas-al-salon.jpg","datePublished":"2021-12-09T12:52:05+00:00","dateModified":"2022-05-02T08:37:11+00:00","description":"Vous agrandirez les espaces et cr\u00e9erez une continuit\u00e9 visuelle qui ajoute \u00e9galement de la luminosit\u00e9. La cuisine ne sera plus un espace dans lequel on travaille et les autres viennent \u00e0 l'appel pour d\u00e9jeuner. Des personnes qui partagent des espaces, interagissent et communiquent. Par exemple, l'\u00eelot de cuisine peut devenir une table parfaite o\u00f9 vous pouvez travailler avec un ordinateur portable tout en discutant avec celui qui pr\u00e9pare le d\u00eener.","breadcrumb":{"@id":"https:\/\/cocinasmetodo.es\/abre-la-cocina-al-salon-y-ganaras-metros-y-luz\/#breadcrumb"},"inLanguage":"fr-FR","potentialAction":[{"@type":"ReadAction","target":["https:\/\/cocinasmetodo.es\/abre-la-cocina-al-salon-y-ganaras-metros-y-luz\/"]}]},{"@type":"ImageObject","inLanguage":"fr-FR","@id":"https:\/\/cocinasmetodo.es\/abre-la-cocina-al-salon-y-ganaras-metros-y-luz\/#primaryimage","url":"https:\/\/cocinasmetodo.es\/wp-content\/uploads\/2021\/10\/metodo-cocinas-abiertas-al-salon.jpg","contentUrl":"https:\/\/cocinasmetodo.es\/wp-content\/uploads\/2021\/10\/metodo-cocinas-abiertas-al-salon.jpg","width":1300,"height":1950},{"@type":"BreadcrumbList","@id":"https:\/\/cocinasmetodo.es\/abre-la-cocina-al-salon-y-ganaras-metros-y-luz\/#breadcrumb","itemListElement":[{"@type":"ListItem","position":1,"name":"Portada","item":"https:\/\/cocinasmetodo.es\/fr\/"},{"@type":"ListItem","position":2,"name":"Ouvrez la cuisine sur le s\u00e9jour et vous gagnerez en m\u00e8tres et en lumi\u00e8re"}]},{"@type":"WebSite","@id":"https:\/\/cocinasmetodo.es\/#website","url":"https:\/\/cocinasmetodo.es\/","name":"m\u00e9todo","description":"Daily Kitchens","publisher":{"@id":"https:\/\/cocinasmetodo.es\/#organization"},"potentialAction":[{"@type":"SearchAction","target":{"@type":"EntryPoint","urlTemplate":"https:\/\/cocinasmetodo.es\/?s={search_term_string}"},"query-input":{"@type":"PropertyValueSpecification","valueRequired":true,"valueName":"search_term_string"}}],"inLanguage":"fr-FR"},{"@type":"Organization","@id":"https:\/\/cocinasmetodo.es\/#organization","name":"m\u00e9todo","url":"https:\/\/cocinasmetodo.es\/","logo":{"@type":"ImageObject","inLanguage":"fr-FR","@id":"https:\/\/cocinasmetodo.es\/#\/schema\/logo\/image\/","url":"https:\/\/cocinasmetodo.es\/wp-content\/uploads\/2021\/05\/logoweb.png","contentUrl":"https:\/\/cocinasmetodo.es\/wp-content\/uploads\/2021\/05\/logoweb.png","width":1000,"height":528,"caption":"m\u00e9todo"},"image":{"@id":"https:\/\/cocinasmetodo.es\/#\/schema\/logo\/image\/"}},{"@type":"Person","@id":"https:\/\/cocinasmetodo.es\/#\/schema\/person\/cf74899f07207d3cb6021e2e6f17241f","name":"admin","image":{"@type":"ImageObject","inLanguage":"fr-FR","@id":"https:\/\/secure.gravatar.com\/avatar\/f81daeca33be8da0842690f149bc1081f003f3840397028f3faabf244c06927a?s=96&d=mm&r=g","url":"https:\/\/secure.gravatar.com\/avatar\/f81daeca33be8da0842690f149bc1081f003f3840397028f3faabf244c06927a?s=96&d=mm&r=g","contentUrl":"https:\/\/secure.gravatar.com\/avatar\/f81daeca33be8da0842690f149bc1081f003f3840397028f3faabf244c06927a?s=96&d=mm&r=g","caption":"admin"},"sameAs":["https:\/\/cocinasmetodo.es\/website2021"]}]}},"_links":{"self":[{"href":"https:\/\/cocinasmetodo.es\/fr\/wp-json\/wp\/v2\/posts\/1809","targetHints":{"allow":["GET"]}}],"collection":[{"href":"https:\/\/cocinasmetodo.es\/fr\/wp-json\/wp\/v2\/posts"}],"about":[{"href":"https:\/\/cocinasmetodo.es\/fr\/wp-json\/wp\/v2\/types\/post"}],"author":[{"embeddable":true,"href":"https:\/\/cocinasmetodo.es\/fr\/wp-json\/wp\/v2\/users\/1"}],"replies":[{"embeddable":true,"href":"https:\/\/cocinasmetodo.es\/fr\/wp-json\/wp\/v2\/comments?post=1809"}],"version-history":[{"count":3,"href":"https:\/\/cocinasmetodo.es\/fr\/wp-json\/wp\/v2\/posts\/1809\/revisions"}],"predecessor-version":[{"id":2040,"href":"https:\/\/cocinasmetodo.es\/fr\/wp-json\/wp\/v2\/posts\/1809\/revisions\/2040"}],"wp:featuredmedia":[{"embeddable":true,"href":"https:\/\/cocinasmetodo.es\/fr\/wp-json\/wp\/v2\/media\/1508"}],"wp:attachment":[{"href":"https:\/\/cocinasmetodo.es\/fr\/wp-json\/wp\/v2\/media?parent=1809"}],"wp:term":[{"taxonomy":"category","embeddable":true,"href":"https:\/\/cocinasmetodo.es\/fr\/wp-json\/wp\/v2\/categories?post=1809"},{"taxonomy":"post_tag","embeddable":true,"href":"https:\/\/cocinasmetodo.es\/fr\/wp-json\/wp\/v2\/tags?post=1809"}],"curies":[{"name":"wp","href":"https:\/\/api.w.org\/{rel}","templated":true}]}}