{"id":13049,"date":"2025-03-11T12:49:46","date_gmt":"2025-03-11T11:49:46","guid":{"rendered":"https:\/\/cocinasmetodo.es\/?p=13049"},"modified":"2025-03-11T12:49:46","modified_gmt":"2025-03-11T11:49:46","slug":"des-solutions-pratiques-pour-une-cuisine-plus-fonctionnelle","status":"publish","type":"post","link":"https:\/\/cocinasmetodo.es\/fr\/des-solutions-pratiques-pour-une-cuisine-plus-fonctionnelle\/","title":{"rendered":"Des solutions pratiques pour une cuisine plus fonctionnelle"},"content":{"rendered":"<h3>\u00abDilemmes courants lors de l&rsquo;organisation des tiroirs et des \u00e9tag\u00e8res dans la cuisine\u00bb<\/h3>\n<p>La cuisine est l&rsquo;un des espaces les plus fr\u00e9quent\u00e9s de la maison et son organisation est essentielle pour optimiser le temps et les ressources au quotidien. Cependant, l&rsquo;un des dilemmes les plus fr\u00e9quents est de savoir comment organiser efficacement tous ces ustensiles, casseroles, po\u00eales, \u00e9pices et outils de cuisine. Comment obtenir un espace o\u00f9 chaque chose a sa place et est facile d&rsquo;acc\u00e8s ?<br \/>\nder?<\/p>\n<blockquote><p><strong>Chez M\u00e9todo, nous savons que design et fonctionnalit\u00e9 vont de pair, c&rsquo;est pourquoi nous proposons des solutions innovantes qui non seulement organisent, mais aussi facilitent l&rsquo;utilisation quotidienne de la cuisine.<br \/>\n<\/strong><\/p><\/blockquote>\n<p>Voici quelques-unes de nos propositions les plus remarquables qui changeront la fa\u00e7on dont vous utilisez votre cuisine.<\/p>\n<p><img loading=\"lazy\" decoding=\"async\" class=\"alignnone size-full wp-image-12553\" src=\"https:\/\/cocinasmetodo.es\/wp-content\/uploads\/2025\/01\/metodo-cocina-modelo-156-157-2.jpg\" alt=\"\" width=\"2000\" height=\"1778\" srcset=\"https:\/\/cocinasmetodo.es\/wp-content\/uploads\/2025\/01\/metodo-cocina-modelo-156-157-2.jpg 2000w, https:\/\/cocinasmetodo.es\/wp-content\/uploads\/2025\/01\/metodo-cocina-modelo-156-157-2-300x267.jpg 300w, https:\/\/cocinasmetodo.es\/wp-content\/uploads\/2025\/01\/metodo-cocina-modelo-156-157-2-1030x916.jpg 1030w, https:\/\/cocinasmetodo.es\/wp-content\/uploads\/2025\/01\/metodo-cocina-modelo-156-157-2-768x683.jpg 768w, https:\/\/cocinasmetodo.es\/wp-content\/uploads\/2025\/01\/metodo-cocina-modelo-156-157-2-1536x1366.jpg 1536w, https:\/\/cocinasmetodo.es\/wp-content\/uploads\/2025\/01\/metodo-cocina-modelo-156-157-2-1500x1334.jpg 1500w, https:\/\/cocinasmetodo.es\/wp-content\/uploads\/2025\/01\/metodo-cocina-modelo-156-157-2-705x627.jpg 705w, https:\/\/cocinasmetodo.es\/wp-content\/uploads\/2025\/01\/metodo-cocina-modelo-156-157-2-1020x907-1020x907.jpg 1020w\" sizes=\"auto, (max-width: 2000px) 100vw, 2000px\" \/><\/p>\n<h3>Plateaux \u00e0 couverts en ch\u00eane<\/h3>\n<p>Notre nouveau mod\u00e8le de range-couverts en <strong>bois de ch\u00eane constitue une solution pratique et \u00e9l\u00e9gante<\/strong> pour l&rsquo;organisation des couverts dans la cuisine. Il est \u00e9quip\u00e9 d&rsquo;un tapis noir rigide qui assure la stabilit\u00e9 et s&rsquo;adapte aux dimensions sp\u00e9ciales. Son design \u00e9l\u00e9gant s&rsquo;int\u00e8gre parfaitement dans toute cuisine moderne, rendant l&rsquo;organisation de vos couverts plus que fonctionnelle, c&rsquo;est un v\u00e9ritable bijou.<\/p>\n<div  class='avia-button-wrap avia-button-center  avia-builder-el-0  el_before_av_horizontal_gallery  avia-builder-el-first '>\n<style type=\"text\/css\" data-created_by=\"avia_inline_auto\" id=\"style-css-av-1l6vcrl-d939ae8c3aec238c2d756ca09e0379d0\">\n#top #wrap_all .avia-button.av-1l6vcrl-d939ae8c3aec238c2d756ca09e0379d0:hover{\ncolor:white;\ntransition:all 0.4s ease-in-out;\n}\n#top #wrap_all .avia-button.av-1l6vcrl-d939ae8c3aec238c2d756ca09e0379d0:hover .avia-svg-icon svg:first-child{\nfill:white;\nstroke:white;\n}\n<\/style>\n<a href='https:\/\/cocinasmetodo.es\/accesorios\/' class='avia-color-theme-color avia-font-color-theme-color avia-button avia-button-fullwidth av-1l6vcrl-d939ae8c3aec238c2d756ca09e0379d0 avia-icon_select-no avia-color-theme-color'   aria-label=\"Voir les accessoires\"><span class='avia_iconbox_title' >Voir les accessoires<\/span><span class='avia_button_background avia-button avia-button-fullwidth avia-color-theme-color-highlight'><\/span><\/a><\/div>\n<p>&nbsp;<\/p>\n\n<style type=\"text\/css\" data-created_by=\"avia_inline_auto\" id=\"style-css-av-qjek69-9c6a640c7e252794589deffa99d9d449\">\n.av-horizontal-gallery.av-qjek69-9c6a640c7e252794589deffa99d9d449 .av-horizontal-gallery-inner{\npadding-bottom:25%;\n}\n<\/style>\n<div  class='av-horizontal-gallery av-qjek69-9c6a640c7e252794589deffa99d9d449 av-horizontal-gallery-1px-gap av-horizontal-gallery--effect  avia-builder-el-1  el_after_av_button_big  el_before_av_one_half  av-slideshow-ui av-control-default av-slideshow-autoplay av-loop-endless av-loop-manual-once av-horizontal-gallery-1' data-slideshow-data=\"{&quot;animation&quot;:&quot;slide&quot;,&quot;autoplay&quot;:true,&quot;loop_autoplay&quot;:&quot;endless&quot;,&quot;interval&quot;:4,&quot;loop_manual&quot;:&quot;manual-once&quot;,&quot;autoplay_stopper&quot;:false,&quot;noNavigation&quot;:false,&quot;bg_slider&quot;:false,&quot;keep_padding&quot;:&quot;&quot;,&quot;hoverpause&quot;:false,&quot;show_slide_delay&quot;:0}\"  itemprop=\"image\" itemscope=\"itemscope\" itemtype=\"https:\/\/schema.org\/ImageObject\" ><div class='avia-slideshow-arrows avia-slideshow-controls' ><a href='#prev' class='prev-slide av-horizontal-gallery-prev avia-svg-icon avia-font-svg_entypo-fontello' data-av_svg_icon='left-open-big' data-av_iconset='svg_entypo-fontello' tabindex='-1' title=\"Pr\u00e9c\u00e9dent\"><svg version=\"1.1\" xmlns=\"http:\/\/www.w3.org\/2000\/svg\" width=\"15\" height=\"32\" viewBox=\"0 0 15 32\" preserveAspectRatio=\"xMidYMid meet\" aria-labelledby='av-svg-title-1' aria-describedby='av-svg-desc-1' role=\"graphics-symbol\" aria-hidden=\"true\">\n<title id='av-svg-title-1'>Pr\u00e9c\u00e9dent<\/title>\n<desc id='av-svg-desc-1'>Pr\u00e9c\u00e9dent<\/desc>\n<path d=\"M14.464 27.84q0.832 0.832 0 1.536-0.832 0.832-1.536 0l-12.544-12.608q-0.768-0.768 0-1.6l12.544-12.608q0.704-0.832 1.536 0 0.832 0.704 0 1.536l-11.456 11.904z\"><\/path>\n<\/svg><span class='avia_hidden_link_text'>Pr\u00e9c\u00e9dent<\/span><\/a><a href='#next' class='next-slide av-horizontal-gallery-next avia-svg-icon avia-font-svg_entypo-fontello' data-av_svg_icon='right-open-big' data-av_iconset='svg_entypo-fontello' tabindex='-1' title=\"Suivant\"><svg version=\"1.1\" xmlns=\"http:\/\/www.w3.org\/2000\/svg\" width=\"15\" height=\"32\" viewBox=\"0 0 15 32\" preserveAspectRatio=\"xMidYMid meet\" aria-labelledby='av-svg-title-2' aria-describedby='av-svg-desc-2' role=\"graphics-symbol\" aria-hidden=\"true\">\n<title id='av-svg-title-2'>Suivant<\/title>\n<desc id='av-svg-desc-2'>Suivant<\/desc>\n<path d=\"M0.416 27.84l11.456-11.84-11.456-11.904q-0.832-0.832 0-1.536 0.832-0.832 1.536 0l12.544 12.608q0.768 0.832 0 1.6l-12.544 12.608q-0.704 0.832-1.536 0-0.832-0.704 0-1.536z\"><\/path>\n<\/svg><span class='avia_hidden_link_text'>Suivant<\/span><\/a><\/div><div class='avia-slideshow-dots avia-slideshow-controls av-horizontal-gallery-dots fade-in'><a href='#1' class='goto-slide active' >1<\/a><a href='#2' class='goto-slide ' >2<\/a><a href='#3' class='goto-slide ' >3<\/a><\/div><div class='av-horizontal-gallery-inner' data-av-height='25'><div class=\"av-horizontal-gallery-slider\"><div class=\"av-horizontal-gallery-wrap noHover\"><img decoding=\"async\" fetchpriority=\"high\" class='wp-image-9637 avia-img-lazy-loading-not-9637 av-horizontal-gallery-img' width=\"2000\" height=\"1500\" src=\"https:\/\/cocinasmetodo.es\/wp-content\/uploads\/2024\/04\/metodo-mod-315-grafito-4.jpg\" title='metodo-mod-315-grafito-4' alt='' srcset=\"https:\/\/cocinasmetodo.es\/wp-content\/uploads\/2024\/04\/metodo-mod-315-grafito-4.jpg 2000w, https:\/\/cocinasmetodo.es\/wp-content\/uploads\/2024\/04\/metodo-mod-315-grafito-4-300x225.jpg 300w, https:\/\/cocinasmetodo.es\/wp-content\/uploads\/2024\/04\/metodo-mod-315-grafito-4-1030x773.jpg 1030w, https:\/\/cocinasmetodo.es\/wp-content\/uploads\/2024\/04\/metodo-mod-315-grafito-4-768x576.jpg 768w, https:\/\/cocinasmetodo.es\/wp-content\/uploads\/2024\/04\/metodo-mod-315-grafito-4-1536x1152.jpg 1536w, https:\/\/cocinasmetodo.es\/wp-content\/uploads\/2024\/04\/metodo-mod-315-grafito-4-1500x1125.jpg 1500w, https:\/\/cocinasmetodo.es\/wp-content\/uploads\/2024\/04\/metodo-mod-315-grafito-4-705x529.jpg 705w\" sizes=\"(max-width: 2000px) 100vw, 2000px\" \/><a href=\"https:\/\/cocinasmetodo.es\/wp-content\/uploads\/2024\/04\/metodo-mod-315-grafito-4-1030x773.jpg\" data-srcset=\"https:\/\/cocinasmetodo.es\/wp-content\/uploads\/2024\/04\/metodo-mod-315-grafito-4-1030x773.jpg 1030w, https:\/\/cocinasmetodo.es\/wp-content\/uploads\/2024\/04\/metodo-mod-315-grafito-4-300x225.jpg 300w, https:\/\/cocinasmetodo.es\/wp-content\/uploads\/2024\/04\/metodo-mod-315-grafito-4-768x576.jpg 768w, https:\/\/cocinasmetodo.es\/wp-content\/uploads\/2024\/04\/metodo-mod-315-grafito-4-1536x1152.jpg 1536w, https:\/\/cocinasmetodo.es\/wp-content\/uploads\/2024\/04\/metodo-mod-315-grafito-4-1500x1125.jpg 1500w, https:\/\/cocinasmetodo.es\/wp-content\/uploads\/2024\/04\/metodo-mod-315-grafito-4-705x529.jpg 705w, https:\/\/cocinasmetodo.es\/wp-content\/uploads\/2024\/04\/metodo-mod-315-grafito-4.jpg 2000w\" data-sizes=\"(max-width: 1030px) 100vw, 1030px\" class='av-horizontal-gallery-link avia-svg-icon avia-font-svg_entypo-fontello' data-av_svg_icon='resize-full' data-av_iconset='svg_entypo-fontello' title='metodo-mod-315-grafito-4' alt='' aria-label='Ouvrir l\u2019image dans une Lightbox: metodo-mod-315-grafito-4'><svg version=\"1.1\" xmlns=\"http:\/\/www.w3.org\/2000\/svg\" width=\"25\" height=\"32\" viewBox=\"0 0 25 32\" preserveAspectRatio=\"xMidYMid meet\" aria-labelledby='av-svg-title-3' aria-describedby='av-svg-desc-3' role=\"graphics-symbol\" aria-hidden=\"true\">\n<title id='av-svg-title-3'>Ouvrir l\u2019image dans une Lightbox: metodo-mod-315-grafito-4<\/title>\n<desc id='av-svg-desc-3'>Ouvrir l\u2019image dans une Lightbox: metodo-mod-315-grafito-4<\/desc>\n<path d=\"M15.232 3.328h10.112v10.112l-3.2-3.968-4.672 4.864-3.2-3.2 4.864-4.672zM7.872 17.536l3.2 3.2-4.864 4.672 3.904 3.2h-10.112v-10.112l3.2 3.904z\"><\/path>\n<\/svg><\/a><\/div><div class=\"av-horizontal-gallery-wrap noHover\"><img decoding=\"async\" fetchpriority=\"high\" class='wp-image-5336 avia-img-lazy-loading-not-5336 av-horizontal-gallery-img' width=\"2000\" height=\"1500\" src=\"https:\/\/cocinasmetodo.es\/wp-content\/uploads\/2023\/03\/metodo-cocina-modelo-670-4.jpg\" title='metodo-cocina-modelo-670-4' alt='' srcset=\"https:\/\/cocinasmetodo.es\/wp-content\/uploads\/2023\/03\/metodo-cocina-modelo-670-4.jpg 2000w, https:\/\/cocinasmetodo.es\/wp-content\/uploads\/2023\/03\/metodo-cocina-modelo-670-4-300x225.jpg 300w, https:\/\/cocinasmetodo.es\/wp-content\/uploads\/2023\/03\/metodo-cocina-modelo-670-4-1030x773.jpg 1030w, https:\/\/cocinasmetodo.es\/wp-content\/uploads\/2023\/03\/metodo-cocina-modelo-670-4-768x576.jpg 768w, https:\/\/cocinasmetodo.es\/wp-content\/uploads\/2023\/03\/metodo-cocina-modelo-670-4-1536x1152.jpg 1536w, https:\/\/cocinasmetodo.es\/wp-content\/uploads\/2023\/03\/metodo-cocina-modelo-670-4-1500x1125.jpg 1500w, https:\/\/cocinasmetodo.es\/wp-content\/uploads\/2023\/03\/metodo-cocina-modelo-670-4-705x529.jpg 705w\" sizes=\"(max-width: 2000px) 100vw, 2000px\" \/><a href=\"https:\/\/cocinasmetodo.es\/wp-content\/uploads\/2023\/03\/metodo-cocina-modelo-670-4-1030x773.jpg\" data-srcset=\"https:\/\/cocinasmetodo.es\/wp-content\/uploads\/2023\/03\/metodo-cocina-modelo-670-4-1030x773.jpg 1030w, https:\/\/cocinasmetodo.es\/wp-content\/uploads\/2023\/03\/metodo-cocina-modelo-670-4-300x225.jpg 300w, https:\/\/cocinasmetodo.es\/wp-content\/uploads\/2023\/03\/metodo-cocina-modelo-670-4-768x576.jpg 768w, https:\/\/cocinasmetodo.es\/wp-content\/uploads\/2023\/03\/metodo-cocina-modelo-670-4-1536x1152.jpg 1536w, https:\/\/cocinasmetodo.es\/wp-content\/uploads\/2023\/03\/metodo-cocina-modelo-670-4-1500x1125.jpg 1500w, https:\/\/cocinasmetodo.es\/wp-content\/uploads\/2023\/03\/metodo-cocina-modelo-670-4-705x529.jpg 705w, https:\/\/cocinasmetodo.es\/wp-content\/uploads\/2023\/03\/metodo-cocina-modelo-670-4.jpg 2000w\" data-sizes=\"(max-width: 1030px) 100vw, 1030px\" class='av-horizontal-gallery-link avia-svg-icon avia-font-svg_entypo-fontello' data-av_svg_icon='resize-full' data-av_iconset='svg_entypo-fontello' title='metodo-cocina-modelo-670-4' alt='' aria-label='Ouvrir l\u2019image dans une Lightbox: metodo-cocina-modelo-670-4'><svg version=\"1.1\" xmlns=\"http:\/\/www.w3.org\/2000\/svg\" width=\"25\" height=\"32\" viewBox=\"0 0 25 32\" preserveAspectRatio=\"xMidYMid meet\" aria-labelledby='av-svg-title-4' aria-describedby='av-svg-desc-4' role=\"graphics-symbol\" aria-hidden=\"true\">\n<title id='av-svg-title-4'>Ouvrir l\u2019image dans une Lightbox: metodo-cocina-modelo-670-4<\/title>\n<desc id='av-svg-desc-4'>Ouvrir l\u2019image dans une Lightbox: metodo-cocina-modelo-670-4<\/desc>\n<path d=\"M15.232 3.328h10.112v10.112l-3.2-3.968-4.672 4.864-3.2-3.2 4.864-4.672zM7.872 17.536l3.2 3.2-4.864 4.672 3.904 3.2h-10.112v-10.112l3.2 3.904z\"><\/path>\n<\/svg><\/a><\/div><div class=\"av-horizontal-gallery-wrap noHover\"><img decoding=\"async\" fetchpriority=\"high\" class='wp-image-3741 avia-img-lazy-loading-not-3741 av-horizontal-gallery-img' width=\"1920\" height=\"1280\" src=\"https:\/\/cocinasmetodo.es\/wp-content\/uploads\/2022\/07\/LIC_Cocinas_Metodo_1920px_35.jpg\" title='LIC_Cocinas_Metodo_1920px_35' alt='' srcset=\"https:\/\/cocinasmetodo.es\/wp-content\/uploads\/2022\/07\/LIC_Cocinas_Metodo_1920px_35.jpg 1920w, https:\/\/cocinasmetodo.es\/wp-content\/uploads\/2022\/07\/LIC_Cocinas_Metodo_1920px_35-300x200.jpg 300w, https:\/\/cocinasmetodo.es\/wp-content\/uploads\/2022\/07\/LIC_Cocinas_Metodo_1920px_35-1030x687.jpg 1030w, https:\/\/cocinasmetodo.es\/wp-content\/uploads\/2022\/07\/LIC_Cocinas_Metodo_1920px_35-768x512.jpg 768w, https:\/\/cocinasmetodo.es\/wp-content\/uploads\/2022\/07\/LIC_Cocinas_Metodo_1920px_35-1536x1024.jpg 1536w, https:\/\/cocinasmetodo.es\/wp-content\/uploads\/2022\/07\/LIC_Cocinas_Metodo_1920px_35-1500x1000.jpg 1500w, https:\/\/cocinasmetodo.es\/wp-content\/uploads\/2022\/07\/LIC_Cocinas_Metodo_1920px_35-705x470.jpg 705w\" sizes=\"(max-width: 1920px) 100vw, 1920px\" \/><a href=\"https:\/\/cocinasmetodo.es\/wp-content\/uploads\/2022\/07\/LIC_Cocinas_Metodo_1920px_35-1030x687.jpg\" data-srcset=\"https:\/\/cocinasmetodo.es\/wp-content\/uploads\/2022\/07\/LIC_Cocinas_Metodo_1920px_35-1030x687.jpg 1030w, https:\/\/cocinasmetodo.es\/wp-content\/uploads\/2022\/07\/LIC_Cocinas_Metodo_1920px_35-300x200.jpg 300w, https:\/\/cocinasmetodo.es\/wp-content\/uploads\/2022\/07\/LIC_Cocinas_Metodo_1920px_35-768x512.jpg 768w, https:\/\/cocinasmetodo.es\/wp-content\/uploads\/2022\/07\/LIC_Cocinas_Metodo_1920px_35-1536x1024.jpg 1536w, https:\/\/cocinasmetodo.es\/wp-content\/uploads\/2022\/07\/LIC_Cocinas_Metodo_1920px_35-1500x1000.jpg 1500w, https:\/\/cocinasmetodo.es\/wp-content\/uploads\/2022\/07\/LIC_Cocinas_Metodo_1920px_35-705x470.jpg 705w, https:\/\/cocinasmetodo.es\/wp-content\/uploads\/2022\/07\/LIC_Cocinas_Metodo_1920px_35.jpg 1920w\" data-sizes=\"(max-width: 1030px) 100vw, 1030px\" class='av-horizontal-gallery-link avia-svg-icon avia-font-svg_entypo-fontello' data-av_svg_icon='resize-full' data-av_iconset='svg_entypo-fontello' title='LIC_Cocinas_Metodo_1920px_35' alt='' aria-label='Ouvrir l\u2019image dans une Lightbox: LIC_Cocinas_Metodo_1920px_35'><svg version=\"1.1\" xmlns=\"http:\/\/www.w3.org\/2000\/svg\" width=\"25\" height=\"32\" viewBox=\"0 0 25 32\" preserveAspectRatio=\"xMidYMid meet\" aria-labelledby='av-svg-title-5' aria-describedby='av-svg-desc-5' role=\"graphics-symbol\" aria-hidden=\"true\">\n<title id='av-svg-title-5'>Ouvrir l\u2019image dans une Lightbox: LIC_Cocinas_Metodo_1920px_35<\/title>\n<desc id='av-svg-desc-5'>Ouvrir l\u2019image dans une Lightbox: LIC_Cocinas_Metodo_1920px_35<\/desc>\n<path d=\"M15.232 3.328h10.112v10.112l-3.2-3.968-4.672 4.864-3.2-3.2 4.864-4.672zM7.872 17.536l3.2 3.2-4.864 4.672 3.904 3.2h-10.112v-10.112l3.2 3.904z\"><\/path>\n<\/svg><\/a><\/div><\/div><\/div><\/div>\n<p><img loading=\"lazy\" decoding=\"async\" class=\"alignnone size-full wp-image-3944\" src=\"https:\/\/cocinasmetodo.es\/wp-content\/uploads\/2022\/07\/saitra-accesorios-KESSEBOHMER-PURE-3.jpg\" alt=\"\" width=\"1500\" height=\"1000\" srcset=\"https:\/\/cocinasmetodo.es\/wp-content\/uploads\/2022\/07\/saitra-accesorios-KESSEBOHMER-PURE-3.jpg 1500w, https:\/\/cocinasmetodo.es\/wp-content\/uploads\/2022\/07\/saitra-accesorios-KESSEBOHMER-PURE-3-300x200.jpg 300w, https:\/\/cocinasmetodo.es\/wp-content\/uploads\/2022\/07\/saitra-accesorios-KESSEBOHMER-PURE-3-1030x687.jpg 1030w, https:\/\/cocinasmetodo.es\/wp-content\/uploads\/2022\/07\/saitra-accesorios-KESSEBOHMER-PURE-3-768x512.jpg 768w, https:\/\/cocinasmetodo.es\/wp-content\/uploads\/2022\/07\/saitra-accesorios-KESSEBOHMER-PURE-3-705x470.jpg 705w, https:\/\/cocinasmetodo.es\/wp-content\/uploads\/2022\/07\/saitra-accesorios-KESSEBOHMER-PURE-3-918x612.jpg 918w, https:\/\/cocinasmetodo.es\/wp-content\/uploads\/2022\/07\/saitra-accesorios-KESSEBOHMER-PURE-3-1200x800.jpg 1200w\" sizes=\"auto, (max-width: 1500px) 100vw, 1500px\" \/><\/p>\n<h3>Organisateurs pour casseroles et po\u00eales<\/h3>\n<p>Les grandes casseroles et po\u00eales occupent souvent un espace pr\u00e9cieux dans les placards. Mais gr\u00e2ce \u00e0 nos organisateurs de tiroirs, vous pouvez les ranger efficacement et y acc\u00e9der facilement.<\/p>\n<p><div  class='flex_column av-1ank39d-4e42467a8b7b67b4d0a4bc6b4fe6ec6e av_one_half  avia-builder-el-2  el_after_av_horizontal_gallery  el_before_av_one_half  avia-builder-el-first  first flex_column_div  '     ><p><img loading=\"lazy\" decoding=\"async\" class=\"alignnone size-full wp-image-12613\" src=\"https:\/\/cocinasmetodo.es\/wp-content\/uploads\/2025\/01\/metodo-accesorios-Botellero-BOTKB.jpg\" alt=\"\" width=\"545\" height=\"770\" srcset=\"https:\/\/cocinasmetodo.es\/wp-content\/uploads\/2025\/01\/metodo-accesorios-Botellero-BOTKB.jpg 545w, https:\/\/cocinasmetodo.es\/wp-content\/uploads\/2025\/01\/metodo-accesorios-Botellero-BOTKB-212x300.jpg 212w, https:\/\/cocinasmetodo.es\/wp-content\/uploads\/2025\/01\/metodo-accesorios-Botellero-BOTKB-499x705.jpg 499w\" sizes=\"auto, (max-width: 545px) 100vw, 545px\" \/><\/p><\/div><div  class='flex_column av-ntxwg1-429782b56b9cd2cb86100a85e74158e1 av_one_half  avia-builder-el-3  el_after_av_one_half  el_before_av_buttonrow  flex_column_div  '     ><p><img loading=\"lazy\" decoding=\"async\" class=\"alignnone size-full wp-image-12615\" src=\"https:\/\/cocinasmetodo.es\/wp-content\/uploads\/2025\/01\/metodo-accesorios-Panero-PANSA.jpg\" alt=\"\" width=\"545\" height=\"770\" srcset=\"https:\/\/cocinasmetodo.es\/wp-content\/uploads\/2025\/01\/metodo-accesorios-Panero-PANSA.jpg 545w, https:\/\/cocinasmetodo.es\/wp-content\/uploads\/2025\/01\/metodo-accesorios-Panero-PANSA-212x300.jpg 212w, https:\/\/cocinasmetodo.es\/wp-content\/uploads\/2025\/01\/metodo-accesorios-Panero-PANSA-499x705.jpg 499w\" sizes=\"auto, (max-width: 545px) 100vw, 545px\" \/><\/p><\/div><\/p>\n<h3>Porte-bouteilles ou corbeille \u00e0 pain : rangement configurable<\/h3>\n<p><strong>Stocker des bouteilles ou du pain peut s&rsquo;av\u00e9rer difficile si l&rsquo;on ne dispose pas d&rsquo;un syst\u00e8me adapt\u00e9. C&rsquo;est pourquoi<\/strong> nous proposons des options de stockage configurables pour r\u00e9pondre aux besoins de chaque cuisine. Qu&rsquo;il s&rsquo;agisse de bouteilles de vin, d&rsquo;huiles ou de pain, vous pouvez personnaliser les espaces de rangement pour tirer le meilleur parti de chaque recoin.<\/p>\n<p><img loading=\"lazy\" decoding=\"async\" class=\"alignnone size-full wp-image-10579\" src=\"https:\/\/cocinasmetodo.es\/wp-content\/uploads\/2024\/07\/metodo-cocina-modelo-162-305-2.jpg\" alt=\"\" width=\"1667\" height=\"2000\" srcset=\"https:\/\/cocinasmetodo.es\/wp-content\/uploads\/2024\/07\/metodo-cocina-modelo-162-305-2.jpg 1667w, https:\/\/cocinasmetodo.es\/wp-content\/uploads\/2024\/07\/metodo-cocina-modelo-162-305-2-250x300.jpg 250w, https:\/\/cocinasmetodo.es\/wp-content\/uploads\/2024\/07\/metodo-cocina-modelo-162-305-2-859x1030.jpg 859w, https:\/\/cocinasmetodo.es\/wp-content\/uploads\/2024\/07\/metodo-cocina-modelo-162-305-2-768x921.jpg 768w, https:\/\/cocinasmetodo.es\/wp-content\/uploads\/2024\/07\/metodo-cocina-modelo-162-305-2-1280x1536.jpg 1280w, https:\/\/cocinasmetodo.es\/wp-content\/uploads\/2024\/07\/metodo-cocina-modelo-162-305-2-1250x1500.jpg 1250w, https:\/\/cocinasmetodo.es\/wp-content\/uploads\/2024\/07\/metodo-cocina-modelo-162-305-2-588x705.jpg 588w, https:\/\/cocinasmetodo.es\/wp-content\/uploads\/2024\/07\/metodo-cocina-modelo-162-305-2-600x720-600x720.jpg 600w, https:\/\/cocinasmetodo.es\/wp-content\/uploads\/2024\/07\/metodo-cocina-modelo-162-305-2-1020x1224-1020x1224.jpg 1020w, https:\/\/cocinasmetodo.es\/wp-content\/uploads\/2024\/07\/metodo-cocina-modelo-162-305-2-1200x1440.jpg 1200w\" sizes=\"auto, (max-width: 1667px) 100vw, 1667px\" \/><\/p>\n<h3>Les alli\u00e9s parfaits pour les virages d\u00e9licats<\/h3>\n<p>Les angles sont l&rsquo;une des zones les plus difficiles \u00e0 organiser dans une cuisine. Les accessoires tels que les <strong>tiroirs coulissants permettent d&rsquo;acc\u00e9der facilement \u00e0 tous les ustensiles et outils rang\u00e9s dans les parties les plus cach\u00e9es des placards.<\/strong><\/p>\n<p><img loading=\"lazy\" decoding=\"async\" class=\"alignnone size-full wp-image-5331\" src=\"https:\/\/cocinasmetodo.es\/wp-content\/uploads\/2023\/03\/metodo-cocina-modelo-670-2.jpg\" alt=\"\" width=\"1600\" height=\"2000\" srcset=\"https:\/\/cocinasmetodo.es\/wp-content\/uploads\/2023\/03\/metodo-cocina-modelo-670-2.jpg 1600w, https:\/\/cocinasmetodo.es\/wp-content\/uploads\/2023\/03\/metodo-cocina-modelo-670-2-240x300.jpg 240w, https:\/\/cocinasmetodo.es\/wp-content\/uploads\/2023\/03\/metodo-cocina-modelo-670-2-824x1030.jpg 824w, https:\/\/cocinasmetodo.es\/wp-content\/uploads\/2023\/03\/metodo-cocina-modelo-670-2-768x960.jpg 768w, https:\/\/cocinasmetodo.es\/wp-content\/uploads\/2023\/03\/metodo-cocina-modelo-670-2-1229x1536.jpg 1229w, https:\/\/cocinasmetodo.es\/wp-content\/uploads\/2023\/03\/metodo-cocina-modelo-670-2-1200x1500-1200x1500.jpg 1200w, https:\/\/cocinasmetodo.es\/wp-content\/uploads\/2023\/03\/metodo-cocina-modelo-670-2-564x705.jpg 564w, https:\/\/cocinasmetodo.es\/wp-content\/uploads\/2023\/03\/metodo-cocina-modelo-670-2-600x750.jpg 600w\" sizes=\"auto, (max-width: 1600px) 100vw, 1600px\" \/><\/p>\n<h3>Comment am\u00e9liorer votre cuisine gr\u00e2ce \u00e0 la technologie du stockage ?<\/h3>\n<p>Organiser, ce n&rsquo;est pas seulement avoir de l&rsquo;espace, c&rsquo;est aussi savoir en tirer le meilleur parti. Gr\u00e2ce \u00e0 l&rsquo;\u00e9volution des accessoires et des syst\u00e8mes de rangement, il n&rsquo;est plus n\u00e9cessaire de sacrifier l&rsquo;esth\u00e9tique \u00e0 la fonctionnalit\u00e9. <strong>En int\u00e9grant des solutions innovantes, telles que des armoires coulissantes, des range-couverts modulaires ou des tiroirs coulissants, chaque recoin de votre cuisine peut devenir un lieu organis\u00e9 et accessible.<\/strong><\/p>\n<p>Si vous avez d\u00e9j\u00e0 eu du mal \u00e0 organiser votre cuisine, vous savez \u00e0 quel point il est important d&rsquo;avoir le bon \u00e9quipement. Chez M\u00e9todo, <strong>notre objectif est de vous aider \u00e0 cr\u00e9er une cuisine qui r\u00e9ponde \u00e0 vos besoins quotidiens, en am\u00e9liorant la fonctionnalit\u00e9 sans compromettre le style<\/strong> &#8211; faites de votre cuisine un espace efficace et pratique gr\u00e2ce \u00e0 nos solutions de rangement !<\/p>\n<p><img loading=\"lazy\" decoding=\"async\" class=\"alignnone size-full wp-image-5333\" src=\"https:\/\/cocinasmetodo.es\/wp-content\/uploads\/2023\/03\/metodo-cocina-modelo-670-3.jpg\" alt=\"\" width=\"2000\" height=\"1750\" srcset=\"https:\/\/cocinasmetodo.es\/wp-content\/uploads\/2023\/03\/metodo-cocina-modelo-670-3.jpg 2000w, https:\/\/cocinasmetodo.es\/wp-content\/uploads\/2023\/03\/metodo-cocina-modelo-670-3-300x263.jpg 300w, https:\/\/cocinasmetodo.es\/wp-content\/uploads\/2023\/03\/metodo-cocina-modelo-670-3-1030x901.jpg 1030w, https:\/\/cocinasmetodo.es\/wp-content\/uploads\/2023\/03\/metodo-cocina-modelo-670-3-768x672.jpg 768w, https:\/\/cocinasmetodo.es\/wp-content\/uploads\/2023\/03\/metodo-cocina-modelo-670-3-1536x1344.jpg 1536w, https:\/\/cocinasmetodo.es\/wp-content\/uploads\/2023\/03\/metodo-cocina-modelo-670-3-1500x1313.jpg 1500w, https:\/\/cocinasmetodo.es\/wp-content\/uploads\/2023\/03\/metodo-cocina-modelo-670-3-705x617.jpg 705w\" sizes=\"auto, (max-width: 2000px) 100vw, 2000px\" \/><\/p>\n<p><img loading=\"lazy\" decoding=\"async\" class=\"alignnone size-full wp-image-12555\" src=\"https:\/\/cocinasmetodo.es\/wp-content\/uploads\/2025\/01\/metodo-cocina-modelo-156-157-3.jpg\" alt=\"\" width=\"1778\" height=\"2000\" srcset=\"https:\/\/cocinasmetodo.es\/wp-content\/uploads\/2025\/01\/metodo-cocina-modelo-156-157-3.jpg 1778w, https:\/\/cocinasmetodo.es\/wp-content\/uploads\/2025\/01\/metodo-cocina-modelo-156-157-3-267x300.jpg 267w, https:\/\/cocinasmetodo.es\/wp-content\/uploads\/2025\/01\/metodo-cocina-modelo-156-157-3-916x1030.jpg 916w, https:\/\/cocinasmetodo.es\/wp-content\/uploads\/2025\/01\/metodo-cocina-modelo-156-157-3-768x864.jpg 768w, https:\/\/cocinasmetodo.es\/wp-content\/uploads\/2025\/01\/metodo-cocina-modelo-156-157-3-1366x1536.jpg 1366w, https:\/\/cocinasmetodo.es\/wp-content\/uploads\/2025\/01\/metodo-cocina-modelo-156-157-3-1334x1500.jpg 1334w, https:\/\/cocinasmetodo.es\/wp-content\/uploads\/2025\/01\/metodo-cocina-modelo-156-157-3-627x705.jpg 627w, https:\/\/cocinasmetodo.es\/wp-content\/uploads\/2025\/01\/metodo-cocina-modelo-156-157-3-1026x1154-1026x1154-1026x1154-1026x1154-1026x1154.jpg 1026w\" sizes=\"auto, (max-width: 1778px) 100vw, 1778px\" \/><\/p>\n<hr \/>\n<p>&nbsp;<\/p>\n<div  class='avia-buttonrow-wrap av-1y6twi-3e7ea6a37514e6a4fd51ac3049db817d avia-buttonrow-center  avia-builder-el-4  el_after_av_one_half  avia-builder-el-last '>\n\n<style type=\"text\/css\" data-created_by=\"avia_inline_auto\" id=\"style-css-av-kwnf4ref-d3eeec7100204f0ca80f01b6bc691e05\">\n#top #wrap_all .avia-button.av-kwnf4ref-d3eeec7100204f0ca80f01b6bc691e05{\nmargin-bottom:5px;\nmargin-right:3px;\nmargin-left:3px;\n}\n<\/style>\n<a href='https:\/\/cocinasmetodo.es\/fr\/contacto\/'  class='avia-button av-kwnf4ref-d3eeec7100204f0ca80f01b6bc691e05 avia-icon_select-no avia-size-medium avia-color-theme-color'   aria-label=\"AVEZ-VOUS BESOIN D\u2019UN BUDGET ?\"><span class='avia_iconbox_title' >AVEZ-VOUS BESOIN D\u2019UN BUDGET ?<\/span><\/a>\n\n<style type=\"text\/css\" data-created_by=\"avia_inline_auto\" id=\"style-css-av-kwnf5nlq-6dbd4570cc2c7a1e56ae090b5c0c7c19\">\n#top #wrap_all .avia-button.av-kwnf5nlq-6dbd4570cc2c7a1e56ae090b5c0c7c19{\nmargin-bottom:5px;\nmargin-right:3px;\nmargin-left:3px;\n}\n<\/style>\n<a href='https:\/\/cocinasmetodo.es\/fr\/contacto\/'  class='avia-button av-kwnf5nlq-6dbd4570cc2c7a1e56ae090b5c0c7c19 avia-icon_select-no avia-size-medium avia-color-theme-color'   aria-label=\"VOUS SOUHAITEZ PUBLIER UN PROJET ?\"><span class='avia_iconbox_title' >VOUS SOUHAITEZ PUBLIER UN PROJET ?<\/span><\/a>\n\n<style type=\"text\/css\" data-created_by=\"avia_inline_auto\" id=\"style-css-av-kwnf6k50-f59a5da67a3da632c0ff8e5d2e0607ec\">\n#top #wrap_all .avia-button.av-kwnf6k50-f59a5da67a3da632c0ff8e5d2e0607ec{\nmargin-bottom:5px;\nmargin-right:3px;\nmargin-left:3px;\n}\n<\/style>\n<a href='https:\/\/cocinasmetodo.es\/fr\/contacto\/'  class='avia-button av-kwnf6k50-f59a5da67a3da632c0ff8e5d2e0607ec avia-icon_select-no avia-size-medium avia-color-theme-color'   aria-label=\"VOUS VOULEZ VOIR UNE CUISINE M\u00c9THODE?\"><span class='avia_iconbox_title' >VOUS VOULEZ VOIR UNE CUISINE M\u00c9THODE?<\/span><\/a>\n<\/div>\n","protected":false},"excerpt":{"rendered":"<p>La cuisine est l&rsquo;un des espaces les plus fr\u00e9quent\u00e9s de la maison et son organisation est essentielle pour optimiser le temps et les ressources au quotidien. Cependant, l&rsquo;un des dilemmes les plus fr\u00e9quents est de savoir comment organiser efficacement tous ces ustensiles, casseroles, po\u00eales, \u00e9pices et outils de cuisine. Comment obtenir un espace o\u00f9 chaque chose a sa place et est facile d&rsquo;acc\u00e8s ?<\/p>\n","protected":false},"author":1,"featured_media":12556,"comment_status":"open","ping_status":"open","sticky":false,"template":"","format":"standard","meta":{"footnotes":""},"categories":[52,53],"tags":[75,290,291,412,77],"class_list":["post-13049","post","type-post","status-publish","format-standard","has-post-thumbnail","hentry","category-accesoires","category-cuisines","tag-accesorios-cocina-fr","tag-armarios-cocina-fr","tag-cajones-cocinas-fr","tag-organizacion-fr","tag-organizacion-cocina-fr"],"yoast_head":"<!-- This site is optimized with the Yoast SEO plugin v27.2 - https:\/\/yoast.com\/product\/yoast-seo-wordpress\/ -->\n<title>Des solutions pratiques pour une cuisine plus fonctionnelle - m\u00e9todo<\/title>\n<meta name=\"description\" content=\"La cuisine est l&#039;un des espaces les plus fr\u00e9quent\u00e9s de la maison et son organisation est essentielle pour optimiser le temps et les ressources au quotidien. Cependant, l&#039;un des dilemmes les plus fr\u00e9quents est de savoir comment organiser efficacement tous ces ustensiles, casseroles, po\u00eales, \u00e9pices et outils de cuisine. Comment obtenir un espace o\u00f9 chaque chose a sa place et est facile d&#039;acc\u00e8s ?\" \/>\n<meta name=\"robots\" content=\"index, follow, max-snippet:-1, max-image-preview:large, max-video-preview:-1\" \/>\n<link rel=\"canonical\" href=\"https:\/\/cocinasmetodo.es\/fr\/des-solutions-pratiques-pour-une-cuisine-plus-fonctionnelle\/\" \/>\n<meta property=\"og:locale\" content=\"fr_FR\" \/>\n<meta property=\"og:type\" content=\"article\" \/>\n<meta property=\"og:title\" content=\"Des solutions pratiques pour une cuisine plus fonctionnelle - m\u00e9todo\" \/>\n<meta property=\"og:description\" content=\"La cuisine est l&#039;un des espaces les plus fr\u00e9quent\u00e9s de la maison et son organisation est essentielle pour optimiser le temps et les ressources au quotidien. Cependant, l&#039;un des dilemmes les plus fr\u00e9quents est de savoir comment organiser efficacement tous ces ustensiles, casseroles, po\u00eales, \u00e9pices et outils de cuisine. Comment obtenir un espace o\u00f9 chaque chose a sa place et est facile d&#039;acc\u00e8s ?\" \/>\n<meta property=\"og:url\" content=\"https:\/\/cocinasmetodo.es\/fr\/des-solutions-pratiques-pour-une-cuisine-plus-fonctionnelle\/\" \/>\n<meta property=\"og:site_name\" content=\"m\u00e9todo\" \/>\n<meta property=\"article:published_time\" content=\"2025-03-11T11:49:46+00:00\" \/>\n<meta property=\"og:image\" content=\"https:\/\/cocinasmetodo.es\/wp-content\/uploads\/2025\/01\/metodo-cocina-modelo-156-157-3.jpg\" \/>\n\t<meta property=\"og:image:width\" content=\"1778\" \/>\n\t<meta property=\"og:image:height\" content=\"2000\" \/>\n\t<meta property=\"og:image:type\" content=\"image\/jpeg\" \/>\n<meta name=\"author\" content=\"admin\" \/>\n<meta name=\"twitter:card\" content=\"summary_large_image\" \/>\n<meta name=\"twitter:label1\" content=\"\u00c9crit par\" \/>\n\t<meta name=\"twitter:data1\" content=\"admin\" \/>\n\t<meta name=\"twitter:label2\" content=\"Dur\u00e9e de lecture estim\u00e9e\" \/>\n\t<meta name=\"twitter:data2\" content=\"5 minutes\" \/>\n<script type=\"application\/ld+json\" class=\"yoast-schema-graph\">{\"@context\":\"https:\/\/schema.org\",\"@graph\":[{\"@type\":\"Article\",\"@id\":\"https:\/\/cocinasmetodo.es\/fr\/des-solutions-pratiques-pour-une-cuisine-plus-fonctionnelle\/#article\",\"isPartOf\":{\"@id\":\"https:\/\/cocinasmetodo.es\/fr\/des-solutions-pratiques-pour-une-cuisine-plus-fonctionnelle\/\"},\"author\":{\"name\":\"admin\",\"@id\":\"https:\/\/cocinasmetodo.es\/#\/schema\/person\/cf74899f07207d3cb6021e2e6f17241f\"},\"headline\":\"Des solutions pratiques pour une cuisine plus fonctionnelle\",\"datePublished\":\"2025-03-11T11:49:46+00:00\",\"mainEntityOfPage\":{\"@id\":\"https:\/\/cocinasmetodo.es\/fr\/des-solutions-pratiques-pour-une-cuisine-plus-fonctionnelle\/\"},\"wordCount\":1295,\"commentCount\":0,\"publisher\":{\"@id\":\"https:\/\/cocinasmetodo.es\/#organization\"},\"image\":{\"@id\":\"https:\/\/cocinasmetodo.es\/fr\/des-solutions-pratiques-pour-une-cuisine-plus-fonctionnelle\/#primaryimage\"},\"thumbnailUrl\":\"https:\/\/cocinasmetodo.es\/wp-content\/uploads\/2025\/01\/metodo-cocina-modelo-156-157-3.jpg\",\"keywords\":[\"accesorios cocina\",\"armarios cocina\",\"cajones cocinas\",\"organizaci\u00f3n\",\"organizaci\u00f3n cocina\"],\"articleSection\":[\"Accesoires\",\"Cuisines\"],\"inLanguage\":\"fr-FR\",\"potentialAction\":[{\"@type\":\"CommentAction\",\"name\":\"Comment\",\"target\":[\"https:\/\/cocinasmetodo.es\/fr\/des-solutions-pratiques-pour-une-cuisine-plus-fonctionnelle\/#respond\"]}]},{\"@type\":\"WebPage\",\"@id\":\"https:\/\/cocinasmetodo.es\/fr\/des-solutions-pratiques-pour-une-cuisine-plus-fonctionnelle\/\",\"url\":\"https:\/\/cocinasmetodo.es\/fr\/des-solutions-pratiques-pour-une-cuisine-plus-fonctionnelle\/\",\"name\":\"Des solutions pratiques pour une cuisine plus fonctionnelle - m\u00e9todo\",\"isPartOf\":{\"@id\":\"https:\/\/cocinasmetodo.es\/#website\"},\"primaryImageOfPage\":{\"@id\":\"https:\/\/cocinasmetodo.es\/fr\/des-solutions-pratiques-pour-une-cuisine-plus-fonctionnelle\/#primaryimage\"},\"image\":{\"@id\":\"https:\/\/cocinasmetodo.es\/fr\/des-solutions-pratiques-pour-une-cuisine-plus-fonctionnelle\/#primaryimage\"},\"thumbnailUrl\":\"https:\/\/cocinasmetodo.es\/wp-content\/uploads\/2025\/01\/metodo-cocina-modelo-156-157-3.jpg\",\"datePublished\":\"2025-03-11T11:49:46+00:00\",\"description\":\"La cuisine est l'un des espaces les plus fr\u00e9quent\u00e9s de la maison et son organisation est essentielle pour optimiser le temps et les ressources au quotidien. Cependant, l'un des dilemmes les plus fr\u00e9quents est de savoir comment organiser efficacement tous ces ustensiles, casseroles, po\u00eales, \u00e9pices et outils de cuisine. Comment obtenir un espace o\u00f9 chaque chose a sa place et est facile d'acc\u00e8s ?\",\"breadcrumb\":{\"@id\":\"https:\/\/cocinasmetodo.es\/fr\/des-solutions-pratiques-pour-une-cuisine-plus-fonctionnelle\/#breadcrumb\"},\"inLanguage\":\"fr-FR\",\"potentialAction\":[{\"@type\":\"ReadAction\",\"target\":[\"https:\/\/cocinasmetodo.es\/fr\/des-solutions-pratiques-pour-une-cuisine-plus-fonctionnelle\/\"]}]},{\"@type\":\"ImageObject\",\"inLanguage\":\"fr-FR\",\"@id\":\"https:\/\/cocinasmetodo.es\/fr\/des-solutions-pratiques-pour-une-cuisine-plus-fonctionnelle\/#primaryimage\",\"url\":\"https:\/\/cocinasmetodo.es\/wp-content\/uploads\/2025\/01\/metodo-cocina-modelo-156-157-3.jpg\",\"contentUrl\":\"https:\/\/cocinasmetodo.es\/wp-content\/uploads\/2025\/01\/metodo-cocina-modelo-156-157-3.jpg\",\"width\":1778,\"height\":2000},{\"@type\":\"BreadcrumbList\",\"@id\":\"https:\/\/cocinasmetodo.es\/fr\/des-solutions-pratiques-pour-une-cuisine-plus-fonctionnelle\/#breadcrumb\",\"itemListElement\":[{\"@type\":\"ListItem\",\"position\":1,\"name\":\"Portada\",\"item\":\"https:\/\/cocinasmetodo.es\/fr\/\"},{\"@type\":\"ListItem\",\"position\":2,\"name\":\"Des solutions pratiques pour une cuisine plus fonctionnelle\"}]},{\"@type\":\"WebSite\",\"@id\":\"https:\/\/cocinasmetodo.es\/#website\",\"url\":\"https:\/\/cocinasmetodo.es\/\",\"name\":\"m\u00e9todo\",\"description\":\"Daily Kitchens\",\"publisher\":{\"@id\":\"https:\/\/cocinasmetodo.es\/#organization\"},\"potentialAction\":[{\"@type\":\"SearchAction\",\"target\":{\"@type\":\"EntryPoint\",\"urlTemplate\":\"https:\/\/cocinasmetodo.es\/?s={search_term_string}\"},\"query-input\":{\"@type\":\"PropertyValueSpecification\",\"valueRequired\":true,\"valueName\":\"search_term_string\"}}],\"inLanguage\":\"fr-FR\"},{\"@type\":\"Organization\",\"@id\":\"https:\/\/cocinasmetodo.es\/#organization\",\"name\":\"m\u00e9todo\",\"url\":\"https:\/\/cocinasmetodo.es\/\",\"logo\":{\"@type\":\"ImageObject\",\"inLanguage\":\"fr-FR\",\"@id\":\"https:\/\/cocinasmetodo.es\/#\/schema\/logo\/image\/\",\"url\":\"https:\/\/cocinasmetodo.es\/wp-content\/uploads\/2021\/05\/logoweb.png\",\"contentUrl\":\"https:\/\/cocinasmetodo.es\/wp-content\/uploads\/2021\/05\/logoweb.png\",\"width\":1000,\"height\":528,\"caption\":\"m\u00e9todo\"},\"image\":{\"@id\":\"https:\/\/cocinasmetodo.es\/#\/schema\/logo\/image\/\"}},{\"@type\":\"Person\",\"@id\":\"https:\/\/cocinasmetodo.es\/#\/schema\/person\/cf74899f07207d3cb6021e2e6f17241f\",\"name\":\"admin\",\"image\":{\"@type\":\"ImageObject\",\"inLanguage\":\"fr-FR\",\"@id\":\"https:\/\/secure.gravatar.com\/avatar\/f81daeca33be8da0842690f149bc1081f003f3840397028f3faabf244c06927a?s=96&d=mm&r=g\",\"url\":\"https:\/\/secure.gravatar.com\/avatar\/f81daeca33be8da0842690f149bc1081f003f3840397028f3faabf244c06927a?s=96&d=mm&r=g\",\"contentUrl\":\"https:\/\/secure.gravatar.com\/avatar\/f81daeca33be8da0842690f149bc1081f003f3840397028f3faabf244c06927a?s=96&d=mm&r=g\",\"caption\":\"admin\"},\"sameAs\":[\"https:\/\/cocinasmetodo.es\/website2021\"]}]}<\/script>\n<!-- \/ Yoast SEO plugin. -->","yoast_head_json":{"title":"Des solutions pratiques pour une cuisine plus fonctionnelle - m\u00e9todo","description":"La cuisine est l'un des espaces les plus fr\u00e9quent\u00e9s de la maison et son organisation est essentielle pour optimiser le temps et les ressources au quotidien. Cependant, l'un des dilemmes les plus fr\u00e9quents est de savoir comment organiser efficacement tous ces ustensiles, casseroles, po\u00eales, \u00e9pices et outils de cuisine. Comment obtenir un espace o\u00f9 chaque chose a sa place et est facile d'acc\u00e8s ?","robots":{"index":"index","follow":"follow","max-snippet":"max-snippet:-1","max-image-preview":"max-image-preview:large","max-video-preview":"max-video-preview:-1"},"canonical":"https:\/\/cocinasmetodo.es\/fr\/des-solutions-pratiques-pour-une-cuisine-plus-fonctionnelle\/","og_locale":"fr_FR","og_type":"article","og_title":"Des solutions pratiques pour une cuisine plus fonctionnelle - m\u00e9todo","og_description":"La cuisine est l'un des espaces les plus fr\u00e9quent\u00e9s de la maison et son organisation est essentielle pour optimiser le temps et les ressources au quotidien. Cependant, l'un des dilemmes les plus fr\u00e9quents est de savoir comment organiser efficacement tous ces ustensiles, casseroles, po\u00eales, \u00e9pices et outils de cuisine. Comment obtenir un espace o\u00f9 chaque chose a sa place et est facile d'acc\u00e8s ?","og_url":"https:\/\/cocinasmetodo.es\/fr\/des-solutions-pratiques-pour-une-cuisine-plus-fonctionnelle\/","og_site_name":"m\u00e9todo","article_published_time":"2025-03-11T11:49:46+00:00","og_image":[{"width":1778,"height":2000,"url":"https:\/\/cocinasmetodo.es\/wp-content\/uploads\/2025\/01\/metodo-cocina-modelo-156-157-3.jpg","type":"image\/jpeg"}],"author":"admin","twitter_card":"summary_large_image","twitter_misc":{"\u00c9crit par":"admin","Dur\u00e9e de lecture estim\u00e9e":"5 minutes"},"schema":{"@context":"https:\/\/schema.org","@graph":[{"@type":"Article","@id":"https:\/\/cocinasmetodo.es\/fr\/des-solutions-pratiques-pour-une-cuisine-plus-fonctionnelle\/#article","isPartOf":{"@id":"https:\/\/cocinasmetodo.es\/fr\/des-solutions-pratiques-pour-une-cuisine-plus-fonctionnelle\/"},"author":{"name":"admin","@id":"https:\/\/cocinasmetodo.es\/#\/schema\/person\/cf74899f07207d3cb6021e2e6f17241f"},"headline":"Des solutions pratiques pour une cuisine plus fonctionnelle","datePublished":"2025-03-11T11:49:46+00:00","mainEntityOfPage":{"@id":"https:\/\/cocinasmetodo.es\/fr\/des-solutions-pratiques-pour-une-cuisine-plus-fonctionnelle\/"},"wordCount":1295,"commentCount":0,"publisher":{"@id":"https:\/\/cocinasmetodo.es\/#organization"},"image":{"@id":"https:\/\/cocinasmetodo.es\/fr\/des-solutions-pratiques-pour-une-cuisine-plus-fonctionnelle\/#primaryimage"},"thumbnailUrl":"https:\/\/cocinasmetodo.es\/wp-content\/uploads\/2025\/01\/metodo-cocina-modelo-156-157-3.jpg","keywords":["accesorios cocina","armarios cocina","cajones cocinas","organizaci\u00f3n","organizaci\u00f3n cocina"],"articleSection":["Accesoires","Cuisines"],"inLanguage":"fr-FR","potentialAction":[{"@type":"CommentAction","name":"Comment","target":["https:\/\/cocinasmetodo.es\/fr\/des-solutions-pratiques-pour-une-cuisine-plus-fonctionnelle\/#respond"]}]},{"@type":"WebPage","@id":"https:\/\/cocinasmetodo.es\/fr\/des-solutions-pratiques-pour-une-cuisine-plus-fonctionnelle\/","url":"https:\/\/cocinasmetodo.es\/fr\/des-solutions-pratiques-pour-une-cuisine-plus-fonctionnelle\/","name":"Des solutions pratiques pour une cuisine plus fonctionnelle - m\u00e9todo","isPartOf":{"@id":"https:\/\/cocinasmetodo.es\/#website"},"primaryImageOfPage":{"@id":"https:\/\/cocinasmetodo.es\/fr\/des-solutions-pratiques-pour-une-cuisine-plus-fonctionnelle\/#primaryimage"},"image":{"@id":"https:\/\/cocinasmetodo.es\/fr\/des-solutions-pratiques-pour-une-cuisine-plus-fonctionnelle\/#primaryimage"},"thumbnailUrl":"https:\/\/cocinasmetodo.es\/wp-content\/uploads\/2025\/01\/metodo-cocina-modelo-156-157-3.jpg","datePublished":"2025-03-11T11:49:46+00:00","description":"La cuisine est l'un des espaces les plus fr\u00e9quent\u00e9s de la maison et son organisation est essentielle pour optimiser le temps et les ressources au quotidien. Cependant, l'un des dilemmes les plus fr\u00e9quents est de savoir comment organiser efficacement tous ces ustensiles, casseroles, po\u00eales, \u00e9pices et outils de cuisine. Comment obtenir un espace o\u00f9 chaque chose a sa place et est facile d'acc\u00e8s ?","breadcrumb":{"@id":"https:\/\/cocinasmetodo.es\/fr\/des-solutions-pratiques-pour-une-cuisine-plus-fonctionnelle\/#breadcrumb"},"inLanguage":"fr-FR","potentialAction":[{"@type":"ReadAction","target":["https:\/\/cocinasmetodo.es\/fr\/des-solutions-pratiques-pour-une-cuisine-plus-fonctionnelle\/"]}]},{"@type":"ImageObject","inLanguage":"fr-FR","@id":"https:\/\/cocinasmetodo.es\/fr\/des-solutions-pratiques-pour-une-cuisine-plus-fonctionnelle\/#primaryimage","url":"https:\/\/cocinasmetodo.es\/wp-content\/uploads\/2025\/01\/metodo-cocina-modelo-156-157-3.jpg","contentUrl":"https:\/\/cocinasmetodo.es\/wp-content\/uploads\/2025\/01\/metodo-cocina-modelo-156-157-3.jpg","width":1778,"height":2000},{"@type":"BreadcrumbList","@id":"https:\/\/cocinasmetodo.es\/fr\/des-solutions-pratiques-pour-une-cuisine-plus-fonctionnelle\/#breadcrumb","itemListElement":[{"@type":"ListItem","position":1,"name":"Portada","item":"https:\/\/cocinasmetodo.es\/fr\/"},{"@type":"ListItem","position":2,"name":"Des solutions pratiques pour une cuisine plus fonctionnelle"}]},{"@type":"WebSite","@id":"https:\/\/cocinasmetodo.es\/#website","url":"https:\/\/cocinasmetodo.es\/","name":"m\u00e9todo","description":"Daily Kitchens","publisher":{"@id":"https:\/\/cocinasmetodo.es\/#organization"},"potentialAction":[{"@type":"SearchAction","target":{"@type":"EntryPoint","urlTemplate":"https:\/\/cocinasmetodo.es\/?s={search_term_string}"},"query-input":{"@type":"PropertyValueSpecification","valueRequired":true,"valueName":"search_term_string"}}],"inLanguage":"fr-FR"},{"@type":"Organization","@id":"https:\/\/cocinasmetodo.es\/#organization","name":"m\u00e9todo","url":"https:\/\/cocinasmetodo.es\/","logo":{"@type":"ImageObject","inLanguage":"fr-FR","@id":"https:\/\/cocinasmetodo.es\/#\/schema\/logo\/image\/","url":"https:\/\/cocinasmetodo.es\/wp-content\/uploads\/2021\/05\/logoweb.png","contentUrl":"https:\/\/cocinasmetodo.es\/wp-content\/uploads\/2021\/05\/logoweb.png","width":1000,"height":528,"caption":"m\u00e9todo"},"image":{"@id":"https:\/\/cocinasmetodo.es\/#\/schema\/logo\/image\/"}},{"@type":"Person","@id":"https:\/\/cocinasmetodo.es\/#\/schema\/person\/cf74899f07207d3cb6021e2e6f17241f","name":"admin","image":{"@type":"ImageObject","inLanguage":"fr-FR","@id":"https:\/\/secure.gravatar.com\/avatar\/f81daeca33be8da0842690f149bc1081f003f3840397028f3faabf244c06927a?s=96&d=mm&r=g","url":"https:\/\/secure.gravatar.com\/avatar\/f81daeca33be8da0842690f149bc1081f003f3840397028f3faabf244c06927a?s=96&d=mm&r=g","contentUrl":"https:\/\/secure.gravatar.com\/avatar\/f81daeca33be8da0842690f149bc1081f003f3840397028f3faabf244c06927a?s=96&d=mm&r=g","caption":"admin"},"sameAs":["https:\/\/cocinasmetodo.es\/website2021"]}]}},"_links":{"self":[{"href":"https:\/\/cocinasmetodo.es\/fr\/wp-json\/wp\/v2\/posts\/13049","targetHints":{"allow":["GET"]}}],"collection":[{"href":"https:\/\/cocinasmetodo.es\/fr\/wp-json\/wp\/v2\/posts"}],"about":[{"href":"https:\/\/cocinasmetodo.es\/fr\/wp-json\/wp\/v2\/types\/post"}],"author":[{"embeddable":true,"href":"https:\/\/cocinasmetodo.es\/fr\/wp-json\/wp\/v2\/users\/1"}],"replies":[{"embeddable":true,"href":"https:\/\/cocinasmetodo.es\/fr\/wp-json\/wp\/v2\/comments?post=13049"}],"version-history":[{"count":2,"href":"https:\/\/cocinasmetodo.es\/fr\/wp-json\/wp\/v2\/posts\/13049\/revisions"}],"predecessor-version":[{"id":13052,"href":"https:\/\/cocinasmetodo.es\/fr\/wp-json\/wp\/v2\/posts\/13049\/revisions\/13052"}],"wp:featuredmedia":[{"embeddable":true,"href":"https:\/\/cocinasmetodo.es\/fr\/wp-json\/wp\/v2\/media\/12556"}],"wp:attachment":[{"href":"https:\/\/cocinasmetodo.es\/fr\/wp-json\/wp\/v2\/media?parent=13049"}],"wp:term":[{"taxonomy":"category","embeddable":true,"href":"https:\/\/cocinasmetodo.es\/fr\/wp-json\/wp\/v2\/categories?post=13049"},{"taxonomy":"post_tag","embeddable":true,"href":"https:\/\/cocinasmetodo.es\/fr\/wp-json\/wp\/v2\/tags?post=13049"}],"curies":[{"name":"wp","href":"https:\/\/api.w.org\/{rel}","templated":true}]}}